{"id":17962,"date":"2021-12-21T10:47:20","date_gmt":"2021-12-21T16:47:20","guid":{"rendered":"http:\/\/losperiodistas.com.mx\/portal\/?p=17962"},"modified":"2021-12-21T10:47:22","modified_gmt":"2021-12-21T16:47:22","slug":"libertad-religiosa-en-america-latina-alerta-naranja-aleteia","status":"publish","type":"post","link":"https:\/\/losperiodistas.com.mx\/portal\/libertad-religiosa-en-america-latina-alerta-naranja-aleteia\/","title":{"rendered":"Libertad religiosa en Am\u00e9rica Latina: \u00abAlerta naranja\u00bb | Aleteia"},"content":{"rendered":"\n<p style=\"font-size:18px\"><em>Am\u00e9rica Latina duerme con un ojo abierto y el otro cerrado con respecto a la libertad religiosa, que peligra. Formas sofisticadas y hasta disimuladas, pero no menos amenazantes contra su vigencia<\/em><\/p>\n\n\n\n<p><\/p>\n\n\n\n<figure class=\"wp-block-image size-large\"><img fetchpriority=\"high\" decoding=\"async\" width=\"1024\" height=\"574\" src=\"https:\/\/losperiodistas.com.mx\/portal\/wp-content\/uploads\/2021\/12\/Captura-de-Pantalla-2021-12-21-a-las-10.42.43-1024x574.png\" alt=\"\" class=\"wp-image-17963\" srcset=\"https:\/\/losperiodistas.com.mx\/portal\/wp-content\/uploads\/2021\/12\/Captura-de-Pantalla-2021-12-21-a-las-10.42.43-1024x574.png 1024w, https:\/\/losperiodistas.com.mx\/portal\/wp-content\/uploads\/2021\/12\/Captura-de-Pantalla-2021-12-21-a-las-10.42.43-300x168.png 300w, https:\/\/losperiodistas.com.mx\/portal\/wp-content\/uploads\/2021\/12\/Captura-de-Pantalla-2021-12-21-a-las-10.42.43-768x431.png 768w, https:\/\/losperiodistas.com.mx\/portal\/wp-content\/uploads\/2021\/12\/Captura-de-Pantalla-2021-12-21-a-las-10.42.43.png 1238w\" sizes=\"(max-width: 1024px) 100vw, 1024px\" \/><figcaption>INTI OCON \/ AFP<\/figcaption><\/figure>\n\n\n\n<p><\/p>\n\n\n\n<p class=\"has-vivid-cyan-blue-color has-text-color has-medium-font-size\">MACKY ARENAS \/ ALETEIA<\/p>\n\n\n\n<p>La defensa de la libertad y los derechos de la persona humana son un asunto de todos los d\u00edas. Siempre est\u00e1n en riesgo y todos los esfuerzos son pocos por preservarlos y defenderlos para el leg\u00edtimo disfrute de una condici\u00f3n que nos&nbsp;caracteriza: la opci\u00f3n por creer y practicar libremente aquello que profesamos.<\/p>\n\n\n\n<p>Ya sabemos que ello no ocurre en buena parte de los pa\u00edses del mundo y hoy, especialmente para los cristianos, el panorama es muy muy complicado.<\/p>\n\n\n\n<h3 class=\"wp-block-heading\">La piedra angular<\/h3>\n\n\n\n<p>La libertad religiosa est\u00e1 fuertemente ligada a la libertad de conciencia. Juan Pablo II, uno de los papas \u2013si no el m\u00e1s- dedicado a proclamar la ense\u00f1anza de la Iglesia respecto al derecho a la libertad religiosa, destacaba:<\/p>\n\n\n\n<p><em>\u201cLa importancia de la libertad religiosa me lleva a afirmar de nuevo que el derecho a&nbsp; la libertad religiosa no es simplemente uno m\u00e1s entre los derechos humanos: \u00e9ste es el m\u00e1s fundamental, porque la dignidad de cada una de las personas tiene su fuente primera en la relaci\u00f3n esencial con Dios, Creador y Padre, a cuya imagen y semejanza fue creada, por lo que est\u00e1 dotado de inteligencia y libertad\u201d&nbsp;<\/em>(V Coloquio Jur\u00eddico organizado por la Pontificia Universidad Lateranense, 10 de marzo, 1984).&nbsp;<\/p>\n\n\n\n<p>M\u00e1s adelante, en el Mensaje para la Jornada Mundial de la Paz en 1991, el pont\u00edfice afirmaba:&nbsp;<strong>\u201cLa libertad religiosa, exigencia ineludible de la dignidad de cada hombre, es una piedra angular del edificio de los derechos humanos y por esto es la expresi\u00f3n m\u00e1s profunda de la libertad de conciencia\u201d.<\/strong><\/p>\n\n\n\n<p>Son premisas claras y b\u00e1sicas, indispensables para la convivencia en paz. Es dif\u00edcil reconocer y respetar otros&nbsp; derechos si cuesta aceptar que podemos pensar y creer de forma diferente. Cuando se persigue por causas religiosas est\u00e1 el camino abierto a perseguir por casi cualquier cosa. Y es lo que hoy ocurre en el mundo. Los cristianos est\u00e1n acosados, son hechos presos y hasta asesinados tan s\u00f3lo por odio a la fe. Hay lugares m\u00e1s peligrosos que otros y, sobre todo, distintas formas de perseguir y reducir. No todas son iguales ni se justifican de la misma manera. No todas son cruentas pero todas son violentas.<\/p>\n\n\n\n<h3 class=\"wp-block-heading\">No todo lo que parece, es<\/h3>\n\n\n\n<p>Cualquiera podr\u00eda pensar que nada puede ser peor que lo que ocurre en el Oriente del mundo. Y cualquiera podr\u00eda tener raz\u00f3n. El horror que viven los cat\u00f3licos chinos, o los cristianos en Nigeria o Pakist\u00e1n, o las minor\u00edas religiosas en India o las masacres contra los coptos. Y podr\u00edamos citar ejemplos de horrores que vemos reflejados a diario en nuestros reportes informativos, por cierto, no con la merecida importancia y prioridad en los espacios que este moderno holocausto exige.<\/p>\n\n\n\n<p>No obstante, hay formas sofisticadas,&nbsp; a veces silenciosas, otras desmesuradas e irreverentes, aunque no por ello menos eficaces de arremeter contra la libertad religiosa y de conciencia.<\/p>\n\n\n\n<p>Es lo que vivimos en nuestra&nbsp;<strong>Latinoam\u00e9rica<\/strong>, un continente que llamamos&nbsp;<strong>\u00abde la esperanza\u00bb<\/strong>, pero que&nbsp; viene siendo escenario de atentados movidos, igualmente, por la intolerancia y el rechazo a los derechos que todos tenemos de decidir, de creer y de proclamar.<\/p>\n\n\n\n<p>Antes de poder dormir tranquilos, en este continente debemos permanecer en alerta, con un ojo abierto y el otro cerrado, como decimos coloquialmente. Porque hay lodos lejanos que traen polvos cercanos y, si no cuidamos nuestros derechos, pronto podr\u00edamos vivir el infierno que otros soportan hoy.<\/p>\n\n\n\n<p>Existe la sensaci\u00f3n de que este a\u00f1o 2021 ha sido algo m\u00e1s benigno en materia de atentados contra la libertad religiosa. Que la quema de&nbsp;<strong>Iglesias en Chile<\/strong>&nbsp;o los ataques contra sacerdotes en M\u00e9xico. Tambi\u00e9n ataques a la Iglesia en Bolivia. O las ofensas verbales de Maduro y Ortega contra prelados de la Iglesia cat\u00f3lica. O las profanaciones de templos y capillas o los cr\u00edmenes como el cometido hace d\u00e9cadas contra obispos y sacerdotes en Centroam\u00e9rica \u2013por cierto el de los jesuitas a\u00fan permanece en la impunidad-&nbsp; han disminuido o forman parte del pasado. Y no es exacta esa percepci\u00f3n.<\/p>\n\n\n\n<figure class=\"wp-block-image\"><img decoding=\"async\" src=\"https:\/\/wp.es.aleteia.org\/wp-content\/uploads\/sites\/7\/2021\/11\/000_9TE4CY.jpg?w=300&amp;h=169&amp;crop=1\" alt=\"Thumbnail for read also\"\/><\/figure>\n\n\n\n<p><em>Te puede interesar:<\/em><a href=\"https:\/\/es.aleteia.org\/2021\/11\/26\/bolivia-mas-ataques-contra-la-iglesia-se-la-quiere-callar\/\">Bolivia: M\u00e1s ataques contra la Iglesia, \u00bfse la quiere callar?<\/a><\/p>\n\n\n\n<h3 class=\"wp-block-heading\">Balance preocupante<\/h3>\n\n\n\n<p>Se mantienen las amenazas contra la Iglesia y sus miembros y representantes. Al final de a\u00f1o, el balance no es nada tranquilizador.&nbsp;<strong>Son muchos los defensores de derechos humanos que han sido y contin\u00faan siendo asesinados en Brasil y Colombia.<\/strong>&nbsp;Los sacerdotes cubanos que han denunciado situaciones intolerables para la dignidad de su pueblo han sido constantemente hostigados y amenazados, incluso con c\u00e1rcel.<\/p>\n\n\n\n<p>En pa\u00edses autoritarios o con dictaduras ya sin careta, la situaci\u00f3n es m\u00e1s dura:&nbsp;<strong>los l\u00edderes religiosos son percibidos como opositores o cr\u00edticos del gobierno y criminalizados a priori.<\/strong><\/p>\n\n\n\n<p>Seg\u00fan el Informe semestral que produce el&nbsp;<strong>Observatorio de Libertad Religiosa en Am\u00e9rica Latina,<\/strong><em>&nbsp;\u201cCuba y Nicaragua siguen siendo blanco de diversos tipos de represalias, desde episodios de violencia f\u00edsica y arrestos arbitrarios hasta difamaci\u00f3n. En pa\u00edses como M\u00e9xico, Colombia, El Salvador y Honduras, la falta de atenci\u00f3n al orden p\u00fablico y la atenci\u00f3n puesta por las autoridades al control de la pandemia ha contribuido a que la violencia exacerbada en manos del crimen organizado, narcotr\u00e1fico, guerrillas y\/o pandillas, haya aumentado el riesgo a la seguridad humana de l\u00edderes religiosos, sobre todo de aquellos quienes como parte de su misi\u00f3n act\u00faan tambi\u00e9n como defensores de derechos humanos o denuncian situaciones de criminalidad o corrupci\u00f3n\u201d<\/em>.&nbsp;<\/p>\n\n\n\n<p>Y no s\u00f3lo los cat\u00f3licos. Tambi\u00e9n los pastores metodistas y evang\u00e9licos han sido objeto de intimidaci\u00f3n por su labor en&nbsp; apoyo a las comunidades. Est\u00e1 el caso, por ejemplo, del pastor evang\u00e9lico&nbsp;<strong>Manuel Cecilio Ramos Ram\u00edrez<\/strong>, quien fue alertado por las autoridades en Santiago de Cuba para que no continuara publicando comentarios cr\u00edticos al r\u00e9gimen en las redes sociales, so pena de ser acusado de&nbsp;<strong>\u201cprovocar revueltas\u201d<\/strong>.<\/p>\n\n\n\n<h3 class=\"wp-block-heading\">El secularismo, puntal de control social<\/h3>\n\n\n\n<p>En M\u00e9xico y El Salvador hubo reacciones intimidatorias contra aquellos pastores de la Iglesia que llamaran al \u201cvoto cat\u00f3lico\u201d. La&nbsp;<strong>Red por la Rep\u00fablica Laica<\/strong>&nbsp;llam\u00f3 a mantener la laicidad y&nbsp;<strong>\u201cgarantizar que se mantenga la separaci\u00f3n de los ministros de culto del proselitismo pol\u00edtico\u201d<\/strong>.<\/p>\n\n\n\n<p>Alegando el principio de laicidad, la separaci\u00f3n Iglesia-Estado, as\u00ed como la prohibici\u00f3n de que ministros de culto religioso realicen actos proselitistas en favor o en contra de determinada fuerza pol\u00edtica, se pretende que no promuevan el voto como una decisi\u00f3n personal y de conciencia seg\u00fan la fe que se profesa.<\/p>\n\n\n\n<p>Hay otros aspectos clave como el que propici\u00f3 la pandemia, cuando result\u00f3 muy funcional&nbsp; a&nbsp; los objetivos constrictores de estos reg\u00edmenes el prohibir el culto a discreci\u00f3n mientras los mercados p\u00fablicos, las fiestas privadas, diversos lugares de diversi\u00f3n y otro tipo de aglomeraciones eran permitidas.<\/p>\n\n\n\n<p>En Costa Rica, Colombia y Per\u00fa hubo quejas ante esta dualidad incomprensible. Vimos como, en Venezuela, las organizaciones cat\u00f3licas fueron excluidas de cualquier programa que facilitara la vacunaci\u00f3n o la asistencia humanitaria, la cual el Estado no garantiza. Ha sido, por cierto, as\u00ed durante toda la crisis que ha padecido la familia venezolana, al menos desde el a\u00f1o 2012 cuando se desat\u00f3 el \u00e9xodo y se hizo m\u00e1s visible la consecuencia de un proyecto pol\u00edtico disociador y divisor.<\/p>\n\n\n\n<p>En medio de este secularismo que avanza como puntal pol\u00edtico de control social en desmedro de la libertad de conciencia, somos una vitrina que exhibe una lucha sostenida por la vida. El asesinato de ni\u00f1os no nacidos es motivo de una lucha cuerpo a cuerpo por detener legislaciones y normativas que lo promueven y justifican. El movimiento provida en pa\u00edses como Argentina, M\u00e9xico, Colombia y Brasil, por s\u00f3lo mencionar algunos, es vanguardia de un combate ag\u00f3nico, con sus triunfos y retrocesos, por salvar vidas humanas y preservar el derecho a la objeci\u00f3n de conciencia.<\/p>\n\n\n\n<p>Destacan los ataques y profanaciones a templos y lugares sagrados y se mantiene y el uso indiscriminado de las redes sociales como mecanismo para atacar puntos de vista confesionales. Las plataformas virtuales se han convertido de un tiempo a esta parte en los principales escenarios de hostilidad en contra de expresiones de fe, lo cual goza de la impunidad que rodea a la actividad en las redes sociales.<\/p>\n\n\n\n<p>Recordamos perfectamente cuando el expresidente<strong>&nbsp;Evo Morales<\/strong>&nbsp;dispar\u00f3 una r\u00e1faga de tuits para atacar a la Iglesia Cat\u00f3lica, luego que la&nbsp;<strong>Conferencia Episcopal de Bolivia (CEB)&nbsp;<\/strong>echara por tierra la teor\u00eda del \u201cgolpe de Estado\u201d&nbsp; que \u00e9l sosten\u00eda.&nbsp;Acus\u00f3 a la Iglesia de \u201cponerse del&nbsp; lado del opresor y olvidar al humilde pueblo boliviano\u201d. Identificar<em>&nbsp;pueblo<\/em>&nbsp;con&nbsp;<em>l\u00edder,&nbsp;<\/em>diluyendo la masa en el personalismo del jefe&nbsp;es propio del neolenguaje de&nbsp; los populismos autoritarios.<\/p>\n\n\n\n<h3 class=\"wp-block-heading\">Letra muerta<\/h3>\n\n\n\n<p>En nuestra Am\u00e9rica los marcos normativos no son garant\u00eda. M\u00e1s bien, especialmente en algunos pa\u00edses donde&nbsp; se ejerce el poder de manera arbitraria, son letra muerta. Se supone que hay&nbsp; libertad de manifestar las propias convicciones. Pero en pa\u00edses como M\u00e9xico, Nicaragua o Venezuela la participaci\u00f3n e influencia del sector religioso en el espacio p\u00fablico se tolera cuando se circunscribe a procesos de paz o asistencia humanitaria.<\/p>\n\n\n\n<p>No as\u00ed cuando se acent\u00faan&nbsp;las deficiencias en los temas de educaci\u00f3n, salud, derechos humanos y otros que ponen el dedo en la llaga de la desidia y la insensibilidad de los gobiernos. Y si de reclamar el abuso, la fuerza y la represi\u00f3n contra la poblaci\u00f3n se tratare, la explosi\u00f3n de furia no se hace esperar. Eso es constante, pan de cada d\u00eda. En esos casos, la libertad de expresi\u00f3n se va por donde lleg\u00f3.<\/p>\n\n\n\n<p>En toda Am\u00e9rica Latina se han hecho intentos para limitar o censurar las manifestaciones de l\u00edderes religiosos en la esfera p\u00fablica, a ratos con discursos destemplados o se\u00f1alamientos falsos; a ratos con veladas amenazas o advertencias. No hay m\u00e1s que recordar las recientes acusaciones de Ortega contra la Iglesia por&nbsp;<strong>\u00abconspiraci\u00f3n\u00bb<\/strong>&nbsp;o repasar las peroratas en cadena de radio y televisi\u00f3n de Maduro cuando insulta a los obispos y los califica de desestabilizadores.<\/p>\n\n\n\n<p>Ello, sin mencionar los obst\u00e1culos interpuestos entre la acci\u00f3n humanitaria de la iglesia para cumplir su labor de asistencia durante los deslaves en el estado M\u00e9rida a los pueblos bajo el agua y el lodo, que oblig\u00f3 al obispo a enfrentarse con los militares para hacer pasar la ayuda enviada por C\u00e1ritas.<\/p>\n\n\n\n<h3 class=\"wp-block-heading\">La \u201csutilidad\u201d<\/h3>\n\n\n\n<p>No obviaremos esas maniobras que llamamos sutiles o sofisticadas, a veces imperceptibles y otras manifiestas, de atentar contra la libertad religiosa. El informe del Observatorio antes mencionado rese\u00f1a como en Nicaragua,&nbsp;<strong>\u201cen menos de quince d\u00edas, la Direcci\u00f3n General de Migraci\u00f3n y Extranjer\u00eda (DGME), neg\u00f3 el ingreso al pa\u00eds a dos frailes franciscanos de origen salvadore\u00f1o que ten\u00edan a\u00f1os de residir y cumplir su servicio sacerdotal en Nicaragua. Las autoridades no explicaron las razones del bloqueo a los franciscanos, pero uno de los sacerdotes afectados considera que estar\u00eda relacionado con las denuncias de injusticia y violaciones de derechos humanos realizadas por la Iglesia\u201d<\/strong>.<\/p>\n\n\n\n<p>Han sido repetidos e implacables las amenazas e insultos de Ortega y su mujer, la vicepresidenta, contra la Iglesia Cat\u00f3lica en Nicaragua a cuyos integrantes llam\u00f3 \u201crid\u00edculos\u201d y los acus\u00f3 de aprobar \u201churtos y robos\u201d, as\u00ed como de recibir fondos para la \u201cmuerte\u201d.<\/p>\n\n\n\n<p>En Per\u00fa, el presidente de la Conferencia Episcopal Peruana, Miguel Cabrejos, expres\u00f3 en mensaje al diario&nbsp;<em>La Rep\u00fablica<\/em><strong>\u201cpreocupaci\u00f3n e indignaci\u00f3n\u201d&nbsp;<\/strong>por el dibujo de la Virgen en una caricatura ofensiva.<\/p>\n\n\n\n<p>En Venezuela, el rango abusivo abarca desde la negaci\u00f3n de visas para miembros de la Iglesia, sacerdotes o misioneros que no pueden entrar o regresar al pa\u00eds, hasta las maromas del gobierno de Maduro para \u201capropiarse\u201d de la beatificaci\u00f3n de Jos\u00e9 Gregorio Hern\u00e1ndez.<\/p>\n\n\n\n<p>Intentos que pretendieron presentar la decisi\u00f3n de Roma como producto de la \u201cinsistencia y gestiones\u201d&nbsp; de Maduro. Notorias fueron las trabas a la ceremonia misma a trav\u00e9s de una odiosa e innecesaria presencia militar y otros detalles. Tocaron extremos como procurar enga\u00f1ar al pueblo con una supuesta f\u00f3rmula fabricada en Cuba para curar milagrosamente el Covid, la cual se atrevieron a llamar \u00abgotitas de Jos\u00e9 Gregorio\u00bb.&nbsp; Una grotesca manipulaci\u00f3n que no les funcion\u00f3 pero qued\u00f3 como prueba palpable de las torvas intenciones.<\/p>\n\n\n\n<h3 class=\"wp-block-heading\">A \u00abnadito de perro\u00bb<\/h3>\n\n\n\n<p>Aqu\u00ed hemos experimentado situaciones que ponen de manifiesto la violencia que acompa\u00f1a a estas formas sutiles de sometimiento. Y siempre son violentas aunque no necesariamente rudas.<\/p>\n\n\n\n<p>No somos Etiop\u00eda, ni \u00c1frica, ni India. Tampoco China ni Sud\u00e1n. Pero somos Cuba, Venezuela, Nicaragua y todos aquellos pa\u00edses de Am\u00e9rica donde, a \u201cnadito de perro\u201d -como decimos para indicar que no se nota pero se avanza- se van instalando conductas y posturas que poco a poco socavan las bases de la tolerancia y el respeto que garantizan la paz en nuestras sociedades.<\/p>\n\n\n\n<p>Volvemos a San Juan Pablo II:&nbsp;<strong>\u201cEl respeto a la libertad religiosa sirve de term\u00f3metro y garant\u00eda de aut\u00e9ntico progreso social\u201d<\/strong>. E insist\u00eda en que su protecci\u00f3n jur\u00eddica es fundamental para la paz en un pa\u00eds tanto como a nivel internacional.&nbsp; De&nbsp; all\u00ed que nuestro deber, como cat\u00f3licos en nuestro caso, sea conocerla, protegerla y defenderla, todos los d\u00edas, en todos los idiomas y en todos los escenarios. Dormir con un ojo abierto y el otro cerrado pues la transgresi\u00f3n de hoy puede ser la violaci\u00f3n de ma\u00f1ana.<\/p>\n\n\n\n<p>En Am\u00e9rica Latina, el alerta es naranja.<\/p>\n\n\n\n<p>Fuente: https:\/\/es.aleteia.org\/2021\/12\/21\/libertad-religiosa-en-america-latina-alerta-naranja\/#<\/p>\n","protected":false},"excerpt":{"rendered":"<p>Am\u00e9rica Latina duerme con un ojo abierto y el otro cerrado con respecto a la libertad religiosa, que peligra. Formas [&hellip;]<\/p>\n","protected":false},"author":1,"featured_media":17963,"comment_status":"open","ping_status":"open","sticky":false,"template":"","format":"standard","meta":{"site-sidebar-layout":"default","site-content-layout":"","ast-site-content-layout":"default","site-content-style":"default","site-sidebar-style":"default","ast-global-header-display":"","ast-banner-title-visibility":"","ast-main-header-display":"","ast-hfb-above-header-display":"","ast-hfb-below-header-display":"","ast-hfb-mobile-header-display":"","site-post-title":"","ast-breadcrumbs-content":"","ast-featured-img":"","footer-sml-layout":"","theme-transparent-header-meta":"","adv-header-id-meta":"","stick-header-meta":"","header-above-stick-meta":"","header-main-stick-meta":"","header-below-stick-meta":"","astra-migrate-meta-layouts":"default","ast-page-background-enabled":"default","ast-page-background-meta":{"desktop":{"background-color":"var(--ast-global-color-4)","background-image":"","background-repeat":"repeat","background-position":"center center","background-size":"auto","background-attachment":"scroll","background-type":"","background-media":"","overlay-type":"","overlay-color":"","overlay-opacity":"","overlay-gradient":""},"tablet":{"background-color":"","background-image":"","background-repeat":"repeat","background-position":"center center","background-size":"auto","background-attachment":"scroll","background-type":"","background-media":"","overlay-type":"","overlay-color":"","overlay-opacity":"","overlay-gradient":""},"mobile":{"background-color":"","background-image":"","background-repeat":"repeat","background-position":"center center","background-size":"auto","background-attachment":"scroll","background-type":"","background-media":"","overlay-type":"","overlay-color":"","overlay-opacity":"","overlay-gradient":""}},"ast-content-background-meta":{"desktop":{"background-color":"var(--ast-global-color-5)","background-image":"","background-repeat":"repeat","background-position":"center center","background-size":"auto","background-attachment":"scroll","background-type":"","background-media":"","overlay-type":"","overlay-color":"","overlay-opacity":"","overlay-gradient":""},"tablet":{"background-color":"var(--ast-global-color-5)","background-image":"","background-repeat":"repeat","background-position":"center center","background-size":"auto","background-attachment":"scroll","background-type":"","background-media":"","overlay-type":"","overlay-color":"","overlay-opacity":"","overlay-gradient":""},"mobile":{"background-color":"var(--ast-global-color-5)","background-image":"","background-repeat":"repeat","background-position":"center center","background-size":"auto","background-attachment":"scroll","background-type":"","background-media":"","overlay-type":"","overlay-color":"","overlay-opacity":"","overlay-gradient":""}},"footnotes":""},"categories":[8],"tags":[4651,6299,2179],"class_list":["post-17962","post","type-post","status-publish","format-standard","has-post-thumbnail","hentry","category-noticias","tag-america-latina","tag-iglesia","tag-libertad-religiosa"],"_links":{"self":[{"href":"https:\/\/losperiodistas.com.mx\/portal\/wp-json\/wp\/v2\/posts\/17962","targetHints":{"allow":["GET"]}}],"collection":[{"href":"https:\/\/losperiodistas.com.mx\/portal\/wp-json\/wp\/v2\/posts"}],"about":[{"href":"https:\/\/losperiodistas.com.mx\/portal\/wp-json\/wp\/v2\/types\/post"}],"author":[{"embeddable":true,"href":"https:\/\/losperiodistas.com.mx\/portal\/wp-json\/wp\/v2\/users\/1"}],"replies":[{"embeddable":true,"href":"https:\/\/losperiodistas.com.mx\/portal\/wp-json\/wp\/v2\/comments?post=17962"}],"version-history":[{"count":1,"href":"https:\/\/losperiodistas.com.mx\/portal\/wp-json\/wp\/v2\/posts\/17962\/revisions"}],"predecessor-version":[{"id":17964,"href":"https:\/\/losperiodistas.com.mx\/portal\/wp-json\/wp\/v2\/posts\/17962\/revisions\/17964"}],"wp:featuredmedia":[{"embeddable":true,"href":"https:\/\/losperiodistas.com.mx\/portal\/wp-json\/wp\/v2\/media\/17963"}],"wp:attachment":[{"href":"https:\/\/losperiodistas.com.mx\/portal\/wp-json\/wp\/v2\/media?parent=17962"}],"wp:term":[{"taxonomy":"category","embeddable":true,"href":"https:\/\/losperiodistas.com.mx\/portal\/wp-json\/wp\/v2\/categories?post=17962"},{"taxonomy":"post_tag","embeddable":true,"href":"https:\/\/losperiodistas.com.mx\/portal\/wp-json\/wp\/v2\/tags?post=17962"}],"curies":[{"name":"wp","href":"https:\/\/api.w.org\/{rel}","templated":true}]}}