{"id":17942,"date":"2021-12-21T07:39:40","date_gmt":"2021-12-21T13:39:40","guid":{"rendered":"http:\/\/losperiodistas.com.mx\/portal\/?p=17942"},"modified":"2021-12-21T07:39:41","modified_gmt":"2021-12-21T13:39:41","slug":"hijos-de-el-chapo-organizan-una-celebracion-navidena-en-honor-a-su-padre-mientras-ee-uu-pone-precio-a-su-libertad-rt","status":"publish","type":"post","link":"https:\/\/losperiodistas.com.mx\/portal\/hijos-de-el-chapo-organizan-una-celebracion-navidena-en-honor-a-su-padre-mientras-ee-uu-pone-precio-a-su-libertad-rt\/","title":{"rendered":"Hijos de &#8216;El Chapo&#8217; organizan una celebraci\u00f3n navide\u00f1a en honor a su padre mientras EE.UU. pone precio a su libertad | RT"},"content":{"rendered":"\n<p style=\"font-size:18px\"><em>La fiesta se organiz\u00f3 en el municipio de Culiac\u00e1n, aparentemente para preservar el prestigio del C\u00e1rtel de Sinaloa.<\/em><\/p>\n\n\n\n<p><\/p>\n\n\n\n<figure class=\"wp-block-image size-large\"><img fetchpriority=\"high\" decoding=\"async\" width=\"1024\" height=\"575\" src=\"https:\/\/losperiodistas.com.mx\/portal\/wp-content\/uploads\/2021\/12\/regalo-1024x575.jpg\" alt=\"\" class=\"wp-image-17943\" srcset=\"https:\/\/losperiodistas.com.mx\/portal\/wp-content\/uploads\/2021\/12\/regalo-1024x575.jpg 1024w, https:\/\/losperiodistas.com.mx\/portal\/wp-content\/uploads\/2021\/12\/regalo-300x169.jpg 300w, https:\/\/losperiodistas.com.mx\/portal\/wp-content\/uploads\/2021\/12\/regalo-768x431.jpg 768w, https:\/\/losperiodistas.com.mx\/portal\/wp-content\/uploads\/2021\/12\/regalo-1536x863.jpg 1536w, https:\/\/losperiodistas.com.mx\/portal\/wp-content\/uploads\/2021\/12\/regalo.jpg 1862w\" sizes=\"(max-width: 1024px) 100vw, 1024px\" \/><figcaption>Imagen ilustrativa V.Lawrence\u00a0\/ Shutterstock<\/figcaption><\/figure>\n\n\n\n<p><\/p>\n\n\n\n<p class=\"has-vivid-cyan-blue-color has-text-color has-medium-font-size\">RT<\/p>\n\n\n\n<p>Los hijos de Joaqu\u00edn &#8216;El Chapo&#8217; Guzm\u00e1n Loera organizaron el pasado viernes una celebraci\u00f3n navide\u00f1a en honor a su padre en una comunidad rural mexicana del municipio de Culiac\u00e1n (Sinaloa), dos d\u00edas despu\u00e9s de que el Gobierno de Estados Unidos&nbsp;<a href=\"https:\/\/actualidad.rt.com\/actualidad\/413816-gobierno-eeuu-anunciar-recompensa-hijos-chapo\" target=\"_blank\" rel=\"noreferrer noopener\">anunciara<\/a>&nbsp;una recompensa de&nbsp;<strong>5 millones de d\u00f3lares<\/strong>&nbsp;por informaci\u00f3n que contribuya a localizar a cada uno de ellos.<\/p>\n\n\n\n<p>Seg\u00fan fuentes de&nbsp;<a href=\"https:\/\/www.proceso.com.mx\/nacional\/2021\/12\/20\/hijos-de-el-chapo-guzman-organizan-posada-en-nombre-de-su-papa-pese-la-recompensa-de-eu-277794.html\" target=\"_blank\" rel=\"noreferrer noopener\">Proceso<\/a>, la&nbsp;fiesta, tambi\u00e9n llamada posada,&nbsp;tuvo lugar entre las sindicaturas de Costa Rica y El Dorado y dur\u00f3 al menos hasta el s\u00e1bado. Durante la celebraci\u00f3n se rifaron ocho autos, centenares de electrodom\u00e9sticos, juguetes y bicicletas, entre otros regalos. Todos los premios estaban marcados con las iniciales&nbsp;<strong>JGL<\/strong>, que corresponden al nombre de &#8216;El Chapo&#8217;.<\/p>\n\n\n\n<p>La periodista Fanny Mart\u00ednez comparti\u00f3 las im\u00e1genes del festejo de &#8216;Los Chapitos&#8217;, como se conocen los hijos del exl\u00edder del C\u00e1rtel de Sinaloa. El evento cont\u00f3 con la participaci\u00f3n de las bandas locales Los Nuevos Rebeldes y Revolver Cannabis que tocaron y cantaron para los congregados.<\/p>\n\n\n\n<figure class=\"wp-block-embed is-type-rich is-provider-twitter wp-block-embed-twitter\"><div class=\"wp-block-embed__wrapper\">\nhttps:\/\/twitter.com\/_fannymartinez\/status\/1472615735977459721?ref_src=twsrc%5Etfw%7Ctwcamp%5Etweetembed%7Ctwterm%5E1472615735977459721%7Ctwgr%5E%7Ctwcon%5Es1_c10&#038;ref_url=https%3A%2F%2Factualidad.rt.com%2Factualidad%2F414403-hijos-el-chapo-organizan-posada\n<\/div><\/figure>\n\n\n\n<p>El gobierno de Sinaloa sostiene que la&nbsp;celebraci\u00f3n&nbsp;se organiz\u00f3 para \u00abpreservar la base social\u00bb creada por &#8216;El Chapo&#8217; cuando dirig\u00eda el c\u00e1rtel, indica Proceso citando a sus fuentes de inteligencia.<\/p>\n\n\n\n<p>Los cuatro hijos del narcotraficante \u2014Ovidio Guzm\u00e1n L\u00f3pez, &#8216;<strong>El Rat\u00f3n<\/strong>&#8216;; Iv\u00e1n Archivaldo Guzm\u00e1n Salazar, &#8216;<strong>El Chapito<\/strong>&#8216;; Jes\u00fas Alfredo Guzm\u00e1n Salazar, &#8216;<strong>El Alfredillo<\/strong>&#8216;; y Joaqu\u00edn Guzm\u00e1n L\u00f3pez, &#8216;<strong>El G\u00fcero Moreno<\/strong>&#8216;, del que menos se sabe\u2014&nbsp;est\u00e1n bajo orden de b\u00fasqueda y captura en EE.UU. por acusaciones de tr\u00e1fico il\u00edcito de drogas.<\/p>\n\n\n\n<p>Todos son miembros de alto rango del C\u00e1rtel de Sinaloa y tres de ellos \u2014Ovidio, Iv\u00e1n Archivaldo y Jes\u00fas Alfredo\u2014 quedaron a cargo de liderar una facci\u00f3n de\u00a0la organizaci\u00f3n criminal despu\u00e9s de la captura de su padre, que fue sentenciado a cadena perpetua en el pa\u00eds norteamericano el 17 de julio de 2019.<\/p>\n\n\n\n<p>Fuente: https:\/\/actualidad.rt.com\/actualidad\/414403-hijos-el-chapo-organizan-posada<\/p>\n","protected":false},"excerpt":{"rendered":"<p>La fiesta se organiz\u00f3 en el municipio de Culiac\u00e1n, aparentemente para preservar el prestigio del C\u00e1rtel de Sinaloa. RT Los [&hellip;]<\/p>\n","protected":false},"author":1,"featured_media":17943,"comment_status":"open","ping_status":"open","sticky":false,"template":"","format":"standard","meta":{"site-sidebar-layout":"default","site-content-layout":"","ast-site-content-layout":"default","site-content-style":"default","site-sidebar-style":"default","ast-global-header-display":"","ast-banner-title-visibility":"","ast-main-header-display":"","ast-hfb-above-header-display":"","ast-hfb-below-header-display":"","ast-hfb-mobile-header-display":"","site-post-title":"","ast-breadcrumbs-content":"","ast-featured-img":"","footer-sml-layout":"","theme-transparent-header-meta":"","adv-header-id-meta":"","stick-header-meta":"","header-above-stick-meta":"","header-main-stick-meta":"","header-below-stick-meta":"","astra-migrate-meta-layouts":"default","ast-page-background-enabled":"default","ast-page-background-meta":{"desktop":{"background-color":"var(--ast-global-color-4)","background-image":"","background-repeat":"repeat","background-position":"center center","background-size":"auto","background-attachment":"scroll","background-type":"","background-media":"","overlay-type":"","overlay-color":"","overlay-opacity":"","overlay-gradient":""},"tablet":{"background-color":"","background-image":"","background-repeat":"repeat","background-position":"center center","background-size":"auto","background-attachment":"scroll","background-type":"","background-media":"","overlay-type":"","overlay-color":"","overlay-opacity":"","overlay-gradient":""},"mobile":{"background-color":"","background-image":"","background-repeat":"repeat","background-position":"center center","background-size":"auto","background-attachment":"scroll","background-type":"","background-media":"","overlay-type":"","overlay-color":"","overlay-opacity":"","overlay-gradient":""}},"ast-content-background-meta":{"desktop":{"background-color":"var(--ast-global-color-5)","background-image":"","background-repeat":"repeat","background-position":"center center","background-size":"auto","background-attachment":"scroll","background-type":"","background-media":"","overlay-type":"","overlay-color":"","overlay-opacity":"","overlay-gradient":""},"tablet":{"background-color":"var(--ast-global-color-5)","background-image":"","background-repeat":"repeat","background-position":"center center","background-size":"auto","background-attachment":"scroll","background-type":"","background-media":"","overlay-type":"","overlay-color":"","overlay-opacity":"","overlay-gradient":""},"mobile":{"background-color":"var(--ast-global-color-5)","background-image":"","background-repeat":"repeat","background-position":"center center","background-size":"auto","background-attachment":"scroll","background-type":"","background-media":"","overlay-type":"","overlay-color":"","overlay-opacity":"","overlay-gradient":""}},"footnotes":""},"categories":[8],"tags":[6222],"class_list":["post-17942","post","type-post","status-publish","format-standard","has-post-thumbnail","hentry","category-noticias","tag-los-chapitos"],"_links":{"self":[{"href":"https:\/\/losperiodistas.com.mx\/portal\/wp-json\/wp\/v2\/posts\/17942","targetHints":{"allow":["GET"]}}],"collection":[{"href":"https:\/\/losperiodistas.com.mx\/portal\/wp-json\/wp\/v2\/posts"}],"about":[{"href":"https:\/\/losperiodistas.com.mx\/portal\/wp-json\/wp\/v2\/types\/post"}],"author":[{"embeddable":true,"href":"https:\/\/losperiodistas.com.mx\/portal\/wp-json\/wp\/v2\/users\/1"}],"replies":[{"embeddable":true,"href":"https:\/\/losperiodistas.com.mx\/portal\/wp-json\/wp\/v2\/comments?post=17942"}],"version-history":[{"count":1,"href":"https:\/\/losperiodistas.com.mx\/portal\/wp-json\/wp\/v2\/posts\/17942\/revisions"}],"predecessor-version":[{"id":17944,"href":"https:\/\/losperiodistas.com.mx\/portal\/wp-json\/wp\/v2\/posts\/17942\/revisions\/17944"}],"wp:featuredmedia":[{"embeddable":true,"href":"https:\/\/losperiodistas.com.mx\/portal\/wp-json\/wp\/v2\/media\/17943"}],"wp:attachment":[{"href":"https:\/\/losperiodistas.com.mx\/portal\/wp-json\/wp\/v2\/media?parent=17942"}],"wp:term":[{"taxonomy":"category","embeddable":true,"href":"https:\/\/losperiodistas.com.mx\/portal\/wp-json\/wp\/v2\/categories?post=17942"},{"taxonomy":"post_tag","embeddable":true,"href":"https:\/\/losperiodistas.com.mx\/portal\/wp-json\/wp\/v2\/tags?post=17942"}],"curies":[{"name":"wp","href":"https:\/\/api.w.org\/{rel}","templated":true}]}}