{"id":17939,"date":"2021-12-21T07:22:26","date_gmt":"2021-12-21T13:22:26","guid":{"rendered":"http:\/\/losperiodistas.com.mx\/portal\/?p=17939"},"modified":"2021-12-21T07:22:27","modified_gmt":"2021-12-21T13:22:27","slug":"desarrollara-secretaria-de-cultura-primera-feria-del-juguete-tradicional-poblano","status":"publish","type":"post","link":"https:\/\/losperiodistas.com.mx\/portal\/desarrollara-secretaria-de-cultura-primera-feria-del-juguete-tradicional-poblano\/","title":{"rendered":"Desarrollar\u00e1 Secretar\u00eda de Cultura Primera Feria del Juguete Tradicional Poblano"},"content":{"rendered":"\n<p><em><em>Este evento consiste en talleres denominados \u201cArma tu juguete\u201d y en una expo-venta<\/em><\/em>; s<em>er\u00e1n realizados del 21 de diciembre al 2 de enero y del 3 al 5 de enero,<\/em> respectivamente<\/p>\n\n\n\n<p><\/p>\n\n\n\n<figure class=\"wp-block-image size-large\"><img fetchpriority=\"high\" decoding=\"async\" width=\"1024\" height=\"683\" src=\"https:\/\/losperiodistas.com.mx\/portal\/wp-content\/uploads\/2021\/12\/Sin-ti\u0301tulo-1024x683.jpg\" alt=\"\" class=\"wp-image-17940\" srcset=\"https:\/\/losperiodistas.com.mx\/portal\/wp-content\/uploads\/2021\/12\/Sin-ti\u0301tulo-1024x683.jpg 1024w, https:\/\/losperiodistas.com.mx\/portal\/wp-content\/uploads\/2021\/12\/Sin-ti\u0301tulo-300x200.jpg 300w, https:\/\/losperiodistas.com.mx\/portal\/wp-content\/uploads\/2021\/12\/Sin-ti\u0301tulo-768x512.jpg 768w, https:\/\/losperiodistas.com.mx\/portal\/wp-content\/uploads\/2021\/12\/Sin-ti\u0301tulo-1536x1024.jpg 1536w, https:\/\/losperiodistas.com.mx\/portal\/wp-content\/uploads\/2021\/12\/Sin-ti\u0301tulo-2048x1365.jpg 2048w\" sizes=\"(max-width: 1024px) 100vw, 1024px\" \/><figcaption>Gobierno de Puebla<\/figcaption><\/figure>\n\n\n\n<p><\/p>\n\n\n\n<p class=\"has-vivid-cyan-blue-color has-text-color has-medium-font-size\">REDACCI\u00d3N<\/p>\n\n\n\n<p>CIUDAD DE PUEBLA, Pue.- A fin de rescatar las tradiciones artesanales y en el marco del D\u00eda de Reyes, la Secretar\u00eda de Cultura realizar\u00e1 la Primera Feria del Juguete Tradicional Poblano, que consiste en talleres denominados \u201cArma tu Juguete\u201d y una expo-venta, a realizarse del 21 de diciembre al 2 de enero y del 3 al 5 de enero, respectivamente.<\/p>\n\n\n\n<p>En rueda de prensa, el titular de la dependencia, Sergio Vergara Berdejo inform\u00f3 que el Acuario Mich\u00edn, en Parque Puebla, ser\u00e1 sede de los talleres sobre la elaboraci\u00f3n de juguetes en cartoner\u00eda, madera y totomoxtle, en un horario de 11:00 a 19:00 horas.<\/p>\n\n\n\n<p>Precis\u00f3 que, del 3 al 5 de enero, la dependencia llevar\u00e1 a cabo la Expo-Venta del Juguete Tradicional Poblano en el patio central de la Casa de la Cultura \u201cProfesor Pedro \u00c1ngel Palou\u201d, de 10:00 a 18:00 horas, con el objetivo de comercializar los productos elaborados en dichos talleres.<\/p>\n\n\n\n<p>El funcionario estatal a\u00f1adi\u00f3 que la Secretar\u00eda de Cultura est\u00e1 comprometida con la pol\u00edtica p\u00fablica del gobernador Miguel Barbosa Huerta para apoyar a los grupos m\u00e1s vulnerables y garantizar que, en este caso, las y los artesanos reciban un pago directo y justo por su trabajo.<\/p>\n\n\n\n<p>Fuente: https:\/\/www.puebla.gob.mx\/index.php\/noticias\/item\/7693-desarrollara-secretaria-de-cultura-primera-feria-del-juguete-tradicional-poblano<\/p>\n","protected":false},"excerpt":{"rendered":"<p>Este evento consiste en talleres denominados \u201cArma tu juguete\u201d y en una expo-venta; ser\u00e1n realizados del 21 de diciembre al [&hellip;]<\/p>\n","protected":false},"author":1,"featured_media":17940,"comment_status":"open","ping_status":"open","sticky":false,"template":"","format":"standard","meta":{"site-sidebar-layout":"default","site-content-layout":"","ast-site-content-layout":"default","site-content-style":"default","site-sidebar-style":"default","ast-global-header-display":"","ast-banner-title-visibility":"","ast-main-header-display":"","ast-hfb-above-header-display":"","ast-hfb-below-header-display":"","ast-hfb-mobile-header-display":"","site-post-title":"","ast-breadcrumbs-content":"","ast-featured-img":"","footer-sml-layout":"","theme-transparent-header-meta":"","adv-header-id-meta":"","stick-header-meta":"","header-above-stick-meta":"","header-main-stick-meta":"","header-below-stick-meta":"","astra-migrate-meta-layouts":"default","ast-page-background-enabled":"default","ast-page-background-meta":{"desktop":{"background-color":"var(--ast-global-color-4)","background-image":"","background-repeat":"repeat","background-position":"center center","background-size":"auto","background-attachment":"scroll","background-type":"","background-media":"","overlay-type":"","overlay-color":"","overlay-opacity":"","overlay-gradient":""},"tablet":{"background-color":"","background-image":"","background-repeat":"repeat","background-position":"center center","background-size":"auto","background-attachment":"scroll","background-type":"","background-media":"","overlay-type":"","overlay-color":"","overlay-opacity":"","overlay-gradient":""},"mobile":{"background-color":"","background-image":"","background-repeat":"repeat","background-position":"center center","background-size":"auto","background-attachment":"scroll","background-type":"","background-media":"","overlay-type":"","overlay-color":"","overlay-opacity":"","overlay-gradient":""}},"ast-content-background-meta":{"desktop":{"background-color":"var(--ast-global-color-5)","background-image":"","background-repeat":"repeat","background-position":"center center","background-size":"auto","background-attachment":"scroll","background-type":"","background-media":"","overlay-type":"","overlay-color":"","overlay-opacity":"","overlay-gradient":""},"tablet":{"background-color":"var(--ast-global-color-5)","background-image":"","background-repeat":"repeat","background-position":"center center","background-size":"auto","background-attachment":"scroll","background-type":"","background-media":"","overlay-type":"","overlay-color":"","overlay-opacity":"","overlay-gradient":""},"mobile":{"background-color":"var(--ast-global-color-5)","background-image":"","background-repeat":"repeat","background-position":"center center","background-size":"auto","background-attachment":"scroll","background-type":"","background-media":"","overlay-type":"","overlay-color":"","overlay-opacity":"","overlay-gradient":""}},"footnotes":""},"categories":[8],"tags":[6290,4837],"class_list":["post-17939","post","type-post","status-publish","format-standard","has-post-thumbnail","hentry","category-noticias","tag-expo-venta-juguete-artesanal","tag-secretaria-de-cultura-puebla"],"_links":{"self":[{"href":"https:\/\/losperiodistas.com.mx\/portal\/wp-json\/wp\/v2\/posts\/17939","targetHints":{"allow":["GET"]}}],"collection":[{"href":"https:\/\/losperiodistas.com.mx\/portal\/wp-json\/wp\/v2\/posts"}],"about":[{"href":"https:\/\/losperiodistas.com.mx\/portal\/wp-json\/wp\/v2\/types\/post"}],"author":[{"embeddable":true,"href":"https:\/\/losperiodistas.com.mx\/portal\/wp-json\/wp\/v2\/users\/1"}],"replies":[{"embeddable":true,"href":"https:\/\/losperiodistas.com.mx\/portal\/wp-json\/wp\/v2\/comments?post=17939"}],"version-history":[{"count":1,"href":"https:\/\/losperiodistas.com.mx\/portal\/wp-json\/wp\/v2\/posts\/17939\/revisions"}],"predecessor-version":[{"id":17941,"href":"https:\/\/losperiodistas.com.mx\/portal\/wp-json\/wp\/v2\/posts\/17939\/revisions\/17941"}],"wp:featuredmedia":[{"embeddable":true,"href":"https:\/\/losperiodistas.com.mx\/portal\/wp-json\/wp\/v2\/media\/17940"}],"wp:attachment":[{"href":"https:\/\/losperiodistas.com.mx\/portal\/wp-json\/wp\/v2\/media?parent=17939"}],"wp:term":[{"taxonomy":"category","embeddable":true,"href":"https:\/\/losperiodistas.com.mx\/portal\/wp-json\/wp\/v2\/categories?post=17939"},{"taxonomy":"post_tag","embeddable":true,"href":"https:\/\/losperiodistas.com.mx\/portal\/wp-json\/wp\/v2\/tags?post=17939"}],"curies":[{"name":"wp","href":"https:\/\/api.w.org\/{rel}","templated":true}]}}