{"id":17936,"date":"2021-12-21T07:11:42","date_gmt":"2021-12-21T13:11:42","guid":{"rendered":"http:\/\/losperiodistas.com.mx\/portal\/?p=17936"},"modified":"2021-12-21T07:11:44","modified_gmt":"2021-12-21T13:11:44","slug":"cargamaletas-del-poder-gibran-ramirez-arremetio-contra-mario-delgado-y-sus-decisiones-en-morena-infobae","status":"publish","type":"post","link":"https:\/\/losperiodistas.com.mx\/portal\/cargamaletas-del-poder-gibran-ramirez-arremetio-contra-mario-delgado-y-sus-decisiones-en-morena-infobae\/","title":{"rendered":"\u201cCargamaletas del poder\u201d: Gibr\u00e1n Ram\u00edrez arremeti\u00f3 contra Mario Delgado y sus decisiones en Morena | Infobae"},"content":{"rendered":"\n<p style=\"font-size:18px\"><em>La ruptura en el partido guinda cada d\u00eda es m\u00e1s vidente, y las cr\u00edticas contra el l\u00edder nacional aumentan, pues algunos militantes buscan expulsarlo del puesto por sus pol\u00e9micas decisiones<\/em><\/p>\n\n\n\n<p><\/p>\n\n\n\n<figure class=\"wp-block-image size-large\"><img fetchpriority=\"high\" decoding=\"async\" width=\"1024\" height=\"574\" src=\"https:\/\/losperiodistas.com.mx\/portal\/wp-content\/uploads\/2021\/12\/Captura-de-Pantalla-2021-12-21-a-las-7.08.46-1024x574.png\" alt=\"\" class=\"wp-image-17937\" srcset=\"https:\/\/losperiodistas.com.mx\/portal\/wp-content\/uploads\/2021\/12\/Captura-de-Pantalla-2021-12-21-a-las-7.08.46-1024x574.png 1024w, https:\/\/losperiodistas.com.mx\/portal\/wp-content\/uploads\/2021\/12\/Captura-de-Pantalla-2021-12-21-a-las-7.08.46-300x168.png 300w, https:\/\/losperiodistas.com.mx\/portal\/wp-content\/uploads\/2021\/12\/Captura-de-Pantalla-2021-12-21-a-las-7.08.46-768x431.png 768w, https:\/\/losperiodistas.com.mx\/portal\/wp-content\/uploads\/2021\/12\/Captura-de-Pantalla-2021-12-21-a-las-7.08.46.png 1366w\" sizes=\"(max-width: 1024px) 100vw, 1024px\" \/><figcaption>Gibr\u00e1n Ram\u00edrez evidenci\u00f3 la cada vez m\u00e1s profunda ruptura dentro de Morena (Foto: Twitter@gibranrr)<\/figcaption><\/figure>\n\n\n\n<p><\/p>\n\n\n\n<p class=\"has-vivid-cyan-blue-color has-text-color has-medium-font-size\">INFOBAE<\/p>\n\n\n\n<p>La&nbsp;<strong>ruptura dentro del Movimiento de Regeneraci\u00f3n Nacional&nbsp;<\/strong>(Morena) es una situaci\u00f3n tan insostenible que lleg\u00f3 a un punto en el que ninguno de sus militantes hace algo por esconderlo, sino todo lo contrario, lo resaltan y buscan obtener la victoria de su bando.<\/p>\n\n\n\n<p>En un nuevo episodio de esta novela, el acad\u00e9mico&nbsp;<strong>Gibr\u00e1n Ram\u00edrez Reyes arremeti\u00f3 en contra de Mario Delgado Carrillo<\/strong>, presidente nacional de este partido pol\u00edtico, por la manera en la que ha actuado y posicionado sus caprichos por encima del bien com\u00fan.<\/p>\n\n\n\n<p>Desde su cuenta oficial de Twitter, el tambi\u00e9n analista pol\u00edtico aprovech\u00f3 el tuit con el que&nbsp;<strong>Delgado felicit\u00f3 a Gabriel Boric, presidente electo de Chile, por su reciente victoria&nbsp;<\/strong>para encabezar el gobierno del pa\u00eds sudamericano.<\/p>\n\n\n\n<p>Con un video, destac\u00f3 la trayectoria del nuevo mandatario chileno, quien&nbsp;<strong>destac\u00f3 desde 2011 cuando fue parte fundamental del movimiento estudiantil<\/strong>. Posteriormente ocup\u00f3 un lugar en la C\u00e1mara de Diputados y hoy se convirti\u00f3 en el presidente m\u00e1s joven de Chile, con s\u00f3lo 35 a\u00f1os.<\/p>\n\n\n\n<p>\u201cLa trayectoria de lucha desde muy joven de @gabrielboric en favor de las causas de la gente y contra el r\u00e9gimen neoliberal,<strong>\u00a0hicieron que el pueblo chileno eligiera la esperanza sobre el miedo<\/strong>. \u00a1Se respiran vientos progresistas por toda Am\u00e9rica Latina!\u201d, escribi\u00f3 Delgado Carrillo.<\/p>\n\n\n\n<p><img decoding=\"async\" height=\"561\" width=\"590\" srcset=\"https:\/\/www.infobae.com\/new-resizer\/PtUDMyiG0PMx0AU7aapJ2bxzGyQ=\/420x420\/filters:format(webp):quality(85)\/cloudfront-us-east-1.images.arcpublishing.com\/infobae\/DHT76IQK7RBHRO2LCPQHZAEHYU.JPG 420w,https:\/\/www.infobae.com\/new-resizer\/DJlvA6IKtkg9HATpcuez3AcyDmA=\/768x768\/filters:format(webp):quality(85)\/cloudfront-us-east-1.images.arcpublishing.com\/infobae\/DHT76IQK7RBHRO2LCPQHZAEHYU.JPG 768w,https:\/\/www.infobae.com\/new-resizer\/1ObXGzOlsp4Rc6ZaCkJ1rJ4C6B8=\/992x992\/filters:format(webp):quality(85)\/cloudfront-us-east-1.images.arcpublishing.com\/infobae\/DHT76IQK7RBHRO2LCPQHZAEHYU.JPG 992w,https:\/\/www.infobae.com\/new-resizer\/_jmgV24Ot5eFFx7jU35jERwDrNU=\/1200x1200\/filters:format(webp):quality(85)\/cloudfront-us-east-1.images.arcpublishing.com\/infobae\/DHT76IQK7RBHRO2LCPQHZAEHYU.JPG 1200w,https:\/\/www.infobae.com\/new-resizer\/6cgR4c08Y2t5L2x5z8MIPMf81Yk=\/1440x1440\/filters:format(webp):quality(85)\/cloudfront-us-east-1.images.arcpublishing.com\/infobae\/DHT76IQK7RBHRO2LCPQHZAEHYU.JPG 1440w\" alt=\"(Foto: Twitter)\" src=\"https:\/\/www.infobae.com\/new-resizer\/PtUDMyiG0PMx0AU7aapJ2bxzGyQ=\/420x420\/filters:format(webp):quality(85)\/cloudfront-us-east-1.images.arcpublishing.com\/infobae\/DHT76IQK7RBHRO2LCPQHZAEHYU.JPG%20420w\">(<\/p>\n\n\n\n<p>Foto: Twitter)<\/p>\n\n\n\n<p>Minutos despu\u00e9s, Ram\u00edrez Reyes cit\u00f3 este tuit y&nbsp;<strong>describi\u00f3 al dirigente nacional de Morena como un \u201ccargamaletas del poder\u201d<\/strong>&nbsp;por el papel que ha toma al frente del partido guinda, el cual ha sido duramente criticado por la oposici\u00f3n dentro de la misma fuerza pol\u00edtica.<\/p>\n\n\n\n<blockquote class=\"wp-block-quote is-layout-flow wp-block-quote-is-layout-flow\"><p>As\u00ed es. Gabriel no fue nunca un cargamaletas del poder, como t\u00fa comprender\u00e1s<\/p><\/blockquote>\n\n\n\n<p>Este comentario fue duramente criticado por usuarios de redes sociales, quienes\u00a0<strong>se\u00f1alaron a Gibr\u00e1n como un \u201capadrinado\u201d del senador Ricardo Monreal<\/strong>, adem\u00e1s de que tambi\u00e9n le cuestionaron su poca experiencia pol\u00edtica y su ascenso dentro de Morena.<\/p>\n\n\n\n<p>A estos reclamos en contra de Mario Delgado tambi\u00e9n se sum\u00f3 otra de las figuras opositoras dentro del partido guinda, el investigador&nbsp;<strong>John Ackerman, la voz que en diferentes ocasiones ha denunciado las irregularidades<\/strong>&nbsp;durante la gesti\u00f3n del l\u00edder morenitas.<\/p>\n\n\n\n<p>Desde sus redes sociales,&nbsp;<a href=\"https:\/\/johnackerman.mx\/convocatoria-primera-convencion-nacional-morenista\/\" target=\"_blank\" rel=\"noreferrer noopener\">el acad\u00e9mico urgi\u00f3 el rescate de Morena<\/a>&nbsp;y dio a conocer una convocatoria p\u00fablica para sumar esfuerzos,&nbsp;<strong>el pr\u00f3ximo 5 de febrero, en la Primera Convenci\u00f3n Nacional Morenista<\/strong>, que tendr\u00e1 como objetivo fortalecer al partido y \u201cdefender los triunfos de la Cuarta Transformaci\u00f3n y los logros de nuestro Presidente\u201d.<\/p>\n\n\n\n<p>\u201cLa continuidad hist\u00f3rica de la Cuarta Transformaci\u00f3n m\u00e1s all\u00e1 del sexenio actual depender\u00e1 del fortalecimiento y la consolidaci\u00f3n de su principal instrumento pol\u00edtico: el partido-movimiento Morena\u201d, se lee en la convocatoria.<img decoding=\"async\" alt=\"John Ackerman convoc\u00f3 a la Primera Convenci\u00f3n Nacional Morenista para salvar al partido (Foto: Morena)\" src=\"https:\/\/www.infobae.com\/new-resizer\/KqT8AgXWZDzj4NRYygbAFCwE8nM=\/420x236\/filters:format(webp):quality(85)\/cloudfront-us-east-1.images.arcpublishing.com\/infobae\/VWPVRVQBFFGD7L5PMK2LNGOMYE.jpg%20420w\" height=\"1080\" width=\"1920\" srcset=\"https:\/\/www.infobae.com\/new-resizer\/KqT8AgXWZDzj4NRYygbAFCwE8nM=\/420x236\/filters:format(webp):quality(85)\/cloudfront-us-east-1.images.arcpublishing.com\/infobae\/VWPVRVQBFFGD7L5PMK2LNGOMYE.jpg 420w,https:\/\/www.infobae.com\/new-resizer\/lWc-sGh979FbwAynhkBgntU-TDk=\/768x432\/filters:format(webp):quality(85)\/cloudfront-us-east-1.images.arcpublishing.com\/infobae\/VWPVRVQBFFGD7L5PMK2LNGOMYE.jpg 768w,https:\/\/www.infobae.com\/new-resizer\/LcxvjTlLEq2QpHyDS99RFv9xe4s=\/992x558\/filters:format(webp):quality(85)\/cloudfront-us-east-1.images.arcpublishing.com\/infobae\/VWPVRVQBFFGD7L5PMK2LNGOMYE.jpg 992w,https:\/\/www.infobae.com\/new-resizer\/oersnnCZ2E_Pm-WZte04DamB_G0=\/1200x675\/filters:format(webp):quality(85)\/cloudfront-us-east-1.images.arcpublishing.com\/infobae\/VWPVRVQBFFGD7L5PMK2LNGOMYE.jpg 1200w,https:\/\/www.infobae.com\/new-resizer\/0jvF7mJWBvmrDx0PX73rWlgZnvc=\/1440x810\/filters:format(webp):quality(85)\/cloudfront-us-east-1.images.arcpublishing.com\/infobae\/VWPVRVQBFFGD7L5PMK2LNGOMYE.jpg 1440w\">John Ackerman convoc\u00f3 a la Primera Convenci\u00f3n Nacional Morenista para salvar al partido (Foto: Morena)<\/p>\n\n\n\n<p>Una de sus&nbsp;<strong>principales molestias son los \u201cchapulines y los oportunistas\u201d quieran apropiarse de Morena<\/strong>, pues en anteriores declaraciones ha mencionado que Delgado Carrillo busca introducir a integrantes de otros partidos s\u00f3lo para tener su apoyo en las decisiones que impone.<\/p>\n\n\n\n<p>\u201c<strong>Este r\u00edo revuelto ha generado enormes ganancias para los oportunistas y los chapulines<\/strong>, lo cual&nbsp;<strong>pone en riesgo la viabilidad hist\u00f3rica del partido<\/strong>&nbsp;como \u2018una organizaci\u00f3n pol\u00edtica amplia, plural, incluyente y de izquierda\u2019, como lo se\u00f1ala el Programa de Morena\u201d, detall\u00f3 Ackerman.<\/p>\n\n\n\n<p>Finalmente, detall\u00f3 que&nbsp;<a href=\"https:\/\/morenademocracia.mx\/assets\/media\/Pronunciamiento.pdf\" target=\"_blank\" rel=\"noreferrer noopener\">hasta el momento unas 3 mil personas han firmado su posicionamiento<\/a>&nbsp;y detall\u00f3 que la Convenci\u00f3n se realizar\u00e1 el pr\u00f3ximo s\u00e1bado 5 de febrero de 2022, en el Monumento a la Revoluci\u00f3n a partir de las 09:00 horas y hasta las 15:00 horas.<\/p>\n\n\n\n<p>Durante este tiempo\u00a0<strong>habr\u00e1 mesas de discusi\u00f3n y encuentros<\/strong>\u00a0para entablar pl\u00e1ticas sobre el cambio dentro de Morena, la defensa del partido y las acciones que tomar\u00e1n al respecto.<\/p>\n\n\n\n<p>Fuente: https:\/\/www.infobae.com\/america\/mexico\/2021\/12\/21\/cargamaletas-del-poder-gibran-ramirez-arremetio-contra-mario-delgado-y-sus-decisiones-en-morena\/<\/p>\n","protected":false},"excerpt":{"rendered":"<p>La ruptura en el partido guinda cada d\u00eda es m\u00e1s vidente, y las cr\u00edticas contra el l\u00edder nacional aumentan, pues [&hellip;]<\/p>\n","protected":false},"author":1,"featured_media":17937,"comment_status":"open","ping_status":"open","sticky":false,"template":"","format":"standard","meta":{"site-sidebar-layout":"default","site-content-layout":"","ast-site-content-layout":"default","site-content-style":"default","site-sidebar-style":"default","ast-global-header-display":"","ast-banner-title-visibility":"","ast-main-header-display":"","ast-hfb-above-header-display":"","ast-hfb-below-header-display":"","ast-hfb-mobile-header-display":"","site-post-title":"","ast-breadcrumbs-content":"","ast-featured-img":"","footer-sml-layout":"","theme-transparent-header-meta":"","adv-header-id-meta":"","stick-header-meta":"","header-above-stick-meta":"","header-main-stick-meta":"","header-below-stick-meta":"","astra-migrate-meta-layouts":"default","ast-page-background-enabled":"default","ast-page-background-meta":{"desktop":{"background-color":"var(--ast-global-color-4)","background-image":"","background-repeat":"repeat","background-position":"center center","background-size":"auto","background-attachment":"scroll","background-type":"","background-media":"","overlay-type":"","overlay-color":"","overlay-opacity":"","overlay-gradient":""},"tablet":{"background-color":"","background-image":"","background-repeat":"repeat","background-position":"center center","background-size":"auto","background-attachment":"scroll","background-type":"","background-media":"","overlay-type":"","overlay-color":"","overlay-opacity":"","overlay-gradient":""},"mobile":{"background-color":"","background-image":"","background-repeat":"repeat","background-position":"center center","background-size":"auto","background-attachment":"scroll","background-type":"","background-media":"","overlay-type":"","overlay-color":"","overlay-opacity":"","overlay-gradient":""}},"ast-content-background-meta":{"desktop":{"background-color":"var(--ast-global-color-5)","background-image":"","background-repeat":"repeat","background-position":"center center","background-size":"auto","background-attachment":"scroll","background-type":"","background-media":"","overlay-type":"","overlay-color":"","overlay-opacity":"","overlay-gradient":""},"tablet":{"background-color":"var(--ast-global-color-5)","background-image":"","background-repeat":"repeat","background-position":"center center","background-size":"auto","background-attachment":"scroll","background-type":"","background-media":"","overlay-type":"","overlay-color":"","overlay-opacity":"","overlay-gradient":""},"mobile":{"background-color":"var(--ast-global-color-5)","background-image":"","background-repeat":"repeat","background-position":"center center","background-size":"auto","background-attachment":"scroll","background-type":"","background-media":"","overlay-type":"","overlay-color":"","overlay-opacity":"","overlay-gradient":""}},"footnotes":""},"categories":[8],"tags":[4276,2324,6288],"class_list":["post-17936","post","type-post","status-publish","format-standard","has-post-thumbnail","hentry","category-noticias","tag-gibran-ramirez","tag-mario-delgado","tag-morena-ruptura"],"_links":{"self":[{"href":"https:\/\/losperiodistas.com.mx\/portal\/wp-json\/wp\/v2\/posts\/17936","targetHints":{"allow":["GET"]}}],"collection":[{"href":"https:\/\/losperiodistas.com.mx\/portal\/wp-json\/wp\/v2\/posts"}],"about":[{"href":"https:\/\/losperiodistas.com.mx\/portal\/wp-json\/wp\/v2\/types\/post"}],"author":[{"embeddable":true,"href":"https:\/\/losperiodistas.com.mx\/portal\/wp-json\/wp\/v2\/users\/1"}],"replies":[{"embeddable":true,"href":"https:\/\/losperiodistas.com.mx\/portal\/wp-json\/wp\/v2\/comments?post=17936"}],"version-history":[{"count":1,"href":"https:\/\/losperiodistas.com.mx\/portal\/wp-json\/wp\/v2\/posts\/17936\/revisions"}],"predecessor-version":[{"id":17938,"href":"https:\/\/losperiodistas.com.mx\/portal\/wp-json\/wp\/v2\/posts\/17936\/revisions\/17938"}],"wp:featuredmedia":[{"embeddable":true,"href":"https:\/\/losperiodistas.com.mx\/portal\/wp-json\/wp\/v2\/media\/17937"}],"wp:attachment":[{"href":"https:\/\/losperiodistas.com.mx\/portal\/wp-json\/wp\/v2\/media?parent=17936"}],"wp:term":[{"taxonomy":"category","embeddable":true,"href":"https:\/\/losperiodistas.com.mx\/portal\/wp-json\/wp\/v2\/categories?post=17936"},{"taxonomy":"post_tag","embeddable":true,"href":"https:\/\/losperiodistas.com.mx\/portal\/wp-json\/wp\/v2\/tags?post=17936"}],"curies":[{"name":"wp","href":"https:\/\/api.w.org\/{rel}","templated":true}]}}