{"id":17919,"date":"2021-12-20T13:59:10","date_gmt":"2021-12-20T19:59:10","guid":{"rendered":"http:\/\/losperiodistas.com.mx\/portal\/?p=17919"},"modified":"2021-12-20T14:49:29","modified_gmt":"2021-12-20T20:49:29","slug":"asume-augusta-diaz-dirigencia-del-pan-y-cambiara-lider-en-el-congreso-e-consulta","status":"publish","type":"post","link":"https:\/\/losperiodistas.com.mx\/portal\/asume-augusta-diaz-dirigencia-del-pan-y-cambiara-lider-en-el-congreso-e-consulta\/","title":{"rendered":"Asume Augusta D\u00edaz dirigencia del PAN y cambiar\u00e1 l\u00edder en el Congreso | E-Consulta"},"content":{"rendered":"\n<p style=\"font-size:18px\"><em>La nueva dirigencia ya eval\u00faa a quienes integran la fracci\u00f3n panista<\/em><\/p>\n\n\n\n<p><\/p>\n\n\n\n<figure class=\"wp-block-image size-large\"><img fetchpriority=\"high\" decoding=\"async\" width=\"1024\" height=\"679\" src=\"https:\/\/losperiodistas.com.mx\/portal\/wp-content\/uploads\/2021\/12\/Captura-de-Pantalla-2021-12-20-a-las-14.45.33-1024x679.png\" alt=\"\" class=\"wp-image-17920\" srcset=\"https:\/\/losperiodistas.com.mx\/portal\/wp-content\/uploads\/2021\/12\/Captura-de-Pantalla-2021-12-20-a-las-14.45.33-1024x679.png 1024w, https:\/\/losperiodistas.com.mx\/portal\/wp-content\/uploads\/2021\/12\/Captura-de-Pantalla-2021-12-20-a-las-14.45.33-300x199.png 300w, https:\/\/losperiodistas.com.mx\/portal\/wp-content\/uploads\/2021\/12\/Captura-de-Pantalla-2021-12-20-a-las-14.45.33-768x509.png 768w, https:\/\/losperiodistas.com.mx\/portal\/wp-content\/uploads\/2021\/12\/Captura-de-Pantalla-2021-12-20-a-las-14.45.33.png 1170w\" sizes=\"(max-width: 1024px) 100vw, 1024px\" \/><figcaption>Foto: Agencia Enfoque<\/figcaption><\/figure>\n\n\n\n<p><\/p>\n\n\n\n<p class=\"has-vivid-cyan-blue-color has-text-color has-medium-font-size\">MARIANA SALINAS \/ E-CONSULTA<\/p>\n\n\n\n<p><strong>Augusta D\u00edaz de Rivera Hern\u00e1ndez<\/strong>&nbsp;y&nbsp;<strong>Marcos Castro Mart\u00ednez&nbsp;<\/strong>rindieron protesta como presidenta y secretario general del Comit\u00e9 Directivo Estatal (CDE) del PAN en Puebla, y pusieron en vilo la continuidad del diputado&nbsp;<strong>Eduardo Alc\u00e1ntara Montiel&nbsp;<\/strong>como coordinador de la bancada en el Congreso local.<\/p>\n\n\n\n<p>Este lunes asumieron para el periodo 2021-2024 tras la elecci\u00f3n interna del pasado 14 de noviembre y en breve comenzar\u00e1 el proceso de entrega-recepci\u00f3n con la dirigencia saliente que estaba en manos del exsecretario General&nbsp;<strong>Jes\u00fas Giles Carmona.<\/strong><\/p>\n\n\n\n<p>En entrevista,<strong>&nbsp;D\u00edaz de Rivera<\/strong>&nbsp;revel\u00f3 que ya&nbsp;<strong>valora<\/strong>&nbsp;<strong>cambiar<\/strong>&nbsp;<strong>la coordinaci\u00f3n,&nbsp;<\/strong>as\u00ed que analizar\u00e1 el perfil de quienes integran la fracci\u00f3n panista en el Congreso.<\/p>\n\n\n\n<p>\u201c<strong>Estamos<\/strong>\u00a0<strong>valorando<\/strong>\u00a0<strong>quien<\/strong>\u00a0<strong>podr\u00eda dirigir<\/strong>\u00a0<strong>la bancada\u00a0<\/strong>del PAN y la nueva dirigencia tiene que valorar varios asuntos<strong>,\u00a0<\/strong>hay muchos panistas en el Congreso del estado\u201d, declar\u00f3.<\/p>\n\n\n\n<p>La nueva dirigente&nbsp;<strong>evit\u00f3 se\u00f1alar<\/strong>&nbsp;c\u00f3mo ser\u00e1 su relaci\u00f3n con el gobernador&nbsp;<strong>Luis Miguel Barbosa Huerta<\/strong>, pues sostuvo que por ahora estar\u00e1 ocupada del partido.<\/p>\n\n\n\n<p>\u201c<strong>No tenemos ninguna ruta<\/strong>\u00a0planeada con respecto al gobernador, nos ocuparemos en el partido de manera\u00a0<strong>muy<\/strong>\u00a0<strong>contundente<\/strong>\u201d, asegur\u00f3.<\/p>\n\n\n\n<p>Con<strong>\u00a07 mil 159 votos,<\/strong>\u00a0D\u00edaz de Rivera fue electa nueva presidenta del CDE, as\u00ed que su dirigencia ser\u00e1 la encargada de seleccionar a las y los candidatos que competir\u00e1n en la elecci\u00f3n de 2024, donde se disputar\u00e1 la\u00a0<strong>gubernatura de Puebla.<\/strong><\/p>\n\n\n\n<p>Fuente: https:\/\/www.e-consulta.com\/nota\/2021-12-20\/politica\/asume-augusta-diaz-dirigencia-del-pan-y-cambiara-lider-en-el-congreso<\/p>\n","protected":false},"excerpt":{"rendered":"<p>La nueva dirigencia ya eval\u00faa a quienes integran la fracci\u00f3n panista MARIANA SALINAS \/ E-CONSULTA Augusta D\u00edaz de Rivera Hern\u00e1ndez&nbsp;y&nbsp;Marcos [&hellip;]<\/p>\n","protected":false},"author":1,"featured_media":17920,"comment_status":"open","ping_status":"open","sticky":false,"template":"","format":"standard","meta":{"site-sidebar-layout":"default","site-content-layout":"","ast-site-content-layout":"default","site-content-style":"default","site-sidebar-style":"default","ast-global-header-display":"","ast-banner-title-visibility":"","ast-main-header-display":"","ast-hfb-above-header-display":"","ast-hfb-below-header-display":"","ast-hfb-mobile-header-display":"","site-post-title":"","ast-breadcrumbs-content":"","ast-featured-img":"","footer-sml-layout":"","theme-transparent-header-meta":"","adv-header-id-meta":"","stick-header-meta":"","header-above-stick-meta":"","header-main-stick-meta":"","header-below-stick-meta":"","astra-migrate-meta-layouts":"default","ast-page-background-enabled":"default","ast-page-background-meta":{"desktop":{"background-color":"var(--ast-global-color-4)","background-image":"","background-repeat":"repeat","background-position":"center center","background-size":"auto","background-attachment":"scroll","background-type":"","background-media":"","overlay-type":"","overlay-color":"","overlay-opacity":"","overlay-gradient":""},"tablet":{"background-color":"","background-image":"","background-repeat":"repeat","background-position":"center center","background-size":"auto","background-attachment":"scroll","background-type":"","background-media":"","overlay-type":"","overlay-color":"","overlay-opacity":"","overlay-gradient":""},"mobile":{"background-color":"","background-image":"","background-repeat":"repeat","background-position":"center center","background-size":"auto","background-attachment":"scroll","background-type":"","background-media":"","overlay-type":"","overlay-color":"","overlay-opacity":"","overlay-gradient":""}},"ast-content-background-meta":{"desktop":{"background-color":"var(--ast-global-color-5)","background-image":"","background-repeat":"repeat","background-position":"center center","background-size":"auto","background-attachment":"scroll","background-type":"","background-media":"","overlay-type":"","overlay-color":"","overlay-opacity":"","overlay-gradient":""},"tablet":{"background-color":"var(--ast-global-color-5)","background-image":"","background-repeat":"repeat","background-position":"center center","background-size":"auto","background-attachment":"scroll","background-type":"","background-media":"","overlay-type":"","overlay-color":"","overlay-opacity":"","overlay-gradient":""},"mobile":{"background-color":"var(--ast-global-color-5)","background-image":"","background-repeat":"repeat","background-position":"center center","background-size":"auto","background-attachment":"scroll","background-type":"","background-media":"","overlay-type":"","overlay-color":"","overlay-opacity":"","overlay-gradient":""}},"footnotes":""},"categories":[8],"tags":[6285,6287,6286,2331],"class_list":["post-17919","post","type-post","status-publish","format-standard","has-post-thumbnail","hentry","category-noticias","tag-augusta-diaz-de-rivera-hernandez","tag-jesus-giles-carmona","tag-marcos-castro-martinez","tag-pan-puebla"],"_links":{"self":[{"href":"https:\/\/losperiodistas.com.mx\/portal\/wp-json\/wp\/v2\/posts\/17919","targetHints":{"allow":["GET"]}}],"collection":[{"href":"https:\/\/losperiodistas.com.mx\/portal\/wp-json\/wp\/v2\/posts"}],"about":[{"href":"https:\/\/losperiodistas.com.mx\/portal\/wp-json\/wp\/v2\/types\/post"}],"author":[{"embeddable":true,"href":"https:\/\/losperiodistas.com.mx\/portal\/wp-json\/wp\/v2\/users\/1"}],"replies":[{"embeddable":true,"href":"https:\/\/losperiodistas.com.mx\/portal\/wp-json\/wp\/v2\/comments?post=17919"}],"version-history":[{"count":1,"href":"https:\/\/losperiodistas.com.mx\/portal\/wp-json\/wp\/v2\/posts\/17919\/revisions"}],"predecessor-version":[{"id":17921,"href":"https:\/\/losperiodistas.com.mx\/portal\/wp-json\/wp\/v2\/posts\/17919\/revisions\/17921"}],"wp:featuredmedia":[{"embeddable":true,"href":"https:\/\/losperiodistas.com.mx\/portal\/wp-json\/wp\/v2\/media\/17920"}],"wp:attachment":[{"href":"https:\/\/losperiodistas.com.mx\/portal\/wp-json\/wp\/v2\/media?parent=17919"}],"wp:term":[{"taxonomy":"category","embeddable":true,"href":"https:\/\/losperiodistas.com.mx\/portal\/wp-json\/wp\/v2\/categories?post=17919"},{"taxonomy":"post_tag","embeddable":true,"href":"https:\/\/losperiodistas.com.mx\/portal\/wp-json\/wp\/v2\/tags?post=17919"}],"curies":[{"name":"wp","href":"https:\/\/api.w.org\/{rel}","templated":true}]}}