{"id":17916,"date":"2021-12-20T14:36:19","date_gmt":"2021-12-20T20:36:19","guid":{"rendered":"http:\/\/losperiodistas.com.mx\/portal\/?p=17916"},"modified":"2021-12-20T14:36:21","modified_gmt":"2021-12-20T20:36:21","slug":"la-oms-confirma-que-los-vacunados-y-curados-de-covid-pueden-infectarse-por-omicron-efe","status":"publish","type":"post","link":"https:\/\/losperiodistas.com.mx\/portal\/la-oms-confirma-que-los-vacunados-y-curados-de-covid-pueden-infectarse-por-omicron-efe\/","title":{"rendered":"La OMS confirma que los vacunados y curados de covid pueden infectarse por \u00f3micron | EFE"},"content":{"rendered":"\n<p><\/p>\n\n\n\n<figure class=\"wp-block-image size-large\"><img fetchpriority=\"high\" decoding=\"async\" width=\"600\" height=\"399\" src=\"https:\/\/losperiodistas.com.mx\/portal\/wp-content\/uploads\/2021\/12\/imagenoms.jpeg\" alt=\"\" class=\"wp-image-17917\" srcset=\"https:\/\/losperiodistas.com.mx\/portal\/wp-content\/uploads\/2021\/12\/imagenoms.jpeg 600w, https:\/\/losperiodistas.com.mx\/portal\/wp-content\/uploads\/2021\/12\/imagenoms-300x200.jpeg 300w\" sizes=\"(max-width: 600px) 100vw, 600px\" \/><figcaption>El director general de la OMS Tedros Adhanom Ghebreyesus, en una imagen de archvio. EFE\/EPA\/FABRICE COFFRINI<\/figcaption><\/figure>\n\n\n\n<p class=\"has-vivid-cyan-blue-color has-text-color has-medium-font-size\">EFE<\/p>\n\n\n\n<p>La Organizaci\u00f3n Mundial de la Salud (OMS) confirm\u00f3 hoy que hay evidencia robusta de que las personas que han sido vacunadas contra la covid-19 o aquellas que se infectaron en el pasado pueden contraer la variante \u00f3micron, cuya propagaci\u00f3n se acelera d\u00eda a d\u00eda alrededor del mundo.<\/p>\n\n\n\n<p>En una conferencia de prensa exclusiva para la prensa internacional en Ginebra, el director general de la OMS, Tedros Adhanom Ghebreyesus, dijo que la informaci\u00f3n que se est\u00e1 analizando sobre \u00f3micron indica que esta variante circula de forma m\u00e1s r\u00e1pida que las anteriores y que \u00abes probable que los vacunados y los que se han curado de covid se infecten o reinfecten\u00bb.<\/p>\n\n\n\n<p>Fuente: https:\/\/www.efe.com\/efe\/espana\/sociedad\/la-oms-confirma-que-los-vacunados-y-curados-de-covid-pueden-infectarse-por-omicron\/10004-4702478<\/p>\n","protected":false},"excerpt":{"rendered":"<p>EFE La Organizaci\u00f3n Mundial de la Salud (OMS) confirm\u00f3 hoy que hay evidencia robusta de que las personas que han [&hellip;]<\/p>\n","protected":false},"author":1,"featured_media":17917,"comment_status":"open","ping_status":"open","sticky":false,"template":"","format":"standard","meta":{"site-sidebar-layout":"default","site-content-layout":"","ast-site-content-layout":"default","site-content-style":"default","site-sidebar-style":"default","ast-global-header-display":"","ast-banner-title-visibility":"","ast-main-header-display":"","ast-hfb-above-header-display":"","ast-hfb-below-header-display":"","ast-hfb-mobile-header-display":"","site-post-title":"","ast-breadcrumbs-content":"","ast-featured-img":"","footer-sml-layout":"","theme-transparent-header-meta":"","adv-header-id-meta":"","stick-header-meta":"","header-above-stick-meta":"","header-main-stick-meta":"","header-below-stick-meta":"","astra-migrate-meta-layouts":"default","ast-page-background-enabled":"default","ast-page-background-meta":{"desktop":{"background-color":"var(--ast-global-color-4)","background-image":"","background-repeat":"repeat","background-position":"center center","background-size":"auto","background-attachment":"scroll","background-type":"","background-media":"","overlay-type":"","overlay-color":"","overlay-opacity":"","overlay-gradient":""},"tablet":{"background-color":"","background-image":"","background-repeat":"repeat","background-position":"center center","background-size":"auto","background-attachment":"scroll","background-type":"","background-media":"","overlay-type":"","overlay-color":"","overlay-opacity":"","overlay-gradient":""},"mobile":{"background-color":"","background-image":"","background-repeat":"repeat","background-position":"center center","background-size":"auto","background-attachment":"scroll","background-type":"","background-media":"","overlay-type":"","overlay-color":"","overlay-opacity":"","overlay-gradient":""}},"ast-content-background-meta":{"desktop":{"background-color":"var(--ast-global-color-5)","background-image":"","background-repeat":"repeat","background-position":"center center","background-size":"auto","background-attachment":"scroll","background-type":"","background-media":"","overlay-type":"","overlay-color":"","overlay-opacity":"","overlay-gradient":""},"tablet":{"background-color":"var(--ast-global-color-5)","background-image":"","background-repeat":"repeat","background-position":"center center","background-size":"auto","background-attachment":"scroll","background-type":"","background-media":"","overlay-type":"","overlay-color":"","overlay-opacity":"","overlay-gradient":""},"mobile":{"background-color":"var(--ast-global-color-5)","background-image":"","background-repeat":"repeat","background-position":"center center","background-size":"auto","background-attachment":"scroll","background-type":"","background-media":"","overlay-type":"","overlay-color":"","overlay-opacity":"","overlay-gradient":""}},"footnotes":""},"categories":[8],"tags":[6283,507,6284],"class_list":["post-17916","post","type-post","status-publish","format-standard","has-post-thumbnail","hentry","category-noticias","tag-omicron-riesgos","tag-oms","tag-recontagios-covid"],"_links":{"self":[{"href":"https:\/\/losperiodistas.com.mx\/portal\/wp-json\/wp\/v2\/posts\/17916","targetHints":{"allow":["GET"]}}],"collection":[{"href":"https:\/\/losperiodistas.com.mx\/portal\/wp-json\/wp\/v2\/posts"}],"about":[{"href":"https:\/\/losperiodistas.com.mx\/portal\/wp-json\/wp\/v2\/types\/post"}],"author":[{"embeddable":true,"href":"https:\/\/losperiodistas.com.mx\/portal\/wp-json\/wp\/v2\/users\/1"}],"replies":[{"embeddable":true,"href":"https:\/\/losperiodistas.com.mx\/portal\/wp-json\/wp\/v2\/comments?post=17916"}],"version-history":[{"count":1,"href":"https:\/\/losperiodistas.com.mx\/portal\/wp-json\/wp\/v2\/posts\/17916\/revisions"}],"predecessor-version":[{"id":17918,"href":"https:\/\/losperiodistas.com.mx\/portal\/wp-json\/wp\/v2\/posts\/17916\/revisions\/17918"}],"wp:featuredmedia":[{"embeddable":true,"href":"https:\/\/losperiodistas.com.mx\/portal\/wp-json\/wp\/v2\/media\/17917"}],"wp:attachment":[{"href":"https:\/\/losperiodistas.com.mx\/portal\/wp-json\/wp\/v2\/media?parent=17916"}],"wp:term":[{"taxonomy":"category","embeddable":true,"href":"https:\/\/losperiodistas.com.mx\/portal\/wp-json\/wp\/v2\/categories?post=17916"},{"taxonomy":"post_tag","embeddable":true,"href":"https:\/\/losperiodistas.com.mx\/portal\/wp-json\/wp\/v2\/tags?post=17916"}],"curies":[{"name":"wp","href":"https:\/\/api.w.org\/{rel}","templated":true}]}}