{"id":17906,"date":"2021-12-20T08:54:36","date_gmt":"2021-12-20T14:54:36","guid":{"rendered":"http:\/\/losperiodistas.com.mx\/portal\/?p=17906"},"modified":"2021-12-20T08:54:37","modified_gmt":"2021-12-20T14:54:37","slug":"el-foro-economico-mundial-de-davos-es-postergado-de-nuevo-por-culpa-de-la-variante-omicron-el-economista","status":"publish","type":"post","link":"https:\/\/losperiodistas.com.mx\/portal\/el-foro-economico-mundial-de-davos-es-postergado-de-nuevo-por-culpa-de-la-variante-omicron-el-economista\/","title":{"rendered":"El Foro Econ\u00f3mico Mundial de Davos es postergado de nuevo por culpa de la variante \u00d3micron | El Economista"},"content":{"rendered":"\n<p style=\"font-size:18px\"><em>El Foro Econ\u00f3mico Mundial previsto del 17 al 21 de enero en Davos, Suiza, fue \u00abpostergado\u00bb debido a la variante \u00d3micron del Covid-19, informaron la ma\u00f1ana de este lunes los organizadores en un comunicado.<\/em><\/p>\n\n\n\n<p><\/p>\n\n\n\n<figure class=\"wp-block-image size-large\"><img fetchpriority=\"high\" decoding=\"async\" width=\"1024\" height=\"682\" src=\"https:\/\/losperiodistas.com.mx\/portal\/wp-content\/uploads\/2021\/12\/davos-1024x682.jpg\" alt=\"\" class=\"wp-image-17907\" srcset=\"https:\/\/losperiodistas.com.mx\/portal\/wp-content\/uploads\/2021\/12\/davos-1024x682.jpg 1024w, https:\/\/losperiodistas.com.mx\/portal\/wp-content\/uploads\/2021\/12\/davos-300x200.jpg 300w, https:\/\/losperiodistas.com.mx\/portal\/wp-content\/uploads\/2021\/12\/davos-768x512.jpg 768w, https:\/\/losperiodistas.com.mx\/portal\/wp-content\/uploads\/2021\/12\/davos-1536x1023.jpg 1536w, https:\/\/losperiodistas.com.mx\/portal\/wp-content\/uploads\/2021\/12\/davos.jpg 2026w\" sizes=\"(max-width: 1024px) 100vw, 1024px\" \/><figcaption>REUTERS<\/figcaption><\/figure>\n\n\n\n<p class=\"has-vivid-cyan-blue-color has-text-color has-medium-font-size\">AFP \/ EL ECONOMISTA<\/p>\n\n\n\n<p>El&nbsp;<strong>Foro Econ\u00f3mico Mundial<\/strong>&nbsp;<a href=\"https:\/\/www.eleconomista.com.mx\/economia\/Foro-Economico-Mundial-regresara-a-Davos-del-17-al-21-de-enero-del-2022-20210916-0009.html\" target=\"_blank\" rel=\"noreferrer noopener\">previsto del 17 al 21 de enero en Davos<\/a>, Suiza, fue \u00abpostergado\u00bb debido a la&nbsp;<strong>variante \u00d3micron del Covid-19<\/strong>, informaron la ma\u00f1ana de este lunes los organizadores en un comunicado.<\/p>\n\n\n\n<p>La reuni\u00f3n que mezcla al mundo de los negocios, la pol\u00edtica y la diplomacia deber\u00eda celebrarse a comienzos del verano (boreal), indicaron los organizadores.&nbsp;<a href=\"https:\/\/www.eleconomista.com.mx\/internacionales\/Foro-Economico-Mundial-cancela-nuevamente-su-reunion-anual-por-la-pandemia--20210517-0054.html\" target=\"_blank\" rel=\"noreferrer noopener\">El a\u00f1o pasado este foro tuvo que ser anulado debido a la pandemia<\/a>.<\/p>\n\n\n\n<p>El WEF (seg\u00fan sus siglas en ingl\u00e9s) decidi\u00f3 de todos modos organizar una serie de sesiones en l\u00ednea llamadas \u00abel estado del mundo\u00bb, que deben permitir \u00abformular soluciones para los problemas m\u00e1s urgentes en el mundo\u00bb.<\/p>\n\n\n\n<blockquote class=\"wp-block-quote is-layout-flow wp-block-quote-is-layout-flow\"><p>\u00abLas condiciones actuales de la pandemia vuelven muy dif\u00edcil la organizaci\u00f3n de una reuni\u00f3n mundial en persona\u00bb, subraya el comunicado.<\/p><\/blockquote>\n\n\n\n<p>Desde su primera aparici\u00f3n en Sud\u00e1frica en noviembre, la&nbsp;<strong>variante \u00d3micron del Covid-19<\/strong>&nbsp;ha sido identificada en decenas de pa\u00edses, obligando a varios de ellos a reimponer restricciones de viaje y otras medidas.<\/p>\n\n\n\n<p>Aunque no parece ser m\u00e1s grave que la\u00a0<strong>variante Delta<\/strong>\u00a0&#8211;que sigue siendo la cepa dominante&#8211;,\u00a0<strong>\u00d3micron<\/strong>\u00a0parece tener una preocupante resistencia a las vacunas y una mayor transmisibilidad, seg\u00fan datos preliminares.<\/p>\n\n\n\n<p>Fuente: https:\/\/www.eleconomista.com.mx\/internacionales\/El-Foro-Economico-Mundial-de-Davos-es-postergado-de-nuevo-por-culpa-de-la-variante-Omicron&#8211;20211220-0017.html<\/p>\n","protected":false},"excerpt":{"rendered":"<p>El Foro Econ\u00f3mico Mundial previsto del 17 al 21 de enero en Davos, Suiza, fue \u00abpostergado\u00bb debido a la variante [&hellip;]<\/p>\n","protected":false},"author":1,"featured_media":17907,"comment_status":"open","ping_status":"open","sticky":false,"template":"","format":"standard","meta":{"site-sidebar-layout":"default","site-content-layout":"","ast-site-content-layout":"default","site-content-style":"default","site-sidebar-style":"default","ast-global-header-display":"","ast-banner-title-visibility":"","ast-main-header-display":"","ast-hfb-above-header-display":"","ast-hfb-below-header-display":"","ast-hfb-mobile-header-display":"","site-post-title":"","ast-breadcrumbs-content":"","ast-featured-img":"","footer-sml-layout":"","theme-transparent-header-meta":"","adv-header-id-meta":"","stick-header-meta":"","header-above-stick-meta":"","header-main-stick-meta":"","header-below-stick-meta":"","astra-migrate-meta-layouts":"default","ast-page-background-enabled":"default","ast-page-background-meta":{"desktop":{"background-color":"var(--ast-global-color-4)","background-image":"","background-repeat":"repeat","background-position":"center center","background-size":"auto","background-attachment":"scroll","background-type":"","background-media":"","overlay-type":"","overlay-color":"","overlay-opacity":"","overlay-gradient":""},"tablet":{"background-color":"","background-image":"","background-repeat":"repeat","background-position":"center center","background-size":"auto","background-attachment":"scroll","background-type":"","background-media":"","overlay-type":"","overlay-color":"","overlay-opacity":"","overlay-gradient":""},"mobile":{"background-color":"","background-image":"","background-repeat":"repeat","background-position":"center center","background-size":"auto","background-attachment":"scroll","background-type":"","background-media":"","overlay-type":"","overlay-color":"","overlay-opacity":"","overlay-gradient":""}},"ast-content-background-meta":{"desktop":{"background-color":"var(--ast-global-color-5)","background-image":"","background-repeat":"repeat","background-position":"center center","background-size":"auto","background-attachment":"scroll","background-type":"","background-media":"","overlay-type":"","overlay-color":"","overlay-opacity":"","overlay-gradient":""},"tablet":{"background-color":"var(--ast-global-color-5)","background-image":"","background-repeat":"repeat","background-position":"center center","background-size":"auto","background-attachment":"scroll","background-type":"","background-media":"","overlay-type":"","overlay-color":"","overlay-opacity":"","overlay-gradient":""},"mobile":{"background-color":"var(--ast-global-color-5)","background-image":"","background-repeat":"repeat","background-position":"center center","background-size":"auto","background-attachment":"scroll","background-type":"","background-media":"","overlay-type":"","overlay-color":"","overlay-opacity":"","overlay-gradient":""}},"footnotes":""},"categories":[8],"tags":[79,6282],"class_list":["post-17906","post","type-post","status-publish","format-standard","has-post-thumbnail","hentry","category-noticias","tag-davos-foro","tag-foro-economico-mundial-2022"],"_links":{"self":[{"href":"https:\/\/losperiodistas.com.mx\/portal\/wp-json\/wp\/v2\/posts\/17906","targetHints":{"allow":["GET"]}}],"collection":[{"href":"https:\/\/losperiodistas.com.mx\/portal\/wp-json\/wp\/v2\/posts"}],"about":[{"href":"https:\/\/losperiodistas.com.mx\/portal\/wp-json\/wp\/v2\/types\/post"}],"author":[{"embeddable":true,"href":"https:\/\/losperiodistas.com.mx\/portal\/wp-json\/wp\/v2\/users\/1"}],"replies":[{"embeddable":true,"href":"https:\/\/losperiodistas.com.mx\/portal\/wp-json\/wp\/v2\/comments?post=17906"}],"version-history":[{"count":1,"href":"https:\/\/losperiodistas.com.mx\/portal\/wp-json\/wp\/v2\/posts\/17906\/revisions"}],"predecessor-version":[{"id":17908,"href":"https:\/\/losperiodistas.com.mx\/portal\/wp-json\/wp\/v2\/posts\/17906\/revisions\/17908"}],"wp:featuredmedia":[{"embeddable":true,"href":"https:\/\/losperiodistas.com.mx\/portal\/wp-json\/wp\/v2\/media\/17907"}],"wp:attachment":[{"href":"https:\/\/losperiodistas.com.mx\/portal\/wp-json\/wp\/v2\/media?parent=17906"}],"wp:term":[{"taxonomy":"category","embeddable":true,"href":"https:\/\/losperiodistas.com.mx\/portal\/wp-json\/wp\/v2\/categories?post=17906"},{"taxonomy":"post_tag","embeddable":true,"href":"https:\/\/losperiodistas.com.mx\/portal\/wp-json\/wp\/v2\/tags?post=17906"}],"curies":[{"name":"wp","href":"https:\/\/api.w.org\/{rel}","templated":true}]}}