{"id":17726,"date":"2021-12-16T08:53:01","date_gmt":"2021-12-16T14:53:01","guid":{"rendered":"http:\/\/losperiodistas.com.mx\/portal\/?p=17726"},"modified":"2021-12-16T08:53:03","modified_gmt":"2021-12-16T14:53:03","slug":"crisis-migratoria-en-latinoamerica-2021-el-ano-que-reventaron-las-fronteras-euronews","status":"publish","type":"post","link":"https:\/\/losperiodistas.com.mx\/portal\/crisis-migratoria-en-latinoamerica-2021-el-ano-que-reventaron-las-fronteras-euronews\/","title":{"rendered":"Crisis migratoria en Latinoam\u00e9rica | 2021, el a\u00f1o que reventaron las fronteras | Euronews"},"content":{"rendered":"\n<p><\/p>\n\n\n\n<figure class=\"wp-block-embed is-type-video is-provider-youtube wp-block-embed-youtube wp-embed-aspect-16-9 wp-has-aspect-ratio\"><div class=\"wp-block-embed__wrapper\">\n<iframe title=\"CRISIS MIGRATORIA | Reventaron las fronteras en Latinoam\u00e9rica\" width=\"500\" height=\"281\" src=\"https:\/\/www.youtube.com\/embed\/C7iaw9UeVns?feature=oembed\" frameborder=\"0\" allow=\"accelerometer; autoplay; clipboard-write; encrypted-media; gyroscope; picture-in-picture; web-share\" referrerpolicy=\"strict-origin-when-cross-origin\" allowfullscreen><\/iframe>\n<\/div><figcaption><em>Migrantes tratan de subir a un trailer en Jes\u00fas Carranza, en el estado mexicano de Veracruz\u00a0<\/em>\u00a0\u00a0&#8211;\u00a0\u00a0\u00a0Derechos de autor\u00a0\u00a0<a href=\"https:\/\/es.euronews.com\/2021\/12\/15\/crisis-migratoria-en-latinoamerica-2021-el-ano-que-reventaron-las-fronteras#\">Felix Marquez\/Copyright 2021 The Associated Press. All rights reserved.<\/a><\/figcaption><\/figure>\n\n\n\n<p><\/p>\n\n\n\n<p class=\"has-vivid-cyan-blue-color has-text-color has-medium-font-size\">CARMEN MEN\u00c9NDEZ \/ EURONEWS<\/p>\n\n\n\n<p><strong>Latinoam\u00e9rica ha vivido en este 2021 una crisis migratoria sin precedentes, tanto por el volumen de personas como por su diversidad y el n\u00famero de fronteras que est\u00e1n dispuestas a cruzar para llegar a su destino.<\/strong><\/p>\n\n\n\n<p>Chiapas. M\u00e9xico, 9 de diciembre. Un cami\u00f3n con 160 migrantes hacinados en dos contenedores pierde el control y se estrella contra un puente. La tragedia es inconmensurable, al menos 55 muertos, m\u00e1s de un centenar de heridos.<\/p>\n\n\n\n<p>Los supervivientes, de Guatemala, Honduras, Ecuador, Rep\u00fablica Dominicana, pagaron hasta 3500 d\u00f3lares solo para llegar hasta Puebla.PUBLICIDAD<\/p>\n\n\n\n<h2 class=\"wp-block-heading\">Una crisis con niveles nunca vistos<\/h2>\n\n\n\n<p>Su historia es el siniestro colof\u00f3n de este 2021, un a\u00f1o en el que la crisis migratoria en Latinoam\u00e9rica ha alcanzado niveles nunca vistos, un a\u00f1o en el que, como veremos, reventaron las fronteras.<\/p>\n\n\n\n<p>En Am\u00e9rica Latina siempre ha habido movimientos de poblaci\u00f3n, al ritmo de las diversas crisis, pero el fen\u00f3meno actual no tiene precedentes, tanto por el volumen de migrantes y su diversidad, como por el n\u00famero de fronteras que est\u00e1n dispuestos a cruzar para llegar a su destino.<\/p>\n\n\n\n<p>As\u00ed este a\u00f1o hemos visto oleadas de haitianos cruzando la peligrosa selva colombiana de Dari\u00e9n. Y venezolanos arriesgando su vida en el inh\u00f3spito desierto de Atacama para tratar de abrirse camino en Chile.<\/p>\n\n\n\n<h2 class=\"wp-block-heading\">Puntos calientes de la crisis migratoria en Latinoam\u00e9rica<\/h2>\n\n\n\n<p>Sigan con nosotros y les llevaremos al coraz\u00f3n del fen\u00f3meno, a la frontera entre M\u00e9xico y Estados Unidos y a tres puntos calientes de esta crisis:<\/p>\n\n\n\n<p>&#8211; Tapachula, en el extremo sur de M\u00e9xico,<\/p>\n\n\n\n<p>&#8211; La ruta entre Necocl\u00ed, en Colombia, y Bajo Chiquito en Panam\u00e1 a trav\u00e9s de la selva de Dari\u00e9n.<\/p>\n\n\n\n<p>&#8211; Y mucho m\u00e1s al sur, la ciudad chilena de Iquique, donde el rechazo a los inmigrantes venezolanos hizo eclosi\u00f3n este a\u00f1o en forma de actos violentos contra ellos.<\/p>\n\n\n\n<figure class=\"wp-block-image\"><img decoding=\"async\" src=\"https:\/\/static.euronews.com\/articles\/stories\/06\/30\/82\/68\/808x454_cmsv2_93786fb6-1a85-5d08-86ef-b98c04e8c843-6308268.jpg\" alt=\"euronews\"\/><figcaption><em>Los puntos calientes de la migraci\u00f3n en Latinoam\u00e9rica<\/em>euronews<\/figcaption><\/figure>\n\n\n\n<h2 class=\"wp-block-heading\">M\u00e9xico, muro de contenci\u00f3n de la migraci\u00f3n desde Centroam\u00e9rica<\/h2>\n\n\n\n<p>Comenzamos en M\u00e9xico, un pa\u00eds que bajo presi\u00f3n de Estados Unidos se ha convertido en una especie de muro de contenci\u00f3n de la migraci\u00f3n desde Centroam\u00e9rica.<\/p>\n\n\n\n<p>Nunca las autoridades mexicanas hab\u00edan detenido a tantas personas en situaci\u00f3n irregular, m\u00e1s de 228.000 hasta octubre, con agentes fronterizos, marina, ej\u00e9rcito y Guardia Nacional encargados de parar los pies a la avalancha migratoria. El n\u00famero de solicitudes de asilo tambi\u00e9n ha alcanzado m\u00e1ximos hist\u00f3ricos.<\/p>\n\n\n\n<h2 class=\"wp-block-heading\">Tapachula, una \u00abprisi\u00f3n al aire libre\u00bb<\/h2>\n\n\n\n<p>La pol\u00edtica de mano dura del Gobierno mexicano se ha visto reflejada sobre todo en Tapachula, en Chiapas, cerca de la frontera con Guatemala.<\/p>\n\n\n\n<p>En esta localidad, miles de migrantes se han quedado literalemente atrapados. Las autoridades les impiden salir hasta que no resuelvan su situaci\u00f3n migratoria. Pero los procesos se eternizan sin respuesta.<\/p>\n\n\n\n<p>Grupos de activistas denuncian que Tapachula se ha convertido en una prisi\u00f3n al aire libre y acusan a M\u00e9xico de utilizar la estrategia del agotamiento para que los haitianos y centroamericanos que han entrado en el pa\u00eds desistan de seguir adelante.<\/p>\n\n\n\n<h2 class=\"wp-block-heading\">Estados Unidos: r\u00e9cord de personas en situaci\u00f3n irregular interceptadas en la frontera<\/h2>\n\n\n\n<p>Del otro lado de la frontera norte, en Estados Unidos, la situaci\u00f3n es la misma.<\/p>\n\n\n\n<p>Las autoridades aduaneras estadounidenses han interceptado a 1,7 millones de personas en situaci\u00f3n irregular, triplicando las cifras de a\u00f1os anteriores. La llegada de Joe Biden a la presidencia cre\u00f3 faltas esperanzas, generando una aut\u00e9ntica avalancha migratoria hacia el pa\u00eds.<\/p>\n\n\n\n<p>Ante las dimensiones del problema,&nbsp;<strong>los Gobiernos de Biden y L\u00f3pez Obrador han terminado el a\u00f1o resucitando el pol\u00e9mico \u00abQu\u00e9date en M\u00e9xico\u00bb<\/strong>, un programa de la era Trump, que obliga a los solicitantes de asilo a permanecer del lado mexicano hasta que se resuelve su caso&#8230; soportando esperas que se vuelven eternas.<\/p>\n\n\n\n<h2 class=\"wp-block-heading\">La ruta de todos los peligros: de Necocl\u00ed a Bajo Chiquito por la selva del Dari\u00e9n<\/h2>\n\n\n\n<p>Mucho antes de llegar a M\u00e9xico, miles de migrantes, principalmente haitianos y venezolanos, transitan por un ruta temible, entre la localidad colombiana de Necocl\u00ed y la aldea paname\u00f1a de Bajo Chiquito,atravesando el golfo de Urab\u00e1 y la peligros\u00edsima selva de Dari\u00e9n.<\/p>\n\n\n\n<p>Errando por las calles de Necocl\u00ed lleg\u00f3 a haber este a\u00f1o unos 20.000 migrantes esperando para subirse a un ferry o una lancha informal para cruzar el golfo.<\/p>\n\n\n\n<p>Y esta solo es la primera etapa. Los migrantes, que a menudo ya han transitado antes por Brasil, Per\u00fa, Ecuador o Chile, deben atravesar ahora la selva de Dari\u00e9n, con sus hijos y sus escasas pertenencias a cuestas. Una selva plagada de animales salvajes y dgrupos criminales.<\/p>\n\n\n\n<p>Del otro lado les espera una peque\u00f1a aldea ind\u00edgena paname\u00f1a llamada Bajo Chiquito, tambi\u00e9n desbordada por el fen\u00f3meno.<\/p>\n\n\n\n<figure class=\"wp-block-image\"><img decoding=\"async\" src=\"https:\/\/static.euronews.com\/articles\/stories\/06\/30\/82\/68\/808x454_cmsv2_5d2ff524-6745-506a-be09-257349d8a142-6308268.jpg\" alt=\"Google earth v\u00eda euronews\"\/><figcaption><em>De Necocl\u00ed a Bajo Chiquito por la selva del Dari\u00e9n<\/em>Google earth v\u00eda euronews<\/figcaption><\/figure>\n\n\n\n<h2 class=\"wp-block-heading\">Iquique, donde estall\u00f3 la tensi\u00f3n de forma dram\u00e1tica<\/h2>\n\n\n\n<p>Este a\u00f1o el mundo tambi\u00e9n descubri\u00f3 la crisis migratoria que se viene gestando desde hace tiempo en Chile. Y lo hizo de forma brutal, sorprendido por la violencia con la que manifestantes quemaban en la localidad costera de Iquique, en el norte del pa\u00eds, las pertenencias de un campamento informal habitado por venezolanos. En las llamas ardieron desde colchones a juguetes o pa\u00f1ales.<\/p>\n\n\n\n<p>Este estallido de odio fue el culmen de la tensi\u00f3n creciente generada por una d\u00e9cada de llegada masiva de migrantes en situaci\u00f3n irregular.<\/p>\n\n\n\n<p><strong>Pasan desde Bolivia, atravesando el desierto de Atacama, considerado el m\u00e1s \u00e1rido del mundo.<\/strong>&nbsp;El peque\u00f1o pueblo de Colchane se encuentra en su camino. All\u00ed llegan en muy mal estado. Algunos incluso dejan la vida en el intento. Los que pueden y tienen medios siguen camino hacia Santiago, mientras otros recaban en Iquique, donde sobreviven en albergues o campamentos improvisados.<\/p>\n\n\n\n<h2 class=\"wp-block-heading\">Las caras del fen\u00f3meno<\/h2>\n\n\n\n<p>Venezuela sigue bombeando migrantes a toda Latinoam\u00e9rica. Se calcula que ya han salido del pa\u00eds 5,6 millones de personas. de los que 4,6 millones siguen en la regi\u00f3n.<\/p>\n\n\n\n<p>La violencia, la pobreza y el desgobierno que gangrenan Hait\u00ed tambi\u00e9n provocan olas de gente desesperada. El otro gran foco sigue siendo Centroam\u00e9rica, pero los rostros del fen\u00f3meno son cada vez m\u00e1s diversos, y no es raro encontrarse con grupos de asi\u00e1ticos o africanos.<\/p>\n\n\n\n<p>Fuente: https:\/\/es.euronews.com\/2021\/12\/15\/crisis-migratoria-en-latinoamerica-2021-el-ano-que-reventaron-las-fronteras<\/p>\n","protected":false},"excerpt":{"rendered":"<p>CARMEN MEN\u00c9NDEZ \/ EURONEWS Latinoam\u00e9rica ha vivido en este 2021 una crisis migratoria sin precedentes, tanto por el volumen de [&hellip;]<\/p>\n","protected":false},"author":1,"featured_media":17727,"comment_status":"open","ping_status":"open","sticky":false,"template":"","format":"standard","meta":{"site-sidebar-layout":"default","site-content-layout":"","ast-site-content-layout":"default","site-content-style":"default","site-sidebar-style":"default","ast-global-header-display":"","ast-banner-title-visibility":"","ast-main-header-display":"","ast-hfb-above-header-display":"","ast-hfb-below-header-display":"","ast-hfb-mobile-header-display":"","site-post-title":"","ast-breadcrumbs-content":"","ast-featured-img":"","footer-sml-layout":"","theme-transparent-header-meta":"","adv-header-id-meta":"","stick-header-meta":"","header-above-stick-meta":"","header-main-stick-meta":"","header-below-stick-meta":"","astra-migrate-meta-layouts":"default","ast-page-background-enabled":"default","ast-page-background-meta":{"desktop":{"background-color":"var(--ast-global-color-4)","background-image":"","background-repeat":"repeat","background-position":"center center","background-size":"auto","background-attachment":"scroll","background-type":"","background-media":"","overlay-type":"","overlay-color":"","overlay-opacity":"","overlay-gradient":""},"tablet":{"background-color":"","background-image":"","background-repeat":"repeat","background-position":"center center","background-size":"auto","background-attachment":"scroll","background-type":"","background-media":"","overlay-type":"","overlay-color":"","overlay-opacity":"","overlay-gradient":""},"mobile":{"background-color":"","background-image":"","background-repeat":"repeat","background-position":"center center","background-size":"auto","background-attachment":"scroll","background-type":"","background-media":"","overlay-type":"","overlay-color":"","overlay-opacity":"","overlay-gradient":""}},"ast-content-background-meta":{"desktop":{"background-color":"var(--ast-global-color-5)","background-image":"","background-repeat":"repeat","background-position":"center center","background-size":"auto","background-attachment":"scroll","background-type":"","background-media":"","overlay-type":"","overlay-color":"","overlay-opacity":"","overlay-gradient":""},"tablet":{"background-color":"var(--ast-global-color-5)","background-image":"","background-repeat":"repeat","background-position":"center center","background-size":"auto","background-attachment":"scroll","background-type":"","background-media":"","overlay-type":"","overlay-color":"","overlay-opacity":"","overlay-gradient":""},"mobile":{"background-color":"var(--ast-global-color-5)","background-image":"","background-repeat":"repeat","background-position":"center center","background-size":"auto","background-attachment":"scroll","background-type":"","background-media":"","overlay-type":"","overlay-color":"","overlay-opacity":"","overlay-gradient":""}},"footnotes":""},"categories":[8],"tags":[6206],"class_list":["post-17726","post","type-post","status-publish","format-standard","has-post-thumbnail","hentry","category-noticias","tag-crisis-migratoria-latinoamerica"],"_links":{"self":[{"href":"https:\/\/losperiodistas.com.mx\/portal\/wp-json\/wp\/v2\/posts\/17726","targetHints":{"allow":["GET"]}}],"collection":[{"href":"https:\/\/losperiodistas.com.mx\/portal\/wp-json\/wp\/v2\/posts"}],"about":[{"href":"https:\/\/losperiodistas.com.mx\/portal\/wp-json\/wp\/v2\/types\/post"}],"author":[{"embeddable":true,"href":"https:\/\/losperiodistas.com.mx\/portal\/wp-json\/wp\/v2\/users\/1"}],"replies":[{"embeddable":true,"href":"https:\/\/losperiodistas.com.mx\/portal\/wp-json\/wp\/v2\/comments?post=17726"}],"version-history":[{"count":1,"href":"https:\/\/losperiodistas.com.mx\/portal\/wp-json\/wp\/v2\/posts\/17726\/revisions"}],"predecessor-version":[{"id":17728,"href":"https:\/\/losperiodistas.com.mx\/portal\/wp-json\/wp\/v2\/posts\/17726\/revisions\/17728"}],"wp:featuredmedia":[{"embeddable":true,"href":"https:\/\/losperiodistas.com.mx\/portal\/wp-json\/wp\/v2\/media\/17727"}],"wp:attachment":[{"href":"https:\/\/losperiodistas.com.mx\/portal\/wp-json\/wp\/v2\/media?parent=17726"}],"wp:term":[{"taxonomy":"category","embeddable":true,"href":"https:\/\/losperiodistas.com.mx\/portal\/wp-json\/wp\/v2\/categories?post=17726"},{"taxonomy":"post_tag","embeddable":true,"href":"https:\/\/losperiodistas.com.mx\/portal\/wp-json\/wp\/v2\/tags?post=17726"}],"curies":[{"name":"wp","href":"https:\/\/api.w.org\/{rel}","templated":true}]}}