{"id":17720,"date":"2021-12-16T06:52:37","date_gmt":"2021-12-16T12:52:37","guid":{"rendered":"http:\/\/losperiodistas.com.mx\/portal\/?p=17720"},"modified":"2021-12-16T06:52:38","modified_gmt":"2021-12-16T12:52:38","slug":"efemerides-del-16-de-diciembre-que-paso-un-dia-como-hoy-adn-40","status":"publish","type":"post","link":"https:\/\/losperiodistas.com.mx\/portal\/efemerides-del-16-de-diciembre-que-paso-un-dia-como-hoy-adn-40\/","title":{"rendered":"Efem\u00e9rides del 16 de diciembre: Qu\u00e9 pas\u00f3 un d\u00eda como hoy | ADN 40"},"content":{"rendered":"\n<p style=\"font-size:18px\"><em> El 16 de diciembre nace el m\u00fasico Ludwing van Beethoven en Alemania. Conoce las efem\u00e9rides de este d\u00eda.<\/em><\/p>\n\n\n\n<p><\/p>\n\n\n\n<figure class=\"wp-block-image size-large\"><img fetchpriority=\"high\" decoding=\"async\" width=\"968\" height=\"675\" src=\"https:\/\/losperiodistas.com.mx\/portal\/wp-content\/uploads\/2021\/12\/efem-dic-16.jpeg\" alt=\"\" class=\"wp-image-17721\" srcset=\"https:\/\/losperiodistas.com.mx\/portal\/wp-content\/uploads\/2021\/12\/efem-dic-16.jpeg 968w, https:\/\/losperiodistas.com.mx\/portal\/wp-content\/uploads\/2021\/12\/efem-dic-16-300x209.jpeg 300w, https:\/\/losperiodistas.com.mx\/portal\/wp-content\/uploads\/2021\/12\/efem-dic-16-768x536.jpeg 768w\" sizes=\"(max-width: 968px) 100vw, 968px\" \/><\/figure>\n\n\n\n<p class=\"has-vivid-cyan-blue-color has-text-color has-medium-font-size\">ADN 40<\/p>\n\n\n\n<h2 class=\"wp-block-heading\">Qu\u00e9 se conmemora cada 16 de diciembre<\/h2>\n\n\n\n<p>En 1966, la Asamblea General de las Naciones Unidas adopt\u00f3 los Pactos de Nueva York, los cuales son el Pacto Internacional de Derechos Civiles y Pol\u00edticos y el Pacto Internacional de Derechos Econ\u00f3micos, Sociales y Culturales. Estos son un refuerzo a la Declaraci\u00f3n Universal de los Derechos Humanos de 1948.<\/p>\n\n\n\n<p>En 1944, Adolf Hitler orden\u00f3 atacar por sorpresa a las fuerzas aliadas que estaban desplegadas a lo largo del Frente Occidental, tom\u00e1ndolas desprevenidas y creando una bolsa de 100 km de profundidad en el frente, en la regi\u00f3n de Las Ardenas.<\/p>\n\n\n\n<figure class=\"wp-block-image\"><img decoding=\"async\" src=\"https:\/\/tvazteca.brightspotcdn.com\/dims4\/default\/790949e\/2147483647\/strip\/true\/crop\/320x240+0+0\/resize\/968x726!\/format\/jpg\/quality\/80\/?url=https%3A%2F%2Ftvazteca.brightspotcdn.com%2F0d%2Ff1%2F5f1a12bfc4afc6b88acc26e47aa0%2Fhitler-1455984.jpg\" alt=\"Hitler\"\/><figcaption>Hitler<\/figcaption><\/figure>\n\n\n\n<p>Debido al mal estado del clima, nieblas y lluvias, la aviaci\u00f3n a\u00e9rea aliada se vio perjudicada y no pudo contraatacar, por lo que durante varios d\u00edas pareci\u00f3 cercana la victoria alemana. El 23 de diciembre, tras varios d\u00edas de feroz resistencia por parte de los aliados, el estado del clima dio paso a un cielo despejado y comenz\u00f3 la contraofensiva aliada que les conducir\u00e1 a la victoria. 110 mil alemanes y 80 mil aliados causar\u00e1n bajas, entre muertos, heridos y desaparecidos.<\/p>\n\n\n\n<h2 class=\"wp-block-heading\">Nacimientos<\/h2>\n\n\n\n<p>1866: Naci\u00f3 en Mosc\u00fa Wassily Kandinsky, artista que en sus obras pint\u00f3 sus sentimientos internos en una b\u00fasqueda de lo espiritual al interpretar lo que \u00e9l siente al ver el mundo. De alguna manera fue despreciado y muy criticado por su nueva forma de pintar. Es considerado el inventor de la pintura abstracta.<\/p>\n\n\n\n<figure class=\"wp-block-image\"><img decoding=\"async\" src=\"https:\/\/tvazteca.brightspotcdn.com\/dims4\/default\/70a663d\/2147483647\/strip\/true\/crop\/290x400+0+0\/resize\/968x1335!\/format\/jpg\/quality\/80\/?url=https%3A%2F%2Ftvazteca.brightspotcdn.com%2F78%2F9a%2F239cc6e14331af9a6da7fbcae25e%2Fkandinsky.jpg\" alt=\"kandinsky\"\/><\/figure>\n\n\n\n<p>1775:En Steventon, Inglaterra, naci\u00f3 Jane Austen, importante novelista brit\u00e1nica, quien vivi\u00f3 entre dos \u00e9pocas, la Georgiana y la Victoriana. Sus obras obtuvieron \u00e9xito desde su publicaci\u00f3n, al ser de un estilo muy diferente al romanticismo vigente en la \u00e9poca. Ser\u00e1 considerada como una de las m\u00e1s grandes escritoras de la novela inglesa.<\/p>\n\n\n\n<p>1770: Naci\u00f3 en Bonn, Alemania, Ludwing van Beethoven considerado como el principal precursor de la transici\u00f3n del clasicismo al romanticismo y genio universal de la m\u00fasica, cuya vida cont\u00f3 con tres per\u00edodos creativos diferenciados.<\/p>\n\n\n\n<h2 class=\"wp-block-heading\">Efem\u00e9rides de M\u00e9xico<\/h2>\n\n\n\n<p>De acuerdo con la Secretar\u00eda de Educaci\u00f3n P\u00fablica (SEP) estas son algunas de las&nbsp;<strong>efem\u00e9rides<\/strong>&nbsp;de M\u00e9xico de cada&nbsp;<strong>16 de diciembre<\/strong>:<\/p>\n\n\n\n<p>1845: Muere en M\u00e9rida, Pedro Sainz de Baranda, capit\u00e1n de la Marina mexicana que logr\u00f3 expulsar de M\u00e9xico a los espa\u00f1oles que permanecieron en el fuerte de San Juan de Ul\u00faa hasta 1825.<\/p>\n\n\n\n<p>1973: Muere en la Ciudad de M\u00e9xico, Marte R. G\u00f3mez, ingeniero agr\u00f3nomo y pol\u00edtico tamaulipeco, que particip\u00f3 en las las zapatistas y m\u00e1s tarde fue Secretario de Agricultura.<\/p>\n\n\n\n<p>1936: El presidente L\u00e1zaro C\u00e1rdenas del R\u00edo dispone la creaci\u00f3n de un parque nacional de Citlalt\u00e9petl que engloba el cono volc\u00e1nico y su \u00e1rea circundante, incluyendo en los municipios de Tlachichuca, Ciudad Serd\u00e1n, La Perla, Mariano Escobedo y Calcahualco, entre otros, en los estados de Puebla y Veracruz.<\/p>\n\n\n\n<p>Fuente: https:\/\/www.adn40.mx\/mexico\/efemerides-16-de-diciembre-me-especial<\/p>\n","protected":false},"excerpt":{"rendered":"<p>El 16 de diciembre nace el m\u00fasico Ludwing van Beethoven en Alemania. Conoce las efem\u00e9rides de este d\u00eda. ADN 40 [&hellip;]<\/p>\n","protected":false},"author":1,"featured_media":17721,"comment_status":"open","ping_status":"open","sticky":false,"template":"","format":"standard","meta":{"site-sidebar-layout":"default","site-content-layout":"","ast-site-content-layout":"default","site-content-style":"default","site-sidebar-style":"default","ast-global-header-display":"","ast-banner-title-visibility":"","ast-main-header-display":"","ast-hfb-above-header-display":"","ast-hfb-below-header-display":"","ast-hfb-mobile-header-display":"","site-post-title":"","ast-breadcrumbs-content":"","ast-featured-img":"","footer-sml-layout":"","theme-transparent-header-meta":"","adv-header-id-meta":"","stick-header-meta":"","header-above-stick-meta":"","header-main-stick-meta":"","header-below-stick-meta":"","astra-migrate-meta-layouts":"default","ast-page-background-enabled":"default","ast-page-background-meta":{"desktop":{"background-color":"var(--ast-global-color-4)","background-image":"","background-repeat":"repeat","background-position":"center center","background-size":"auto","background-attachment":"scroll","background-type":"","background-media":"","overlay-type":"","overlay-color":"","overlay-opacity":"","overlay-gradient":""},"tablet":{"background-color":"","background-image":"","background-repeat":"repeat","background-position":"center center","background-size":"auto","background-attachment":"scroll","background-type":"","background-media":"","overlay-type":"","overlay-color":"","overlay-opacity":"","overlay-gradient":""},"mobile":{"background-color":"","background-image":"","background-repeat":"repeat","background-position":"center center","background-size":"auto","background-attachment":"scroll","background-type":"","background-media":"","overlay-type":"","overlay-color":"","overlay-opacity":"","overlay-gradient":""}},"ast-content-background-meta":{"desktop":{"background-color":"var(--ast-global-color-5)","background-image":"","background-repeat":"repeat","background-position":"center center","background-size":"auto","background-attachment":"scroll","background-type":"","background-media":"","overlay-type":"","overlay-color":"","overlay-opacity":"","overlay-gradient":""},"tablet":{"background-color":"var(--ast-global-color-5)","background-image":"","background-repeat":"repeat","background-position":"center center","background-size":"auto","background-attachment":"scroll","background-type":"","background-media":"","overlay-type":"","overlay-color":"","overlay-opacity":"","overlay-gradient":""},"mobile":{"background-color":"var(--ast-global-color-5)","background-image":"","background-repeat":"repeat","background-position":"center center","background-size":"auto","background-attachment":"scroll","background-type":"","background-media":"","overlay-type":"","overlay-color":"","overlay-opacity":"","overlay-gradient":""}},"footnotes":""},"categories":[8],"tags":[6203,6202,6205,6204],"class_list":["post-17720","post","type-post","status-publish","format-standard","has-post-thumbnail","hentry","category-noticias","tag-jane-austen","tag-ludwing-van-beethoven","tag-pactos-de-nueva-york","tag-wassily-kandinsky"],"_links":{"self":[{"href":"https:\/\/losperiodistas.com.mx\/portal\/wp-json\/wp\/v2\/posts\/17720","targetHints":{"allow":["GET"]}}],"collection":[{"href":"https:\/\/losperiodistas.com.mx\/portal\/wp-json\/wp\/v2\/posts"}],"about":[{"href":"https:\/\/losperiodistas.com.mx\/portal\/wp-json\/wp\/v2\/types\/post"}],"author":[{"embeddable":true,"href":"https:\/\/losperiodistas.com.mx\/portal\/wp-json\/wp\/v2\/users\/1"}],"replies":[{"embeddable":true,"href":"https:\/\/losperiodistas.com.mx\/portal\/wp-json\/wp\/v2\/comments?post=17720"}],"version-history":[{"count":1,"href":"https:\/\/losperiodistas.com.mx\/portal\/wp-json\/wp\/v2\/posts\/17720\/revisions"}],"predecessor-version":[{"id":17722,"href":"https:\/\/losperiodistas.com.mx\/portal\/wp-json\/wp\/v2\/posts\/17720\/revisions\/17722"}],"wp:featuredmedia":[{"embeddable":true,"href":"https:\/\/losperiodistas.com.mx\/portal\/wp-json\/wp\/v2\/media\/17721"}],"wp:attachment":[{"href":"https:\/\/losperiodistas.com.mx\/portal\/wp-json\/wp\/v2\/media?parent=17720"}],"wp:term":[{"taxonomy":"category","embeddable":true,"href":"https:\/\/losperiodistas.com.mx\/portal\/wp-json\/wp\/v2\/categories?post=17720"},{"taxonomy":"post_tag","embeddable":true,"href":"https:\/\/losperiodistas.com.mx\/portal\/wp-json\/wp\/v2\/tags?post=17720"}],"curies":[{"name":"wp","href":"https:\/\/api.w.org\/{rel}","templated":true}]}}