{"id":17717,"date":"2021-12-16T06:24:54","date_gmt":"2021-12-16T12:24:54","guid":{"rendered":"http:\/\/losperiodistas.com.mx\/portal\/?p=17717"},"modified":"2021-12-16T06:24:55","modified_gmt":"2021-12-16T12:24:55","slug":"entre-2015-y-2020-aumento-37-9-por-ciento-la-pobreza-extrema-en-el-municipio-de-puebla-indica-coneval-ljo","status":"publish","type":"post","link":"https:\/\/losperiodistas.com.mx\/portal\/entre-2015-y-2020-aumento-37-9-por-ciento-la-pobreza-extrema-en-el-municipio-de-puebla-indica-coneval-ljo\/","title":{"rendered":"Entre 2015 y 2020 aument\u00f3 37.9 por ciento la pobreza extrema en el municipio de Puebla, indica Coneval | LJO"},"content":{"rendered":"\n<figure class=\"wp-block-image size-large\"><img fetchpriority=\"high\" decoding=\"async\" width=\"1024\" height=\"768\" src=\"https:\/\/losperiodistas.com.mx\/portal\/wp-content\/uploads\/2021\/12\/Foto-2-1-1068x801-1-1024x768.jpeg\" alt=\"\" class=\"wp-image-17718\" srcset=\"https:\/\/losperiodistas.com.mx\/portal\/wp-content\/uploads\/2021\/12\/Foto-2-1-1068x801-1-1024x768.jpeg 1024w, https:\/\/losperiodistas.com.mx\/portal\/wp-content\/uploads\/2021\/12\/Foto-2-1-1068x801-1-300x225.jpeg 300w, https:\/\/losperiodistas.com.mx\/portal\/wp-content\/uploads\/2021\/12\/Foto-2-1-1068x801-1-768x576.jpeg 768w, https:\/\/losperiodistas.com.mx\/portal\/wp-content\/uploads\/2021\/12\/Foto-2-1-1068x801-1.jpeg 1068w\" sizes=\"(max-width: 1024px) 100vw, 1024px\" \/><\/figure>\n\n\n\n<p class=\"has-vivid-cyan-blue-color has-text-color has-medium-font-size\">PATRICIA GUTI\u00c9RREZ RODR\u00cdGUEZ \/ LA JORNADA DE ORIENTE<\/p>\n\n\n\n<p>En cinco a\u00f1os increment\u00f3 37.9 por ciento la cantidad de personas en situaci\u00f3n de pobreza extrema en la ciudad de Puebla, llegando a un total de 89 mil 76, con lo cual se ubica en el octavo lugar a nivel pa\u00eds, de acuerdo los resultados de la \u201cMedici\u00f3n de la pobreza a nivel municipal 2020 y su comparativo con los a\u00f1os 2010 y 2015\u201d, realizada por el Consejo Nacional de Evaluaci\u00f3n de la Pol\u00edtica de Desarrollo Social (<a href=\"https:\/\/twitter.com\/coneval\" target=\"_blank\" rel=\"noreferrer noopener\">Coneval<\/a>).<\/p>\n\n\n\n<p>Se identifica a la poblaci\u00f3n en esa condici\u00f3n cuando su ingreso es inferior a la L\u00ednea de Pobreza Extrema por Ingresos (valor de la canasta alimentaria) y presenta al menos tres de las seis carencias sociales:&nbsp;<strong>alimentaci\u00f3n, rezago educativo, salud, seguridad social, servicios b\u00e1sicos de la vivienda, y calidad y espacios de la vivienda<\/strong>.<\/p>\n\n\n\n<p>En 2015 en la capital poblana 64 mil 586 habitantes estaban en esa situaci\u00f3n y se ubic\u00f3 en el sexto lugar en la rep\u00fablica con la mayor cifra; cinco a\u00f1os despu\u00e9s, fueron 24 mil 490 m\u00e1s.- Anuncio &#8211;<\/p>\n\n\n\n<p>Acapulco es el municipio con el mayor n\u00famero de personas en situaci\u00f3n de pobreza extrema, son 126 mil 672.<\/p>\n\n\n\n<p>En tanto que la cantidad de personas en<a href=\"https:\/\/www.lajornadadeoriente.com.mx\/puebla\/2018-2020-pobres-puebla\/\" target=\"_blank\" rel=\"noreferrer noopener\">&nbsp;situaci\u00f3n de pobreza<\/a>&nbsp;en la ciudad de Puebla se redujo 2.5 por ciento entre los a\u00f1os 2015 y 2020.<\/p>\n\n\n\n<p>En el documento presentado ayer por el Coneval se refiere que mientras en 2015 eran 699 mil 16 pobres, para 2020 la cifra se redujo a 680 mil 945, lo que implica que &nbsp;18 mil 71 personas dejaron de estar en esa situaci\u00f3n.<\/p>\n\n\n\n<p>Aunque la capital poblana mejor\u00f3 dos posiciones, contin\u00faa estando dentro de los cinco municipios con mayor n\u00famero de poblaci\u00f3n en pobreza. En 2015 ocupaba el segundo lugar en el pa\u00eds y cinco a\u00f1os despu\u00e9s pas\u00f3 al cuarto.<\/p>\n\n\n\n<p>Solo fue rebasada por Le\u00f3n, Guanajuato, con 816 mil 934&nbsp;<a href=\"https:\/\/www.lajornadadeoriente.com.mx\/puebla\/trabajadores-pobreza-laboral-canasta-coneval\/\" target=\"_blank\" rel=\"noreferrer noopener\">pobres;<\/a>&nbsp;Ecatepec de Morelos, con 786 mil 391; e Iztapalapa, con 722 mil 584.<\/p>\n\n\n\n<p>El Coneval refiri\u00f3 que, con los resultados de 2020, en general, se observa una mayor concentraci\u00f3n de la pobreza en algunas zonas espec\u00edficas que, en ocasiones trasciende los l\u00edmites administrativos.<\/p>\n\n\n\n<p>Por ejemplo, las regiones en donde hist\u00f3ricamente se han registrado las condiciones de mayores rezagos socioecon\u00f3micos como la del Nayar, la Tarahumara, Altos de Chiapas y la Mixteca (Oaxaca, Puebla y Guerrero), as\u00ed como la aglomeraci\u00f3n de personas en situaci\u00f3n de pobreza en los espacios urbanos.<\/p>\n\n\n\n<p>De 2010 a 2020 solo los municipios de San Pedro Garza Garc\u00eda (Nuevo Le\u00f3n), Hu\u00e9pac (Sonora) y la demarcaci\u00f3n territorial de Benito Ju\u00e1rez (Ciudad de M\u00e9xico) se posicionaron entre los de menor porcentaje de poblaci\u00f3n en situaci\u00f3n de pobreza extrema.<\/p>\n\n\n\n<p>Los municipios de Hu\u00e9pac, San Felipe de Jes\u00fas, Granados, Atil, \u00d3navas y San Javier en Sonora, desde 2010, se mantienen entre los de menor n\u00famero de personas en pobreza extrema.<\/p>\n\n\n\n<p>Estos tienen como caracter\u00edstica particular que su poblaci\u00f3n total es menor a los mil 100 habitantes y son unidades territoriales en el estado de Sonora con densidades poblacionales bajas.<\/p>\n\n\n\n<div class=\"wp-block-image\"><figure class=\"alignleft\"><img decoding=\"async\" src=\"https:\/\/www.lajornadadeoriente.com.mx\/wp-content\/uploads\/2021\/12\/Foto-15.jpg\" alt=\"\" class=\"wp-image-696853\"\/><\/figure><\/div>\n\n\n\n<p>Fuente: https:\/\/www.lajornadadeoriente.com.mx\/puebla\/entre-2015-2020-ingresaron-24-mil-990-personas-filas-pobreza-extrema-municipio-puebla-indica-coneval\/<\/p>\n","protected":false},"excerpt":{"rendered":"<p>PATRICIA GUTI\u00c9RREZ RODR\u00cdGUEZ \/ LA JORNADA DE ORIENTE En cinco a\u00f1os increment\u00f3 37.9 por ciento la cantidad de personas en [&hellip;]<\/p>\n","protected":false},"author":1,"featured_media":17718,"comment_status":"open","ping_status":"open","sticky":false,"template":"","format":"standard","meta":{"site-sidebar-layout":"default","site-content-layout":"","ast-site-content-layout":"default","site-content-style":"default","site-sidebar-style":"default","ast-global-header-display":"","ast-banner-title-visibility":"","ast-main-header-display":"","ast-hfb-above-header-display":"","ast-hfb-below-header-display":"","ast-hfb-mobile-header-display":"","site-post-title":"","ast-breadcrumbs-content":"","ast-featured-img":"","footer-sml-layout":"","theme-transparent-header-meta":"","adv-header-id-meta":"","stick-header-meta":"","header-above-stick-meta":"","header-main-stick-meta":"","header-below-stick-meta":"","astra-migrate-meta-layouts":"default","ast-page-background-enabled":"default","ast-page-background-meta":{"desktop":{"background-color":"var(--ast-global-color-4)","background-image":"","background-repeat":"repeat","background-position":"center center","background-size":"auto","background-attachment":"scroll","background-type":"","background-media":"","overlay-type":"","overlay-color":"","overlay-opacity":"","overlay-gradient":""},"tablet":{"background-color":"","background-image":"","background-repeat":"repeat","background-position":"center center","background-size":"auto","background-attachment":"scroll","background-type":"","background-media":"","overlay-type":"","overlay-color":"","overlay-opacity":"","overlay-gradient":""},"mobile":{"background-color":"","background-image":"","background-repeat":"repeat","background-position":"center center","background-size":"auto","background-attachment":"scroll","background-type":"","background-media":"","overlay-type":"","overlay-color":"","overlay-opacity":"","overlay-gradient":""}},"ast-content-background-meta":{"desktop":{"background-color":"var(--ast-global-color-5)","background-image":"","background-repeat":"repeat","background-position":"center center","background-size":"auto","background-attachment":"scroll","background-type":"","background-media":"","overlay-type":"","overlay-color":"","overlay-opacity":"","overlay-gradient":""},"tablet":{"background-color":"var(--ast-global-color-5)","background-image":"","background-repeat":"repeat","background-position":"center center","background-size":"auto","background-attachment":"scroll","background-type":"","background-media":"","overlay-type":"","overlay-color":"","overlay-opacity":"","overlay-gradient":""},"mobile":{"background-color":"var(--ast-global-color-5)","background-image":"","background-repeat":"repeat","background-position":"center center","background-size":"auto","background-attachment":"scroll","background-type":"","background-media":"","overlay-type":"","overlay-color":"","overlay-opacity":"","overlay-gradient":""}},"footnotes":""},"categories":[8],"tags":[2048,6201],"class_list":["post-17717","post","type-post","status-publish","format-standard","has-post-thumbnail","hentry","category-noticias","tag-coneval","tag-pobreza-extrema-puebla-capital"],"_links":{"self":[{"href":"https:\/\/losperiodistas.com.mx\/portal\/wp-json\/wp\/v2\/posts\/17717","targetHints":{"allow":["GET"]}}],"collection":[{"href":"https:\/\/losperiodistas.com.mx\/portal\/wp-json\/wp\/v2\/posts"}],"about":[{"href":"https:\/\/losperiodistas.com.mx\/portal\/wp-json\/wp\/v2\/types\/post"}],"author":[{"embeddable":true,"href":"https:\/\/losperiodistas.com.mx\/portal\/wp-json\/wp\/v2\/users\/1"}],"replies":[{"embeddable":true,"href":"https:\/\/losperiodistas.com.mx\/portal\/wp-json\/wp\/v2\/comments?post=17717"}],"version-history":[{"count":1,"href":"https:\/\/losperiodistas.com.mx\/portal\/wp-json\/wp\/v2\/posts\/17717\/revisions"}],"predecessor-version":[{"id":17719,"href":"https:\/\/losperiodistas.com.mx\/portal\/wp-json\/wp\/v2\/posts\/17717\/revisions\/17719"}],"wp:featuredmedia":[{"embeddable":true,"href":"https:\/\/losperiodistas.com.mx\/portal\/wp-json\/wp\/v2\/media\/17718"}],"wp:attachment":[{"href":"https:\/\/losperiodistas.com.mx\/portal\/wp-json\/wp\/v2\/media?parent=17717"}],"wp:term":[{"taxonomy":"category","embeddable":true,"href":"https:\/\/losperiodistas.com.mx\/portal\/wp-json\/wp\/v2\/categories?post=17717"},{"taxonomy":"post_tag","embeddable":true,"href":"https:\/\/losperiodistas.com.mx\/portal\/wp-json\/wp\/v2\/tags?post=17717"}],"curies":[{"name":"wp","href":"https:\/\/api.w.org\/{rel}","templated":true}]}}