{"id":17709,"date":"2021-12-16T06:09:27","date_gmt":"2021-12-16T12:09:27","guid":{"rendered":"http:\/\/losperiodistas.com.mx\/portal\/?p=17709"},"modified":"2021-12-16T06:09:29","modified_gmt":"2021-12-16T12:09:29","slug":"mercedes-le-puso-punto-final-a-la-polemica-definicion-de-la-formula-1-con-un-sugerente-mensaje-a-verstappen-infobae","status":"publish","type":"post","link":"https:\/\/losperiodistas.com.mx\/portal\/mercedes-le-puso-punto-final-a-la-polemica-definicion-de-la-formula-1-con-un-sugerente-mensaje-a-verstappen-infobae\/","title":{"rendered":"Mercedes le puso punto final a la pol\u00e9mica definici\u00f3n de la F\u00f3rmula 1 con un sugerente mensaje a Verstappen | Infobae"},"content":{"rendered":"\n<p style=\"font-size:18px\"><em>La escuder\u00eda alemana public\u00f3 un comunicado en el que aclar\u00f3 su decisi\u00f3n sobre la pol\u00e9mica en el Gran Premio de Abu Dhabi<\/em><\/p>\n\n\n\n<p><\/p>\n\n\n\n<figure class=\"wp-block-image size-large\"><img fetchpriority=\"high\" decoding=\"async\" width=\"1024\" height=\"626\" src=\"https:\/\/losperiodistas.com.mx\/portal\/wp-content\/uploads\/2021\/12\/Captura-de-Pantalla-2021-12-16-a-las-5.59.25-1024x626.png\" alt=\"\" class=\"wp-image-17710\" srcset=\"https:\/\/losperiodistas.com.mx\/portal\/wp-content\/uploads\/2021\/12\/Captura-de-Pantalla-2021-12-16-a-las-5.59.25-1024x626.png 1024w, https:\/\/losperiodistas.com.mx\/portal\/wp-content\/uploads\/2021\/12\/Captura-de-Pantalla-2021-12-16-a-las-5.59.25-300x183.png 300w, https:\/\/losperiodistas.com.mx\/portal\/wp-content\/uploads\/2021\/12\/Captura-de-Pantalla-2021-12-16-a-las-5.59.25-768x470.png 768w, https:\/\/losperiodistas.com.mx\/portal\/wp-content\/uploads\/2021\/12\/Captura-de-Pantalla-2021-12-16-a-las-5.59.25.png 1364w\" sizes=\"(max-width: 1024px) 100vw, 1024px\" \/><figcaption>Mercedes desestim\u00f3 la apelaci\u00f3n sobre el pol\u00e9mico final y salud\u00f3 a Verstappen y Red Bull (REUTERS\/Rula Rouhana)<\/figcaption><\/figure>\n\n\n\n<p><\/p>\n\n\n\n<p class=\"has-vivid-cyan-blue-color has-text-color has-medium-font-size\">INFOBAE<\/p>\n\n\n\n<p>El domingo 12 de diciembre ser\u00e1 recordado como el d\u00eda que se vivi\u00f3 una de las definiciones m\u00e1s apasionantes en la historia del deporte profesional. En un final \u00e9pico,&nbsp;<strong>Max Verstappen se qued\u00f3 con el t\u00edtulo de la F\u00f3rmula 1 despu\u00e9s de rebasar a Lewis Hamilton<\/strong>&nbsp;en la \u00faltima vuelta del&nbsp;<em>Gran Premio de Abu Dhabi&nbsp;<\/em>a la que hab\u00edan llegado igualados en puntos.<\/p>\n\n\n\n<p>El oriundo de los Pa\u00edses bajos se qued\u00f3 con el t\u00edtulo de pilotos a bordo de su\u00a0<strong>Red Bull<\/strong>\u00a0y a partir de lo que fue la decisi\u00f3n de habilitar la pista para la \u00faltima vuelta de la carrera tras el accidente de Nicholas Latifi,\u00a0<a href=\"https:\/\/www.infobae.com\/america\/deportes\/2021\/12\/15\/la-teoria-conspirativa-detras-de-la-controvertida-definicion-de-la-formula-1\/\" target=\"_blank\" rel=\"noreferrer noopener\"><strong>el equipo Mercedes protest\u00f3 por la resoluci\u00f3n<\/strong><\/a>\u00a0que tom\u00f3 la direcci\u00f3n de Carrera en Medio Oriente a cargo de<a href=\"https:\/\/www.infobae.com\/america\/deportes\/2021\/12\/16\/quien-es-michael-masi-el-villano-de-la-formula-1-al-que-acusan-de-haberle-robado-el-titulo-a-lewis-hamilton\/\" target=\"_blank\" rel=\"noreferrer noopener\">\u00a0Michael Masi<\/a>.<\/p>\n\n\n\n<p>Pero a cuatro d\u00edas del final de la temporada de la F1, la escuder\u00eda alemana public\u00f3 un comunicado en el que anunci\u00f3 que&nbsp;<strong>retir\u00f3 la apelaci\u00f3n sobre el pol\u00e9mico final y dejar\u00e1 en manos de la FIA (Federaci\u00f3n Internacional del Autom\u00f3vil) el an\u00e1lisis de lo ocurrido<\/strong>&nbsp;con la determinaci\u00f3n de terminar la competencia con bandera verde.<\/p>\n\n\n\n<p>\u201c<strong>Nos fuimos de Abu Dhabi con desconfianza por lo que acab\u00e1bamos de presenciar<\/strong>. Por supuesto que perder es parte del juego, pero es diferente cuando pierdes la fe en las carreras.&nbsp;<strong>La raz\u00f3n por la que protestamos contra el resultado de la carrera fue porque las reglas del coche de seguridad se aplicaron de una forma nueva que afect\u00f3 al resultado de carrera<\/strong>, despu\u00e9s de que Lewis hubiera estado l\u00edder y de camino a ganar el Mundial\u201d, indica la primera parte del reporte de Mercedes.<\/p>\n\n\n\n<p>\u201cApelamos en el inter\u00e9s de la justicia del deporte y desde entonces hemos tenido un di\u00e1logo constructivo con la FIA y la F1 para crear claridad de cara al futuro, para que todos los competidores conozcan las reglas bajo las que compiten y c\u00f3mo se aplican. As\u00ed,&nbsp;<strong>damos la bienvenida a la decisi\u00f3n de la FIA de abrir una comisi\u00f3n para analizar lo que pas\u00f3 en Abu Dhabi y para mejorar la robustez de las reglas, la gobernanza y la toma de decisiones en F1<\/strong>. Tambi\u00e9n damos la bienvenida al hecho de que han invitado a los equipos y a los pilotos a participar\u201d, marc\u00f3 el comunicado sobre las negociaciones para mejorar las definiciones que se podr\u00edan dar en el futuro de la categor\u00eda.<\/p>\n\n\n\n<p><strong>\u201cVamos a hacer a la FIA responsable de este proceso y por lo tanto, retiramos nuestra apelaci\u00f3n\u201d<\/strong>.<img decoding=\"async\" alt=\"Hamilton y Verstappen definieron el t\u00edtulo de la F1 en la \u00faltima vuelta de Abu Dhabi (REUTERS\/Ahmed Jadallah)\" src=\"https:\/\/www.infobae.com\/new-resizer\/Kj1-NLF1ymZy70lIyIs0ArQ23Ys=\/420x236\/filters:format(webp):quality(85)\/cloudfront-us-east-1.images.arcpublishing.com\/infobae\/F225SBLAQ3VYDAU6VYFCJ4DFWQ.jpg%20420w\" height=\"1134\" width=\"2105\" srcset=\"https:\/\/www.infobae.com\/new-resizer\/Kj1-NLF1ymZy70lIyIs0ArQ23Ys=\/420x236\/filters:format(webp):quality(85)\/cloudfront-us-east-1.images.arcpublishing.com\/infobae\/F225SBLAQ3VYDAU6VYFCJ4DFWQ.jpg 420w,https:\/\/www.infobae.com\/new-resizer\/vRhTerK7LSOCx3muumjBjEBvSzE=\/768x432\/filters:format(webp):quality(85)\/cloudfront-us-east-1.images.arcpublishing.com\/infobae\/F225SBLAQ3VYDAU6VYFCJ4DFWQ.jpg 768w,https:\/\/www.infobae.com\/new-resizer\/G1G97Vcgg5Z32ctj9Bp-lKTq5Sk=\/992x558\/filters:format(webp):quality(85)\/cloudfront-us-east-1.images.arcpublishing.com\/infobae\/F225SBLAQ3VYDAU6VYFCJ4DFWQ.jpg 992w,https:\/\/www.infobae.com\/new-resizer\/Zmqcln6B1hXr2LjCyPAyKquVOCM=\/1200x675\/filters:format(webp):quality(85)\/cloudfront-us-east-1.images.arcpublishing.com\/infobae\/F225SBLAQ3VYDAU6VYFCJ4DFWQ.jpg 1200w,https:\/\/www.infobae.com\/new-resizer\/eP01fyVqvoeFEhIiJVImEvCBJkY=\/1440x810\/filters:format(webp):quality(85)\/cloudfront-us-east-1.images.arcpublishing.com\/infobae\/F225SBLAQ3VYDAU6VYFCJ4DFWQ.jpg 1440w\">Hamilton y Verstappen definieron el t\u00edtulo de la F1 en la \u00faltima vuelta de Abu Dhabi (REUTERS\/Ahmed Jadallah)<\/p>\n\n\n\n<p>Acto seguido, las\u00a0<em>Flechas de Plata<\/em>\u00a0aprovecharon la ocasi\u00f3n para felicitar a Verstappen y Red Bull por el nuevo campeonato con un sugerente mensaje de cara al 2022. \u201cQueremos ofrecerles nuestros respetos por este a\u00f1o. Hicieron que la definici\u00f3n por el t\u00edtulo de F1 sea verdaderamente \u00e9pica. Los felicitamos y\u00a0<strong>tenemos ganas de luchar con ustedes en pista la pr\u00f3xima temporada<\/strong>\u201d.<\/p>\n\n\n\n<p>Adem\u00e1s, Mercedes tambi\u00e9n le dedic\u00f3 unas palabras a Hamilton y a Bottas. El finland\u00e9s corri\u00f3 por \u00faltima vez en el equipo campe\u00f3n de constructores, ya que desde la pr\u00f3xima temporada se subir\u00e1 a un Alfa Romeo.<\/p>\n\n\n\n<p>\u201c<strong>Lewis, eres el mejor piloto en la historia de la F1&nbsp;<\/strong>y pusiste todo tu coraz\u00f3n en cada vuelta de esta incre\u00edble temporada.&nbsp;<strong>Valtteri, has sido una parte tan importante de este equipo, ayudando a lograr cinco campeonatos de constructores en cinco temporadas<\/strong>. Gracias por tu notable contribuci\u00f3n\u201d.<\/p>\n\n\n\n<p>De esta manera, Verstappen y Red Bull se aseguran los festejos del t\u00edtulo en lo que ser\u00e1 la Gala de la FIA a realizarse este jueves por la noche en la ciudad de Par\u00eds.<\/p>\n\n\n\n<figure class=\"wp-block-image size-large\"><img decoding=\"async\" width=\"877\" height=\"1024\" src=\"https:\/\/losperiodistas.com.mx\/portal\/wp-content\/uploads\/2021\/12\/IMG_4004-877x1024.jpg\" alt=\"\" class=\"wp-image-17711\" srcset=\"https:\/\/losperiodistas.com.mx\/portal\/wp-content\/uploads\/2021\/12\/IMG_4004-877x1024.jpg 877w, https:\/\/losperiodistas.com.mx\/portal\/wp-content\/uploads\/2021\/12\/IMG_4004-257x300.jpg 257w, https:\/\/losperiodistas.com.mx\/portal\/wp-content\/uploads\/2021\/12\/IMG_4004-768x896.jpg 768w, https:\/\/losperiodistas.com.mx\/portal\/wp-content\/uploads\/2021\/12\/IMG_4004.jpg 988w\" sizes=\"(max-width: 877px) 100vw, 877px\" \/><\/figure>\n\n\n\n<figure class=\"wp-block-image size-large\"><img loading=\"lazy\" decoding=\"async\" width=\"952\" height=\"1024\" src=\"https:\/\/losperiodistas.com.mx\/portal\/wp-content\/uploads\/2021\/12\/IMG_4005-952x1024.jpg\" alt=\"\" class=\"wp-image-17712\" srcset=\"https:\/\/losperiodistas.com.mx\/portal\/wp-content\/uploads\/2021\/12\/IMG_4005-952x1024.jpg 952w, https:\/\/losperiodistas.com.mx\/portal\/wp-content\/uploads\/2021\/12\/IMG_4005-279x300.jpg 279w, https:\/\/losperiodistas.com.mx\/portal\/wp-content\/uploads\/2021\/12\/IMG_4005-768x826.jpg 768w, https:\/\/losperiodistas.com.mx\/portal\/wp-content\/uploads\/2021\/12\/IMG_4005.jpg 1024w\" sizes=\"(max-width: 952px) 100vw, 952px\" \/><\/figure>\n\n\n\n<p><strong>El comunicado de Mercedes:<\/strong><\/p>\n\n\n\n<p><em>\u201cNos fuimos de Abu Dhabi con desconfianza por lo que acab\u00e1bamos de presenciar. Por supuesto que perder es parte del juego, pero es diferente cuando pierdes la fe en las carreras.<\/em><\/p>\n\n\n\n<p><em>La raz\u00f3n por la que protestamos contra el resultado de la carrera fue porque las reglas del coche de seguridad se aplicaron de una forma nueva que afect\u00f3 al resultado de carrera, despu\u00e9s de que Lewis hubiera estado l\u00edder y de camino a ganar el Mundial.<\/em><\/p>\n\n\n\n<p><em>Apelamos en el inter\u00e9s de la justicia del deporte y desde entonces hemos tenido un di\u00e1logo constructivo con la FIA y la F1 para crear claridad de cara al futuro, para que todos los competidores conozcan las reglas bajo las que compiten y c\u00f3mo se aplican.<\/em><\/p>\n\n\n\n<p><em>As\u00ed, damos la bienvenida a la decisi\u00f3n de la FIA de abrir una comisi\u00f3n para analizar lo que pas\u00f3 en Abu Dhabi y para mejorar la robustez de las reglas, la gobernanza y la toma de decisiones en F1. Tambi\u00e9n damos la bienvenida al hecho de que han invitado a los equipos y a los pilotos a participar.<\/em><\/p>\n\n\n\n<p><em>El equipo Mercedes trabajar\u00e1 de forma activa con esta comisi\u00f3n para construir una F1 mejor para cada equipo y cada aficionado que ame este deporte tanto como nosotros. Vamos a hacer a la FIA responsable de este proceso y por lo tanto, retiramos nuestra apelaci\u00f3n.<\/em><\/p>\n\n\n\n<p><em>A Max Verstappen y Red Bull: queremos ofrecerles nuestros respetos por este a\u00f1o. Hicieron que la definici\u00f3n por el t\u00edtulo de F1 sea verdaderamente \u00e9pica. Los felicitamos y tenemos ganas de luchar con ustedes en pista la pr\u00f3xima temporada.<\/em><\/p>\n\n\n\n<p><em>Por \u00faltimo, aunque este Mundial de pilotos no termin\u00f3 como esper\u00e1bamos, no podemos estar m\u00e1s orgullosos de nuestro equipo.<\/em><\/p>\n\n\n\n<p><em>Lewis (Hamilton), eres el mejor piloto en la historia de la F1 y pusiste todo tu coraz\u00f3n en cada vuelta de esta incre\u00edble temporada. Eres un deportista impecable dentro y fuera de la pista y ofreciste una actuaci\u00f3n impecable. Como un competidor puro y como modelo a seguir para millones de personas en todo el mundo, te rendimos tributo.<\/em><\/p>\n\n\n\n<p><em>Valtteri (Bottas), has sido una parte tan importante de este equipo, ayudando a lograr cinco campeonatos de constructores en cinco temporadas. Gracias por tu notable contribuci\u00f3n.<\/em><\/p>\n\n\n\n<p><em>Finalmente, gracias a cada una de las mujeres y hombres h\u00e1biles y apasionados del equipo Mercedes-AMG Petronas F1 en Brackley y Brixworth: han escrito un cap\u00edtulo hist\u00f3rico en la historia de las Flechas de Plata al ganar el octavo Campeonato de Constructores consecutivo\u201d.<\/em><\/p>\n\n\n\n<p><em>Este es un logro sin precedentes. En pocas palabras: esto es incre\u00edble. Sois incre\u00edbles.<\/em><\/p>\n\n\n\n<p>Fuente: https:\/\/www.infobae.com\/america\/deportes\/2021\/12\/16\/mercedes-le-puso-punto-final-a-la-polemica-definicion-de-la-formula-1-con-un-sugerente-mensaje-a-verstappen\/<\/p>\n","protected":false},"excerpt":{"rendered":"<p>La escuder\u00eda alemana public\u00f3 un comunicado en el que aclar\u00f3 su decisi\u00f3n sobre la pol\u00e9mica en el Gran Premio de [&hellip;]<\/p>\n","protected":false},"author":1,"featured_media":17710,"comment_status":"open","ping_status":"open","sticky":false,"template":"","format":"standard","meta":{"site-sidebar-layout":"default","site-content-layout":"","ast-site-content-layout":"default","site-content-style":"default","site-sidebar-style":"default","ast-global-header-display":"","ast-banner-title-visibility":"","ast-main-header-display":"","ast-hfb-above-header-display":"","ast-hfb-below-header-display":"","ast-hfb-mobile-header-display":"","site-post-title":"","ast-breadcrumbs-content":"","ast-featured-img":"","footer-sml-layout":"","theme-transparent-header-meta":"","adv-header-id-meta":"","stick-header-meta":"","header-above-stick-meta":"","header-main-stick-meta":"","header-below-stick-meta":"","astra-migrate-meta-layouts":"default","ast-page-background-enabled":"default","ast-page-background-meta":{"desktop":{"background-color":"var(--ast-global-color-4)","background-image":"","background-repeat":"repeat","background-position":"center center","background-size":"auto","background-attachment":"scroll","background-type":"","background-media":"","overlay-type":"","overlay-color":"","overlay-opacity":"","overlay-gradient":""},"tablet":{"background-color":"","background-image":"","background-repeat":"repeat","background-position":"center center","background-size":"auto","background-attachment":"scroll","background-type":"","background-media":"","overlay-type":"","overlay-color":"","overlay-opacity":"","overlay-gradient":""},"mobile":{"background-color":"","background-image":"","background-repeat":"repeat","background-position":"center center","background-size":"auto","background-attachment":"scroll","background-type":"","background-media":"","overlay-type":"","overlay-color":"","overlay-opacity":"","overlay-gradient":""}},"ast-content-background-meta":{"desktop":{"background-color":"var(--ast-global-color-5)","background-image":"","background-repeat":"repeat","background-position":"center center","background-size":"auto","background-attachment":"scroll","background-type":"","background-media":"","overlay-type":"","overlay-color":"","overlay-opacity":"","overlay-gradient":""},"tablet":{"background-color":"var(--ast-global-color-5)","background-image":"","background-repeat":"repeat","background-position":"center center","background-size":"auto","background-attachment":"scroll","background-type":"","background-media":"","overlay-type":"","overlay-color":"","overlay-opacity":"","overlay-gradient":""},"mobile":{"background-color":"var(--ast-global-color-5)","background-image":"","background-repeat":"repeat","background-position":"center center","background-size":"auto","background-attachment":"scroll","background-type":"","background-media":"","overlay-type":"","overlay-color":"","overlay-opacity":"","overlay-gradient":""}},"footnotes":""},"categories":[8],"tags":[285,6193,1634],"class_list":["post-17709","post","type-post","status-publish","format-standard","has-post-thumbnail","hentry","category-noticias","tag-f1-2021","tag-fia","tag-max-verstappen"],"_links":{"self":[{"href":"https:\/\/losperiodistas.com.mx\/portal\/wp-json\/wp\/v2\/posts\/17709","targetHints":{"allow":["GET"]}}],"collection":[{"href":"https:\/\/losperiodistas.com.mx\/portal\/wp-json\/wp\/v2\/posts"}],"about":[{"href":"https:\/\/losperiodistas.com.mx\/portal\/wp-json\/wp\/v2\/types\/post"}],"author":[{"embeddable":true,"href":"https:\/\/losperiodistas.com.mx\/portal\/wp-json\/wp\/v2\/users\/1"}],"replies":[{"embeddable":true,"href":"https:\/\/losperiodistas.com.mx\/portal\/wp-json\/wp\/v2\/comments?post=17709"}],"version-history":[{"count":1,"href":"https:\/\/losperiodistas.com.mx\/portal\/wp-json\/wp\/v2\/posts\/17709\/revisions"}],"predecessor-version":[{"id":17713,"href":"https:\/\/losperiodistas.com.mx\/portal\/wp-json\/wp\/v2\/posts\/17709\/revisions\/17713"}],"wp:featuredmedia":[{"embeddable":true,"href":"https:\/\/losperiodistas.com.mx\/portal\/wp-json\/wp\/v2\/media\/17710"}],"wp:attachment":[{"href":"https:\/\/losperiodistas.com.mx\/portal\/wp-json\/wp\/v2\/media?parent=17709"}],"wp:term":[{"taxonomy":"category","embeddable":true,"href":"https:\/\/losperiodistas.com.mx\/portal\/wp-json\/wp\/v2\/categories?post=17709"},{"taxonomy":"post_tag","embeddable":true,"href":"https:\/\/losperiodistas.com.mx\/portal\/wp-json\/wp\/v2\/tags?post=17709"}],"curies":[{"name":"wp","href":"https:\/\/api.w.org\/{rel}","templated":true}]}}