{"id":17697,"date":"2021-12-15T21:00:05","date_gmt":"2021-12-16T03:00:05","guid":{"rendered":"http:\/\/losperiodistas.com.mx\/portal\/?p=17697"},"modified":"2021-12-15T19:06:38","modified_gmt":"2021-12-16T01:06:38","slug":"cecilia-suarez-hay-mucho-postureo-entre-los-hombres-que-se-declaran-feministas-papel","status":"publish","type":"post","link":"https:\/\/losperiodistas.com.mx\/portal\/cecilia-suarez-hay-mucho-postureo-entre-los-hombres-que-se-declaran-feministas-papel\/","title":{"rendered":"Cecilia Su\u00e1rez: \u00abHay mucho postureo entre los hombres que se declaran feministas\u00bb | Papel"},"content":{"rendered":"\n<p><\/p>\n\n\n\n<figure class=\"wp-block-image size-large\"><img fetchpriority=\"high\" decoding=\"async\" width=\"942\" height=\"630\" src=\"https:\/\/losperiodistas.com.mx\/portal\/wp-content\/uploads\/2021\/12\/Captura-de-Pantalla-2021-12-15-a-las-18.56.42.png\" alt=\"\" class=\"wp-image-17698\" srcset=\"https:\/\/losperiodistas.com.mx\/portal\/wp-content\/uploads\/2021\/12\/Captura-de-Pantalla-2021-12-15-a-las-18.56.42.png 942w, https:\/\/losperiodistas.com.mx\/portal\/wp-content\/uploads\/2021\/12\/Captura-de-Pantalla-2021-12-15-a-las-18.56.42-300x201.png 300w, https:\/\/losperiodistas.com.mx\/portal\/wp-content\/uploads\/2021\/12\/Captura-de-Pantalla-2021-12-15-a-las-18.56.42-768x514.png 768w\" sizes=\"(max-width: 942px) 100vw, 942px\" \/><\/figure>\n\n\n\n<p><\/p>\n\n\n\n<p class=\"has-vivid-cyan-blue-color has-text-color has-medium-font-size\">I\u00d1AKO D\u00cdAZ-GUERRA \/ PAPEL \/ EL MUNDO<\/p>\n\n\n\n<p>Cecilia Su\u00e1rez. Tampico, M\u00e9xico, 1970. Actriz.\u00a0<em>La casa de las flores<\/em>\u00a0la hizo famosa en Espa\u00f1a, pero ya luc\u00eda una exitosa carrera en su pa\u00eds y en EEUU. Ahora se ha instalado en Madrid y protagoniza\u00a0<em>Alegr\u00eda,<\/em>\u00a0ya en cines.<strong>\u00bfSe puede huir de un fen\u00f3meno mundial como &#8216;La casa de las flores&#8217;?<\/strong><br>No. S\u00e9 que es algo natural que pasen los a\u00f1os y a\u00fan me pregunten por eso, no me molesta para nada, pero me sorprende. Me da gusto que la serie haya tenido la implicaci\u00f3n que ha tenido con el p\u00fablico, me ha dado mucho y si hay que platicar sobre ella, se platica.<br><strong>\u00bfCu\u00e1nto te ha cambiado esa serie la vida?<\/strong><br>En realidad un fen\u00f3meno as\u00ed te cambia lo que t\u00fa le dejes que te cambie. Para m\u00ed lo importante es agradecer y disfrutar el momento sabiendo que, como toda esta carrera, es ef\u00edmero. Me mantengo en mi lugar, sigo trabajando y punto. Teniendo claro en todo momento que en este oficio el \u00e9xito es siempre temporal, logras navegar con calma en estos momentos de tanta convulsi\u00f3n.<strong>La edad imagino que influye, si esto te pilla con 20 a\u00f1os&#8230;<\/strong><br>Me vuelvo loca. Qu\u00e9 bueno que lo mencionas porque creo que esta tranquilidad con que lo afronto tiene mucho que ver con mi edad y con llevar ya varias d\u00e9cadas haciendo lo que hago. Si una fama as\u00ed te pilla joven, como he visto a mucha gente en otras series, la experiencia tiene otras implicaciones y es m\u00e1s dif\u00edcil acomodarse a la nueva situaci\u00f3n, tanto con los dem\u00e1s como contigo misma. Yo he ido aprendiendo. Recuerdo cuando hice\u00a0<em>Capadocia\u00a0<\/em>para HBO [de 2008 a 2012 y gan\u00f3 un Emmy] que fue un fen\u00f3meno enorme en M\u00e9xico, una hecatombe. Ah\u00ed me di cuenta r\u00e1pidamente de que tanta atenci\u00f3n puede ser pesada, complicada de asimilar y hay que saber gestionarla sobre todo en tu propia cabeza. Lo que aprend\u00ed entonces, lo he aprovechado ahora y he disfrutado de este \u00e9xito, la verdad.<br><strong>Tu personaje en &#8216;Alegr\u00eda&#8217; vive de espaldas a sus ra\u00edces. T\u00fa, pese a estudiar y trabajar muchos a\u00f1os en EEUU, \u00bfsiempre te has mantenido cerca de M\u00e9xico?<\/strong><br>S\u00ed, mi postura es completamente distinta a la suya, pero entiendo por qu\u00e9 un personaje como Alegr\u00eda decide separarse de su origen. En esta vida, quieras o no, en el momento en que decides que ha llegado la hora de escindirse, por cuestiones laborales o personales, del lugar de donde vienes, tienes que romper totalmente, aunque sea s\u00f3lo un tiempo, para realmente acomodarte en tu nuevo lugar. Ese viaje vital lo necesitamos todos.<br><strong>\u00bfCon qu\u00e9 rompiste t\u00fa de M\u00e9xico?<\/strong><br>Con mi presencia all\u00ed, pero no con mi sentimiento. Con tu pa\u00eds siempre hay esa relaci\u00f3n de amor profundo e inamovible, pero al mismo tiempo de cr\u00edtica voraz. Es un poco como el tema de la familia: yo puedo echar pestes de ella, pero nadie m\u00e1s, a ti ni se te ocurra decir algo. Con tu pa\u00eds pasa lo mismo, es ese tipo de amor. Yo a veces he sido una cr\u00edtica voraz con la situaci\u00f3n particular de M\u00e9xico, sobre todo con la pol\u00edtica, pero a menudo se comete el error de confundir el ataque a un gobierno con el ataque a un pa\u00eds. Ah\u00ed hay que marcar la diferencia porque, en realidad, cu\u00e1nto m\u00e1s quieres a tu pa\u00eds m\u00e1s te molesta que se gobierne mal. No es m\u00e1s patriota el que todo lo ve bien.<br><strong>Te has instalado recientemente en Madrid y en Espa\u00f1a vivimos una gran polarizaci\u00f3n con este asunto.<\/strong><br>Yo creo que es una corriente a nivel mundial. Mi pa\u00eds est\u00e1 tambi\u00e9n convulso y dividido como nunca antes. Ahora estoy rodando en Estados Unidos y te puedo decir que veo exactamente lo mismo. Me he encontrado un pa\u00eds completamente diferente al que hab\u00eda experimentado en mis dos estancias anteriores en Estados Unidos. Es decir, esto es una corriente mundial de polarizaci\u00f3n y es una tristeza lo que estamos viendo.<br><strong>M\u00e1s all\u00e1 del tema pol\u00edtico, \u00bfqu\u00e9 tal en Madrid?<\/strong><br>Me encanta, no sabes c\u00f3mo los extra\u00f1o ahora mismo. Te lo juro. Hoy ven\u00eda rumbo al trabajo conduciendo en el auto y estaba pensando justo en eso. Espa\u00f1a tiene un talento maravilloso para meterse en el coraz\u00f3n de una, es una cultura que tiene esa capacidad y esa facilidad para hacerte sentir querida, implicada, querer formar parte de ella&#8230; Me ha sorprendido much\u00edsimo. Me siento plena y feliz en Madrid. Hay algo en la vida espa\u00f1ola que ojal\u00e1 muchas m\u00e1s culturas tuvieran: el amor a la vida, tener claras las prioridades.<br><strong>Las virtudes de Espa\u00f1a casi siempre las veis m\u00e1s los que lleg\u00e1is de fuera.<\/strong><br>S\u00ed, a veces me da rabia sentir que vosotros mismos no os dais cuenta del maravilloso pa\u00eds que sois, siempre les digo a mis amigos espa\u00f1oles que ten\u00e9is la queja como deporte nacional. Aunque hay una parte bonita en eso porque la cr\u00edtica es muy importante para una democracia. Adem\u00e1s, lo bueno es que, a la par que est\u00e1n discutiendo todo lo que no les gusta, pasan cinco minutos y te dicen: \u00abBueno, vamos a tomar una ca\u00f1a\u00bb. Ah\u00ed ya me ganan del todo (risas). Eso es maravilloso porque, a pesar de que logran ver las cosas que les gustar\u00eda que cambiaran, no desisten en su actitud de disfrutar. Eso es valios\u00edsimo.<br><strong>M\u00e9xico es similar en esto.<\/strong><br>S\u00ed, ah\u00ed nuestras culturas se encuentran. A pesar de la adversidad es una cultura que logra encontrar la salida de emergencia para reconciliarse en todo momento con la vida. Yo lo veo en Estado Unidos: esta cultura no tiene esta herramienta, no la tiene. Es una cultura que cree en el trabajo como eje esencial y primordial de la existencia. Lo cual est\u00e1 muy bien, pero no debe ser el n\u00famero uno. Para m\u00ed hay otras cosas que son mucho m\u00e1s importantes: la familia, el amor a estar vivos, el amor a absorber lo bello de la vida. Con toda su complejidad y sus cosas duras, pero eso tiene que estar en el eje.<br><strong>Hablando de Estados Unidos, \u00bfpor qu\u00e9 dej\u00f3 de trabajar all\u00ed durante a\u00f1os?<\/strong><br>Romp\u00ed porque no me interesaba hacer esos papeles clich\u00e9 de latina sexy que me ofrec\u00edan principalmente. Por suerte, mientras estuve all\u00ed tambi\u00e9n logr\u00e9 hacer otras cosas, pero ten\u00eda ganas de trabajar en mi pa\u00eds, donde hab\u00eda la posibilidad de tener roles m\u00e1s complejos. Ahora ha cambiado un poco, porque en EEUU ya son m\u00e1s conscientes de que la comunidad latina consume much\u00edsimo y est\u00e1n interesados en abordar otros temas y dar visibilidad a otras facetas, pero va a llevar tiempo que en las entra\u00f1as de quienes toman las decisiones esa nueva perspectiva se afiance. Todav\u00eda hay mucho que hacer en Estados Unidos. Las diferencias por raza est\u00e1n m\u00e1s vigentes que nunca aqu\u00ed. Es triste y no lo puedo comprender.<br><strong>Tambi\u00e9n est\u00e1s muy implicada en causas feministas.<\/strong><br>M\u00e1s bien estoy implicada contra el machismo. Por ejemplo, con Alegr\u00eda se vuelve a usar una definici\u00f3n que me molesta much\u00edsimo: pel\u00edcula de mujeres. \u00bfPor qu\u00e9? Es una pel\u00edcula y punto. El d\u00eda que esa distinci\u00f3n se deje de hacer, las cosas habr\u00e1n cambiado. Considerarla una pel\u00edcula de mujeres es el signo inequ\u00edvoco de que no se est\u00e1 produciendo suficiente material en el que las mujeres lleven la batuta.<br><strong>\u00bfCu\u00e1nto ha cambiado la industria audiovisual desde que empezaste?<\/strong><br>Como cualquier cambio profundo, tiene que llevar tiempo&#8230; y lo est\u00e1 llevando. El machismo est\u00e1 en el engranaje mismo de c\u00f3mo somos criadas y criados de peque\u00f1os, tanto las mujeres como los hombres. Qu\u00e9 se nos ense\u00f1a cuando somos peque\u00f1os. Mi foco de atenci\u00f3n cuando trabajo con la ONU es c\u00f3mo hablamos de otro modelo de masculinidad, porque esto tiene que estar sobre la mesa permanentemente. Nos hablan mucho sobre nosotras, sobre qu\u00e9 es lo que est\u00e1 pasando con las mujeres, qu\u00e9 es lo que no nos gusta, qu\u00e9 es lo que ya no queremos&#8230; Pero, en realidad, nosotras lo tenemos muy claro desde hace a\u00f1os y me pregunto si los hombres est\u00e1n haciendo una revisi\u00f3n de su propia masculinidad. \u00bfQu\u00e9 es ser hombre? \u00bfC\u00f3mo se es hombre? \u00bfC\u00f3mo se reafirma ? Y, sobre todo, si eso est\u00e1 bien o est\u00e1 mal, si se puede mejorar y cambiar o si tienen la oportunidad de ser de otra forma. Esa es para m\u00ed la pregunta esencial.<br><strong>\u00bfCu\u00e1nta pose hay entre los hombres que se declaran feministas?<\/strong><br>Hay mucho postureo y, tambi\u00e9n, casos que sinceramente creen que se han revisado, pero miras bien al fondo y te sigues encontrando con los mismos detalles y obst\u00e1culos de base que no se sortean porque est\u00e1n en la base misma de c\u00f3mo pensamos y de c\u00f3mo nos han educado. Esta revisi\u00f3n real va a llevar tiempo, pero hay que hacerla.<br><strong>En la ONU has dado varias conferencias sobre violencia machista<\/strong><br>Es que hay much\u00edsimos hombres j\u00f3venes que no creen en la violencia machista, no creen que sea real, no creen que exista. Es espeluznante. La problem\u00e1tica es profunda porque llega a la esencia misma de c\u00f3mo nos entendemos a nosotros mismos. Y parece absurdo, de verdad, no me entra en la cabeza que sigamos tan lejos de donde deseamos estar. Porque lo peor de todo es que el machismo no s\u00f3lo lastima a las mujeres, y este es un concepto bien dif\u00edcil de aceptar para los hombres, sino tambi\u00e9n a ellos porque les proh\u00edbe el universo emocional. Si quieres ser hombre, el universo emocional profundo est\u00e1 cancelado: poder sentir ternura y demostrarla, poder dudar, poder no tener la decisi\u00f3n en la mano en todo momento, ser fr\u00e1gil, no querer ser proveedor&#8230; Todo cancelado por lo que significa ser hombre y reafirmarse frente a los otros hombres. Eso es tambi\u00e9n devastador.<br><strong>Acabas de cumplir 50 a\u00f1os, \u00bfte empiezan a mirar distinto en la industria?<\/strong><br>Me da igual porque yo no me siento mayor y no me van a mirar como ellos quieran: me van a mirar como yo quiero que me miren. Ahora las cosas est\u00e1n cambiando, estamos j\u00f3venes todav\u00eda a esta edad y la vida de una mujer no se acaba por no ser jovencita. Es una edad de madurez, diferente, pero con mucha vida. Adem\u00e1s, te digo algo orgullosamente: llego a mis 50 sin un pinchazo de b\u00f3tox, sin un pinchazo de nada. Y eso, siendo actriz, no es f\u00e1cil. Respeto mucho a quien decide tomar otra ruta, porque el cuerpo es algo sobre lo que cada una debe decidir como le d\u00e9 la gana, pero a m\u00ed me da gusto abrazar la edad que tengo sin sentir la obligaci\u00f3n de disimularla. Es un ejercicio complejo y me enorgullece.<\/p>\n\n\n\n<p>Fuente: https:\/\/www.elmundo.es\/papel\/cultura\/2021\/12\/16\/61ba2389fdddff69888b45bc.html<\/p>\n","protected":false},"excerpt":{"rendered":"<p>I\u00d1AKO D\u00cdAZ-GUERRA \/ PAPEL \/ EL MUNDO Cecilia Su\u00e1rez. Tampico, M\u00e9xico, 1970. Actriz.\u00a0La casa de las flores\u00a0la hizo famosa en [&hellip;]<\/p>\n","protected":false},"author":1,"featured_media":17698,"comment_status":"open","ping_status":"open","sticky":false,"template":"","format":"standard","meta":{"site-sidebar-layout":"default","site-content-layout":"","ast-site-content-layout":"default","site-content-style":"default","site-sidebar-style":"default","ast-global-header-display":"","ast-banner-title-visibility":"","ast-main-header-display":"","ast-hfb-above-header-display":"","ast-hfb-below-header-display":"","ast-hfb-mobile-header-display":"","site-post-title":"","ast-breadcrumbs-content":"","ast-featured-img":"","footer-sml-layout":"","theme-transparent-header-meta":"","adv-header-id-meta":"","stick-header-meta":"","header-above-stick-meta":"","header-main-stick-meta":"","header-below-stick-meta":"","astra-migrate-meta-layouts":"default","ast-page-background-enabled":"default","ast-page-background-meta":{"desktop":{"background-color":"var(--ast-global-color-4)","background-image":"","background-repeat":"repeat","background-position":"center center","background-size":"auto","background-attachment":"scroll","background-type":"","background-media":"","overlay-type":"","overlay-color":"","overlay-opacity":"","overlay-gradient":""},"tablet":{"background-color":"","background-image":"","background-repeat":"repeat","background-position":"center center","background-size":"auto","background-attachment":"scroll","background-type":"","background-media":"","overlay-type":"","overlay-color":"","overlay-opacity":"","overlay-gradient":""},"mobile":{"background-color":"","background-image":"","background-repeat":"repeat","background-position":"center center","background-size":"auto","background-attachment":"scroll","background-type":"","background-media":"","overlay-type":"","overlay-color":"","overlay-opacity":"","overlay-gradient":""}},"ast-content-background-meta":{"desktop":{"background-color":"var(--ast-global-color-5)","background-image":"","background-repeat":"repeat","background-position":"center center","background-size":"auto","background-attachment":"scroll","background-type":"","background-media":"","overlay-type":"","overlay-color":"","overlay-opacity":"","overlay-gradient":""},"tablet":{"background-color":"var(--ast-global-color-5)","background-image":"","background-repeat":"repeat","background-position":"center center","background-size":"auto","background-attachment":"scroll","background-type":"","background-media":"","overlay-type":"","overlay-color":"","overlay-opacity":"","overlay-gradient":""},"mobile":{"background-color":"var(--ast-global-color-5)","background-image":"","background-repeat":"repeat","background-position":"center center","background-size":"auto","background-attachment":"scroll","background-type":"","background-media":"","overlay-type":"","overlay-color":"","overlay-opacity":"","overlay-gradient":""}},"footnotes":""},"categories":[8],"tags":[6189,6187,6188],"class_list":["post-17697","post","type-post","status-publish","format-standard","has-post-thumbnail","hentry","category-noticias","tag-alegria","tag-cecilia-suarez","tag-la-casa-de-las-flores"],"_links":{"self":[{"href":"https:\/\/losperiodistas.com.mx\/portal\/wp-json\/wp\/v2\/posts\/17697","targetHints":{"allow":["GET"]}}],"collection":[{"href":"https:\/\/losperiodistas.com.mx\/portal\/wp-json\/wp\/v2\/posts"}],"about":[{"href":"https:\/\/losperiodistas.com.mx\/portal\/wp-json\/wp\/v2\/types\/post"}],"author":[{"embeddable":true,"href":"https:\/\/losperiodistas.com.mx\/portal\/wp-json\/wp\/v2\/users\/1"}],"replies":[{"embeddable":true,"href":"https:\/\/losperiodistas.com.mx\/portal\/wp-json\/wp\/v2\/comments?post=17697"}],"version-history":[{"count":1,"href":"https:\/\/losperiodistas.com.mx\/portal\/wp-json\/wp\/v2\/posts\/17697\/revisions"}],"predecessor-version":[{"id":17699,"href":"https:\/\/losperiodistas.com.mx\/portal\/wp-json\/wp\/v2\/posts\/17697\/revisions\/17699"}],"wp:featuredmedia":[{"embeddable":true,"href":"https:\/\/losperiodistas.com.mx\/portal\/wp-json\/wp\/v2\/media\/17698"}],"wp:attachment":[{"href":"https:\/\/losperiodistas.com.mx\/portal\/wp-json\/wp\/v2\/media?parent=17697"}],"wp:term":[{"taxonomy":"category","embeddable":true,"href":"https:\/\/losperiodistas.com.mx\/portal\/wp-json\/wp\/v2\/categories?post=17697"},{"taxonomy":"post_tag","embeddable":true,"href":"https:\/\/losperiodistas.com.mx\/portal\/wp-json\/wp\/v2\/tags?post=17697"}],"curies":[{"name":"wp","href":"https:\/\/api.w.org\/{rel}","templated":true}]}}