{"id":17691,"date":"2021-12-15T18:33:27","date_gmt":"2021-12-16T00:33:27","guid":{"rendered":"http:\/\/losperiodistas.com.mx\/portal\/?p=17691"},"modified":"2021-12-15T18:39:59","modified_gmt":"2021-12-16T00:39:59","slug":"migracion-en-mexico-rumbo-a-una-crisis-humanitaria","status":"publish","type":"post","link":"https:\/\/losperiodistas.com.mx\/portal\/migracion-en-mexico-rumbo-a-una-crisis-humanitaria\/","title":{"rendered":"Migraci\u00f3n en M\u00e9xico, rumbo a una crisis humanitaria"},"content":{"rendered":"\n<p><\/p>\n\n\n\n<p class=\"has-vivid-cyan-blue-color has-text-color\" style=\"font-size:26px\"><strong><em>Por Fernando Manzanilla Prieto<\/em><\/strong><\/p>\n\n\n\n<p>Muchas han sido las voces que se han levantado y que han puesto en el ojo del hurac\u00e1n el problema de la migraci\u00f3n en M\u00e9xico a ra\u00edz de la lamentable muerte de al menos 55 centroamericanos, en un accidente carretero ocurrido hace algunos d\u00edas en el estado de Chiapas.&nbsp;<\/p>\n\n\n\n<p>De acuerdo a la Organizaci\u00f3n Internacional para las Migraciones (OIM), dependiente de Naciones Unidas, este incidente es el m\u00e1s tr\u00e1gico acontecido en el pa\u00eds desde por lo menos el a\u00f1o 2014, cuando el organismo comenz\u00f3 a documentar los decesos.<\/p>\n\n\n\n<p>Pero el problema es m\u00e1s profundo e incluso, para muchos especialistas, amenaza con convertirse en una crisis humanitaria que podr\u00eda poner en jaque la estabilidad social de nuestro pa\u00eds.<\/p>\n\n\n\n<p>Precisamente, cerca de 651 personas fallecieron este a\u00f1o intentando cruzar la frontera que M\u00e9xico comparte con los Estados Unidos, cifra superior a cualquier otro a\u00f1o desde 2014, lo cual ha sido considerado por la OIM como \u201cun aumento especialmente preocupante\u201d.<\/p>\n\n\n\n<p>Lo anterior no es un problema aislado, ya que en los \u00faltimos a\u00f1os han arribado al pa\u00eds diversas caravanas de personas en tr\u00e1nsito, de las cuales la m\u00e1s reciente lleg\u00f3 a la ciudad de M\u00e9xico hace algunos d\u00edas.<\/p>\n\n\n\n<p>Aunado a ello, son muchas las presiones que hay sobre el gobierno mexicano&nbsp; para que act\u00fae en consecuencia y tome medidas en torno a la permanencia de los migrantes, quienes si bien en su mayor\u00eda son centroamericanos, tambi\u00e9n se integran por personas originarias de El Caribe, Venezuela e incluso \u00c1frica.<\/p>\n\n\n\n<p>Porque si bien la mayor\u00eda de los migrantes inician su travesia con el objetivo de llegar a la uni\u00f3n americana, su estad\u00eda por el territorio nacional se alarga por diversos motivos e incluso, en \u00faltima instancia, muchos de ellos terminan qued\u00e1ndose en el pa\u00eds, lo cual representa para el gobierno la necesidad de pol\u00edticas p\u00fablicas en la materia.<\/p>\n\n\n\n<p>Las caravanas migrantes no s\u00f3lo est\u00e1n integradas por adultos, en ellas viajan familias enteras conformadas por ni\u00f1as, ni\u00f1os y adolescentes, adultos mayores, mujeres embarazadas y personas con discapacidad, que demandan servicios y atenci\u00f3n urgente entorno a su alimentaci\u00f3n, salud, educaci\u00f3n y todo lo conducente al respeto inherente a sus derechos fundamentales.<\/p>\n\n\n\n<p>Otro foco de alerta es la propia seguridad de estas caravanas, ya que adem\u00e1s de los riesgos vinculados a su traslado -y que precisamente ha acarreado sucesos tan lamentables como el fatal accidente de hace algunos d\u00edas-, est\u00e1n proliferando los casos en los que los migrantes se convierten en las v\u00edctimas predilectas del crimen organizado que opera en las fronteras.<\/p>\n\n\n\n<p>En este sentido, es importante considerar que al inicio de su mandato, el presidente de Estados Unidos, Joe Biden, envi\u00f3 a su Congreso un proyecto de reforma migratoria que pretend\u00eda beneficiar a cerca de 11 millones de indocumentados, sin embargo la esperanza en estas promesas se ha empezado a difuminar.<\/p>\n\n\n\n<p>En d\u00edas pasados el gobierno federal, por conducto del propio Presidente de la Rep\u00fablica, Andr\u00e9s Manuel L\u00f3pez Obrador, lleg\u00f3 un acuerdo con el gobierno de Joe Biden para reactivar el programa \u201cQu\u00e9date en M\u00e9xico\u201d, el cual obliga a los migrantes que solicitan asilo en el vecino pa\u00eds del norte a esperar a que se resuelva su caso al otro lado de la frontera.<\/p>\n\n\n\n<p>Sin duda esto representa un reto muy importante para el Gobierno Federal, el cual deber\u00e1 trabajar de la mano y de manera coordinada con el gobierno americano, as\u00ed como con la sociedad civil organizada para atender todas las necesidades de los migrantes.<\/p>\n\n\n\n<p>S\u00ed se debe apostar por m\u00e1s albergues y por salvaguardar la seguridad de estas familias, pero tambi\u00e9n por lograr que existan las condiciones que les permitan llegar a su destino en un marco de respeto a los derechos fundamentales que poseen como personas.<\/p>\n\n\n\n<p>Como ciudadanos tambi\u00e9n tenemos que asumir la responsabilidad que nos corresponde, evitando los estigmas y discriminaci\u00f3n de las que muchas veces son objeto las personas en tr\u00e1nsito, ya que debemos de tener presente que migrar no es un delito, sino que en muchos casos es una innevitable necesidad.<\/p>\n","protected":false},"excerpt":{"rendered":"<p>Por Fernando Manzanilla Prieto Muchas han sido las voces que se han levantado y que han puesto en el ojo [&hellip;]<\/p>\n","protected":false},"author":1,"featured_media":17692,"comment_status":"open","ping_status":"open","sticky":false,"template":"","format":"standard","meta":{"site-sidebar-layout":"default","site-content-layout":"","ast-site-content-layout":"default","site-content-style":"default","site-sidebar-style":"default","ast-global-header-display":"","ast-banner-title-visibility":"","ast-main-header-display":"","ast-hfb-above-header-display":"","ast-hfb-below-header-display":"","ast-hfb-mobile-header-display":"","site-post-title":"","ast-breadcrumbs-content":"","ast-featured-img":"","footer-sml-layout":"","theme-transparent-header-meta":"","adv-header-id-meta":"","stick-header-meta":"","header-above-stick-meta":"","header-main-stick-meta":"","header-below-stick-meta":"","astra-migrate-meta-layouts":"default","ast-page-background-enabled":"default","ast-page-background-meta":{"desktop":{"background-color":"var(--ast-global-color-4)","background-image":"","background-repeat":"repeat","background-position":"center center","background-size":"auto","background-attachment":"scroll","background-type":"","background-media":"","overlay-type":"","overlay-color":"","overlay-opacity":"","overlay-gradient":""},"tablet":{"background-color":"","background-image":"","background-repeat":"repeat","background-position":"center center","background-size":"auto","background-attachment":"scroll","background-type":"","background-media":"","overlay-type":"","overlay-color":"","overlay-opacity":"","overlay-gradient":""},"mobile":{"background-color":"","background-image":"","background-repeat":"repeat","background-position":"center center","background-size":"auto","background-attachment":"scroll","background-type":"","background-media":"","overlay-type":"","overlay-color":"","overlay-opacity":"","overlay-gradient":""}},"ast-content-background-meta":{"desktop":{"background-color":"var(--ast-global-color-5)","background-image":"","background-repeat":"repeat","background-position":"center center","background-size":"auto","background-attachment":"scroll","background-type":"","background-media":"","overlay-type":"","overlay-color":"","overlay-opacity":"","overlay-gradient":""},"tablet":{"background-color":"var(--ast-global-color-5)","background-image":"","background-repeat":"repeat","background-position":"center center","background-size":"auto","background-attachment":"scroll","background-type":"","background-media":"","overlay-type":"","overlay-color":"","overlay-opacity":"","overlay-gradient":""},"mobile":{"background-color":"var(--ast-global-color-5)","background-image":"","background-repeat":"repeat","background-position":"center center","background-size":"auto","background-attachment":"scroll","background-type":"","background-media":"","overlay-type":"","overlay-color":"","overlay-opacity":"","overlay-gradient":""}},"footnotes":""},"categories":[24,8],"tags":[3784],"class_list":["post-17691","post","type-post","status-publish","format-standard","has-post-thumbnail","hentry","category-fernando-manzanilla","category-noticias","tag-migrantes-mexico"],"_links":{"self":[{"href":"https:\/\/losperiodistas.com.mx\/portal\/wp-json\/wp\/v2\/posts\/17691","targetHints":{"allow":["GET"]}}],"collection":[{"href":"https:\/\/losperiodistas.com.mx\/portal\/wp-json\/wp\/v2\/posts"}],"about":[{"href":"https:\/\/losperiodistas.com.mx\/portal\/wp-json\/wp\/v2\/types\/post"}],"author":[{"embeddable":true,"href":"https:\/\/losperiodistas.com.mx\/portal\/wp-json\/wp\/v2\/users\/1"}],"replies":[{"embeddable":true,"href":"https:\/\/losperiodistas.com.mx\/portal\/wp-json\/wp\/v2\/comments?post=17691"}],"version-history":[{"count":1,"href":"https:\/\/losperiodistas.com.mx\/portal\/wp-json\/wp\/v2\/posts\/17691\/revisions"}],"predecessor-version":[{"id":17693,"href":"https:\/\/losperiodistas.com.mx\/portal\/wp-json\/wp\/v2\/posts\/17691\/revisions\/17693"}],"wp:featuredmedia":[{"embeddable":true,"href":"https:\/\/losperiodistas.com.mx\/portal\/wp-json\/wp\/v2\/media\/17692"}],"wp:attachment":[{"href":"https:\/\/losperiodistas.com.mx\/portal\/wp-json\/wp\/v2\/media?parent=17691"}],"wp:term":[{"taxonomy":"category","embeddable":true,"href":"https:\/\/losperiodistas.com.mx\/portal\/wp-json\/wp\/v2\/categories?post=17691"},{"taxonomy":"post_tag","embeddable":true,"href":"https:\/\/losperiodistas.com.mx\/portal\/wp-json\/wp\/v2\/tags?post=17691"}],"curies":[{"name":"wp","href":"https:\/\/api.w.org\/{rel}","templated":true}]}}