{"id":17685,"date":"2021-12-15T18:26:53","date_gmt":"2021-12-16T00:26:53","guid":{"rendered":"http:\/\/losperiodistas.com.mx\/portal\/?p=17685"},"modified":"2021-12-15T18:27:27","modified_gmt":"2021-12-16T00:27:27","slug":"festin-poblano-edicion-navidena-anuncia-ayuntamiento","status":"publish","type":"post","link":"https:\/\/losperiodistas.com.mx\/portal\/festin-poblano-edicion-navidena-anuncia-ayuntamiento\/","title":{"rendered":"Fest\u00edn Poblano, edici\u00f3n navide\u00f1a, anuncia Ayuntamiento"},"content":{"rendered":"\n<p style=\"font-size:18px\"><em>Habr\u00e1 50 stands en el Parque de \u201cEl Carmen\u201d, se expondr\u00e1n productos diversos.<\/em><\/p>\n\n\n\n<p><\/p>\n\n\n\n<figure class=\"wp-block-image size-large\"><img fetchpriority=\"high\" decoding=\"async\" width=\"600\" height=\"394\" src=\"https:\/\/losperiodistas.com.mx\/portal\/wp-content\/uploads\/2021\/12\/f61183ecedd578aaf2e72499db7e9f09_XL.jpeg\" alt=\"\" class=\"wp-image-17686\" srcset=\"https:\/\/losperiodistas.com.mx\/portal\/wp-content\/uploads\/2021\/12\/f61183ecedd578aaf2e72499db7e9f09_XL.jpeg 600w, https:\/\/losperiodistas.com.mx\/portal\/wp-content\/uploads\/2021\/12\/f61183ecedd578aaf2e72499db7e9f09_XL-300x197.jpeg 300w\" sizes=\"(max-width: 600px) 100vw, 600px\" \/><figcaption>Ayuntamiento de Puebla<\/figcaption><\/figure>\n\n\n\n<p><\/p>\n\n\n\n<p class=\"has-vivid-cyan-blue-color has-text-color has-medium-font-size\">REDACCI\u00d3N<\/p>\n\n\n\n<p>El Ayuntamiento de Puebla, a trav\u00e9s de la Secretar\u00eda de Desarrollo Econ\u00f3mico, invita a las y los poblanos, as\u00ed como a visitantes a formar parte del Fest\u00edn Poblano en su edici\u00f3n navide\u00f1a, a fin de impulsar la econom\u00eda de productores provenientes de diferentes partes de la capital y municipios de nuestra entidad, a celebrarse del 17 al 19 de diciembre en el Parque de \u201cEl Carmen\u201d.<\/p>\n\n\n\n<p>En conferencia de prensa, Alejandro Ca\u00f1edo Priesca, Secretario de Desarrollo Econ\u00f3mico, puntualiz\u00f3 que el Fest\u00edn Poblano es un espacio de encuentro y cercan\u00eda entre las y los ciudadanos con las artesan\u00edas, gastronom\u00eda y cultura, donde se podr\u00e1 compartir la riqueza de cada comunidad fortaleciendo el sentido de pertenencia y los lazos para una mayor promoci\u00f3n.<\/p>\n\n\n\n<p>\u201cEn continuidad con las estrategias de posicionamiento y fortalecimiento del sector artesanal, en colaboraci\u00f3n con distintas instituciones, promovemos este encuentro de productores regionales para apoyar la econom\u00eda local, aportando a la reactivaci\u00f3n econ\u00f3mica en esta \u00e9poca decembrina, una temporada de tradici\u00f3n\u201d, se\u00f1al\u00f3.<\/p>\n\n\n\n<p>Por su parte, Carolina Morales, Directora de Comercio y Servicios subray\u00f3 que este programa tendr\u00e1 lugar en 4 temporadas del a\u00f1o, con la finalidad de propiciar sinergias que permitan el intercambio de ideas, experiencias, servicios y productos para impulsar la industria creativa en la ciudad de Puebla, as\u00ed como en los municipios del \u00e1rea metropolitana.<\/p>\n\n\n\n<p>En la edici\u00f3n navide\u00f1a del Fest\u00edn Poblano se contar\u00e1 con la participaci\u00f3n de 13 municipios de la entidad, entre los que se encuentran seis Pueblos M\u00e1gicos y cuatro juntas auxiliares de la capital: San Baltazar Campeche, Santa Mar\u00eda Guadalupe Tecola, San Jer\u00f3nimo Caleras e Ignacio Romero Vargas, as\u00ed como cinco dependencias distribuidas en 50 stands, en beneficio de mil 250 productores de manera directa.<\/p>\n\n\n\n<p>De igual forma, participar\u00e1n distintas c\u00e1maras empresariales, a fin de establecer enlaces comerciales a trav\u00e9s de sus agremiados con las y los productores que se den cita en este encuentro.<\/p>\n\n\n\n<p>Entre los productos que se expondr\u00e1n se encuentran sidras, cacao, textiles, chalinas, blusas, antojitos, comida regional, helados, talabarter\u00eda, joyer\u00eda, caf\u00e9, ma\u00edz, madera tallada, papel amate, art\u00edculos navide\u00f1os, barro bru\u00f1ido, entre otros.<\/p>\n\n\n\n<p>Fuente: https:\/\/www.pueblacapital.gob.mx\/noticias\/comunicados-de-prensa\/item\/15558-ayuntamiento-de-puebla-invita-a-visitar-el-festin-poblano-edicion-navidena<\/p>\n","protected":false},"excerpt":{"rendered":"<p>Habr\u00e1 50 stands en el Parque de \u201cEl Carmen\u201d, se expondr\u00e1n productos diversos. REDACCI\u00d3N El Ayuntamiento de Puebla, a trav\u00e9s [&hellip;]<\/p>\n","protected":false},"author":1,"featured_media":17686,"comment_status":"open","ping_status":"open","sticky":false,"template":"","format":"standard","meta":{"site-sidebar-layout":"default","site-content-layout":"","ast-site-content-layout":"default","site-content-style":"default","site-sidebar-style":"default","ast-global-header-display":"","ast-banner-title-visibility":"","ast-main-header-display":"","ast-hfb-above-header-display":"","ast-hfb-below-header-display":"","ast-hfb-mobile-header-display":"","site-post-title":"","ast-breadcrumbs-content":"","ast-featured-img":"","footer-sml-layout":"","theme-transparent-header-meta":"","adv-header-id-meta":"","stick-header-meta":"","header-above-stick-meta":"","header-main-stick-meta":"","header-below-stick-meta":"","astra-migrate-meta-layouts":"default","ast-page-background-enabled":"default","ast-page-background-meta":{"desktop":{"background-color":"var(--ast-global-color-4)","background-image":"","background-repeat":"repeat","background-position":"center center","background-size":"auto","background-attachment":"scroll","background-type":"","background-media":"","overlay-type":"","overlay-color":"","overlay-opacity":"","overlay-gradient":""},"tablet":{"background-color":"","background-image":"","background-repeat":"repeat","background-position":"center center","background-size":"auto","background-attachment":"scroll","background-type":"","background-media":"","overlay-type":"","overlay-color":"","overlay-opacity":"","overlay-gradient":""},"mobile":{"background-color":"","background-image":"","background-repeat":"repeat","background-position":"center center","background-size":"auto","background-attachment":"scroll","background-type":"","background-media":"","overlay-type":"","overlay-color":"","overlay-opacity":"","overlay-gradient":""}},"ast-content-background-meta":{"desktop":{"background-color":"var(--ast-global-color-5)","background-image":"","background-repeat":"repeat","background-position":"center center","background-size":"auto","background-attachment":"scroll","background-type":"","background-media":"","overlay-type":"","overlay-color":"","overlay-opacity":"","overlay-gradient":""},"tablet":{"background-color":"var(--ast-global-color-5)","background-image":"","background-repeat":"repeat","background-position":"center center","background-size":"auto","background-attachment":"scroll","background-type":"","background-media":"","overlay-type":"","overlay-color":"","overlay-opacity":"","overlay-gradient":""},"mobile":{"background-color":"var(--ast-global-color-5)","background-image":"","background-repeat":"repeat","background-position":"center center","background-size":"auto","background-attachment":"scroll","background-type":"","background-media":"","overlay-type":"","overlay-color":"","overlay-opacity":"","overlay-gradient":""}},"footnotes":""},"categories":[8,1],"tags":[3575,6180,6182,6181],"class_list":["post-17685","post","type-post","status-publish","format-standard","has-post-thumbnail","hentry","category-noticias","category-sin-categoria","tag-alejandro-canedo-priesca","tag-festin-poblano","tag-parque-el-carmen","tag-secretaria-de-desarrollo-economico-municipio-de-puebla"],"_links":{"self":[{"href":"https:\/\/losperiodistas.com.mx\/portal\/wp-json\/wp\/v2\/posts\/17685","targetHints":{"allow":["GET"]}}],"collection":[{"href":"https:\/\/losperiodistas.com.mx\/portal\/wp-json\/wp\/v2\/posts"}],"about":[{"href":"https:\/\/losperiodistas.com.mx\/portal\/wp-json\/wp\/v2\/types\/post"}],"author":[{"embeddable":true,"href":"https:\/\/losperiodistas.com.mx\/portal\/wp-json\/wp\/v2\/users\/1"}],"replies":[{"embeddable":true,"href":"https:\/\/losperiodistas.com.mx\/portal\/wp-json\/wp\/v2\/comments?post=17685"}],"version-history":[{"count":1,"href":"https:\/\/losperiodistas.com.mx\/portal\/wp-json\/wp\/v2\/posts\/17685\/revisions"}],"predecessor-version":[{"id":17687,"href":"https:\/\/losperiodistas.com.mx\/portal\/wp-json\/wp\/v2\/posts\/17685\/revisions\/17687"}],"wp:featuredmedia":[{"embeddable":true,"href":"https:\/\/losperiodistas.com.mx\/portal\/wp-json\/wp\/v2\/media\/17686"}],"wp:attachment":[{"href":"https:\/\/losperiodistas.com.mx\/portal\/wp-json\/wp\/v2\/media?parent=17685"}],"wp:term":[{"taxonomy":"category","embeddable":true,"href":"https:\/\/losperiodistas.com.mx\/portal\/wp-json\/wp\/v2\/categories?post=17685"},{"taxonomy":"post_tag","embeddable":true,"href":"https:\/\/losperiodistas.com.mx\/portal\/wp-json\/wp\/v2\/tags?post=17685"}],"curies":[{"name":"wp","href":"https:\/\/api.w.org\/{rel}","templated":true}]}}