{"id":17577,"date":"2021-12-14T06:07:54","date_gmt":"2021-12-14T12:07:54","guid":{"rendered":"http:\/\/losperiodistas.com.mx\/portal\/?p=17577"},"modified":"2021-12-14T06:31:47","modified_gmt":"2021-12-14T12:31:47","slug":"eduardo-rivera-preside-instalacion-del-comite-de-planeacion-para-el-desarrollo-municipal","status":"publish","type":"post","link":"https:\/\/losperiodistas.com.mx\/portal\/eduardo-rivera-preside-instalacion-del-comite-de-planeacion-para-el-desarrollo-municipal\/","title":{"rendered":"Eduardo Rivera preside instalaci\u00f3n del Comit\u00e9 de Planeaci\u00f3n para el Desarrollo Municipal"},"content":{"rendered":"\n<p style=\"font-size:18px\"><em>M\u00e1s de mil 50 personas han participado en la construcci\u00f3n del Plan Municipal de Desarrollo (PMD).<\/em><\/p>\n\n\n\n<figure class=\"wp-block-image\"><a href=\"http:\/\/www.pueblacapital.gob.mx\/media\/k2\/items\/cache\/bf9c0da63896d08ffd0aa77bf80aa005_XL.jpg?t=1639447888\"><img decoding=\"async\" src=\"http:\/\/www.pueblacapital.gob.mx\/media\/k2\/items\/cache\/bf9c0da63896d08ffd0aa77bf80aa005_XL.jpg?t=1639447888\" alt=\"EDUARDO RIVERA P\u00c9REZ PRESIDE INSTALACI\u00d3N DEL COMIT\u00c9 DE PLANEACI\u00d3N PARA EL DESARROLLO MUNICIPAL\"\/><\/a><figcaption>Ayuntamiento de Puebla<\/figcaption><\/figure>\n\n\n\n<p><\/p>\n\n\n\n<p class=\"has-vivid-cyan-blue-color has-text-color has-medium-font-size\">REDACCI\u00d3N<\/p>\n\n\n\n<p>Eduardo Rivera P\u00e9rez, Presidente Municipal de Puebla, encabez\u00f3 la instalaci\u00f3n del Comit\u00e9 de Planeaci\u00f3n para el Desarrollo de la administraci\u00f3n 2021-2024, \u00f3rgano de seguimiento y evaluaci\u00f3n que est\u00e1 conformado por actores sociales, acad\u00e9micos, empresariales y gubernamentales.<\/p>\n\n\n\n<p>Acompa\u00f1ado por Lilia Cedillo, Rectora de la BUAP; Ignacio Alarc\u00f3n, Presidente del CCE Puebla, y Alejandro Gonz\u00e1lez Rold\u00e1n, Subsecretario de Planeaci\u00f3n de la Secretar\u00eda de Planeaci\u00f3n y Finanzas del Gobierno Estatal, el alcalde refiri\u00f3 que para su gobierno es importante escuchar a la sociedad y trabajar con disposici\u00f3n en las propuestas que han surgido en sesiones previas.<\/p>\n\n\n\n<p>En este sentido, Cedillo Ram\u00edrez y Alarc\u00f3n Rodr\u00edguez ratificaron la apertura de sus instituciones para colaborar en la implementaci\u00f3n y seguimiento de estos trabajos, al tiempo de celebrar la pluralidad con la que se conform\u00f3, para impulsar un desarrollo arm\u00f3nico y democr\u00e1tico.<\/p>\n\n\n\n<p>Sobre la construcci\u00f3n del Plan Municipal de Desarrollo (PMD), Daniel Tapia, Coordinador General del Instituto Municipal de Planeaci\u00f3n, inform\u00f3 que han participado m\u00e1s de mil 50 personas de diversos grupos y contextos sociales en 14 foros consultivos: seis presenciales, cinco virtuales, dos infantiles y uno juvenil; adem\u00e1s de encuestas online y personales. Aunado a ello, se sumar\u00e1n las voces de juntas auxiliares, comunidades ind\u00edgenas y afrodescendientes en dos consultas populares que tendr\u00e1n lugar en San Andr\u00e9s Azumiatla y San Miguel Canoa.<\/p>\n\n\n\n<p>Precis\u00f3 que esta directriz local contar\u00e1 con 26 programas presupuestarios -uno por cada dependencia municipal-, 26 objetivos, 87 estrategias y 744 l\u00edneas de acci\u00f3n, para responder a las necesidades y demandas del territorio poblano.<\/p>\n\n\n\n<p>Adem\u00e1s de contar con la presencia de autoridades auxiliares e integrantes del Cabildo Poblano, tambi\u00e9n participaron en esta sesi\u00f3n Liliana Ortiz P\u00e9rez, Presidenta del Patronato del Sistema Municipal DIF; Silvia Guillermina Tan\u00fas Osorio, Secretaria del Ayuntamiento; y Marissa Cristina Farf\u00e1n Delgadillo, Presidenta Ejecutiva de los Consejos de Participaci\u00f3n Ciudadana.<\/p>\n","protected":false},"excerpt":{"rendered":"<p>M\u00e1s de mil 50 personas han participado en la construcci\u00f3n del Plan Municipal de Desarrollo (PMD). REDACCI\u00d3N Eduardo Rivera P\u00e9rez, [&hellip;]<\/p>\n","protected":false},"author":1,"featured_media":17578,"comment_status":"open","ping_status":"open","sticky":false,"template":"","format":"standard","meta":{"site-sidebar-layout":"default","site-content-layout":"","ast-site-content-layout":"default","site-content-style":"default","site-sidebar-style":"default","ast-global-header-display":"","ast-banner-title-visibility":"","ast-main-header-display":"","ast-hfb-above-header-display":"","ast-hfb-below-header-display":"","ast-hfb-mobile-header-display":"","site-post-title":"","ast-breadcrumbs-content":"","ast-featured-img":"","footer-sml-layout":"","theme-transparent-header-meta":"","adv-header-id-meta":"","stick-header-meta":"","header-above-stick-meta":"","header-main-stick-meta":"","header-below-stick-meta":"","astra-migrate-meta-layouts":"default","ast-page-background-enabled":"default","ast-page-background-meta":{"desktop":{"background-color":"var(--ast-global-color-4)","background-image":"","background-repeat":"repeat","background-position":"center center","background-size":"auto","background-attachment":"scroll","background-type":"","background-media":"","overlay-type":"","overlay-color":"","overlay-opacity":"","overlay-gradient":""},"tablet":{"background-color":"","background-image":"","background-repeat":"repeat","background-position":"center center","background-size":"auto","background-attachment":"scroll","background-type":"","background-media":"","overlay-type":"","overlay-color":"","overlay-opacity":"","overlay-gradient":""},"mobile":{"background-color":"","background-image":"","background-repeat":"repeat","background-position":"center center","background-size":"auto","background-attachment":"scroll","background-type":"","background-media":"","overlay-type":"","overlay-color":"","overlay-opacity":"","overlay-gradient":""}},"ast-content-background-meta":{"desktop":{"background-color":"var(--ast-global-color-5)","background-image":"","background-repeat":"repeat","background-position":"center center","background-size":"auto","background-attachment":"scroll","background-type":"","background-media":"","overlay-type":"","overlay-color":"","overlay-opacity":"","overlay-gradient":""},"tablet":{"background-color":"var(--ast-global-color-5)","background-image":"","background-repeat":"repeat","background-position":"center center","background-size":"auto","background-attachment":"scroll","background-type":"","background-media":"","overlay-type":"","overlay-color":"","overlay-opacity":"","overlay-gradient":""},"mobile":{"background-color":"var(--ast-global-color-5)","background-image":"","background-repeat":"repeat","background-position":"center center","background-size":"auto","background-attachment":"scroll","background-type":"","background-media":"","overlay-type":"","overlay-color":"","overlay-opacity":"","overlay-gradient":""}},"footnotes":""},"categories":[8,1],"tags":[5635,6126,6125],"class_list":["post-17577","post","type-post","status-publish","format-standard","has-post-thumbnail","hentry","category-noticias","category-sin-categoria","tag-erp-puebla","tag-plan-municipal-de-desarrollo","tag-planeacion-municipal"],"_links":{"self":[{"href":"https:\/\/losperiodistas.com.mx\/portal\/wp-json\/wp\/v2\/posts\/17577","targetHints":{"allow":["GET"]}}],"collection":[{"href":"https:\/\/losperiodistas.com.mx\/portal\/wp-json\/wp\/v2\/posts"}],"about":[{"href":"https:\/\/losperiodistas.com.mx\/portal\/wp-json\/wp\/v2\/types\/post"}],"author":[{"embeddable":true,"href":"https:\/\/losperiodistas.com.mx\/portal\/wp-json\/wp\/v2\/users\/1"}],"replies":[{"embeddable":true,"href":"https:\/\/losperiodistas.com.mx\/portal\/wp-json\/wp\/v2\/comments?post=17577"}],"version-history":[{"count":1,"href":"https:\/\/losperiodistas.com.mx\/portal\/wp-json\/wp\/v2\/posts\/17577\/revisions"}],"predecessor-version":[{"id":17579,"href":"https:\/\/losperiodistas.com.mx\/portal\/wp-json\/wp\/v2\/posts\/17577\/revisions\/17579"}],"wp:featuredmedia":[{"embeddable":true,"href":"https:\/\/losperiodistas.com.mx\/portal\/wp-json\/wp\/v2\/media\/17578"}],"wp:attachment":[{"href":"https:\/\/losperiodistas.com.mx\/portal\/wp-json\/wp\/v2\/media?parent=17577"}],"wp:term":[{"taxonomy":"category","embeddable":true,"href":"https:\/\/losperiodistas.com.mx\/portal\/wp-json\/wp\/v2\/categories?post=17577"},{"taxonomy":"post_tag","embeddable":true,"href":"https:\/\/losperiodistas.com.mx\/portal\/wp-json\/wp\/v2\/tags?post=17577"}],"curies":[{"name":"wp","href":"https:\/\/api.w.org\/{rel}","templated":true}]}}