{"id":17573,"date":"2021-12-14T06:02:04","date_gmt":"2021-12-14T12:02:04","guid":{"rendered":"http:\/\/losperiodistas.com.mx\/portal\/?p=17573"},"modified":"2021-12-14T06:02:06","modified_gmt":"2021-12-14T12:02:06","slug":"promueve-sesipinna-puebla-derechos-de-ninas-ninos-y-adolescentes-migrantes","status":"publish","type":"post","link":"https:\/\/losperiodistas.com.mx\/portal\/promueve-sesipinna-puebla-derechos-de-ninas-ninos-y-adolescentes-migrantes\/","title":{"rendered":"Promueve SESIPINNA Puebla derechos de ni\u00f1as, ni\u00f1os y adolescentes migrantes"},"content":{"rendered":"\n<p style=\"font-size:18px\"><em>En el d\u00e9cimo foro \u201cExpr\u00e9sate\u201d se registraron 2 mil 689 menores de 18 a\u00f1os de todo el estado<\/em><\/p>\n\n\n\n<p><\/p>\n\n\n\n<figure class=\"wp-block-image size-large\"><img fetchpriority=\"high\" decoding=\"async\" width=\"1024\" height=\"768\" src=\"https:\/\/losperiodistas.com.mx\/portal\/wp-content\/uploads\/2021\/12\/SIPINNA_ATLIXCO_1-1024x768.jpeg\" alt=\"\" class=\"wp-image-17574\" srcset=\"https:\/\/losperiodistas.com.mx\/portal\/wp-content\/uploads\/2021\/12\/SIPINNA_ATLIXCO_1-1024x768.jpeg 1024w, https:\/\/losperiodistas.com.mx\/portal\/wp-content\/uploads\/2021\/12\/SIPINNA_ATLIXCO_1-300x225.jpeg 300w, https:\/\/losperiodistas.com.mx\/portal\/wp-content\/uploads\/2021\/12\/SIPINNA_ATLIXCO_1-768x576.jpeg 768w, https:\/\/losperiodistas.com.mx\/portal\/wp-content\/uploads\/2021\/12\/SIPINNA_ATLIXCO_1-1536x1152.jpeg 1536w, https:\/\/losperiodistas.com.mx\/portal\/wp-content\/uploads\/2021\/12\/SIPINNA_ATLIXCO_1-2048x1536.jpeg 2048w\" sizes=\"(max-width: 1024px) 100vw, 1024px\" \/><figcaption>Gobierno de Puebla<\/figcaption><\/figure>\n\n\n\n<p class=\"has-vivid-cyan-blue-color has-text-color has-medium-font-size\">REDACCI\u00d3N<\/p>\n\n\n\n<p>ATLIXCO, Pue. &#8211; Con el prop\u00f3sito de promover y difundir los derechos de ni\u00f1as, ni\u00f1os y adolescentes migrantes, la Secretar\u00eda Ejecutiva del Sistema de Protecci\u00f3n Integral de los Derechos de Ni\u00f1as, Ni\u00f1os y Adolescentes (SESIPINNA) Puebla realiz\u00f3 en este municipio el d\u00e9cimo foro virtual \u201cExpr\u00e9sate\u201d, en cuyo evento se registraron 2 mil 689 menores de 18 a\u00f1os de edad de toda la entidad.<\/p>\n\n\n\n<p>Las y los participantes se pronunciaron a favor de que a la ni\u00f1ez y adolescencia migrante se le garanticen sus derechos como salud, vivienda, educaci\u00f3n, libertad, diversi\u00f3n y esparcimiento. Adem\u00e1s, pidieron erradicar el trabajo infantil y tambi\u00e9n pugnaron porque les sea facilitado un int\u00e9rprete cuando lleguen a una localidad, cuya lengua sea diferente a la de su cultura.<\/p>\n\n\n\n<p>En este foro virtual, la titular del SESIPINNA Puebla, Martha Z\u00e1rate Tinoco agradeci\u00f3 a las y los participantes y a las autoridades municipales por las facilidades otorgadas, as\u00ed como a las diferentes instituciones y asociaciones que contribuyeron para la realizaci\u00f3n de este ejercicio que fomenta la promoci\u00f3n y difusi\u00f3n de los derechos humanos.<\/p>\n\n\n\n<p>Mientras que la especialista en educaci\u00f3n y migraci\u00f3n y enlace estatal para Puebla de UNICEF M\u00e9xico, Sof\u00eda Garza Fragoso, celebr\u00f3 este tipo de espacios y coment\u00f3 que la responsabilidad de las autoridades y de la sociedad civil es garantizar el derecho a la educaci\u00f3n y de calidad a favor de ni\u00f1as, ni\u00f1os y adolescentes.<\/p>\n\n\n\n<p>Entre los asistentes a este evento destacaron por la Secretar\u00eda de Educaci\u00f3n: Mar\u00eda del Coral Morales Espinoza, subsecretaria de Educaci\u00f3n Obligatoria y Deisy Nohemi Andr\u00e9ica Ochoa, directora de Promoci\u00f3n al Derecho Educativo; por la Secretar\u00eda de Cultura: Beatriz Meyer Rodr\u00edguez, directora de Fomento Cultural y Agust\u00edn Enrique Andrade Cuautle, director del Patrimonio Cultural; la presidenta municipal de Atlixco, Ariadna Ayala Camarillo; el presidente del Patronato del Sistema Municipal DIF, Ra\u00fal Guerrero Gonz\u00e1lez y la directora de dicho organismo, Mar\u00eda del Pilar Lozada S\u00e1nchez.<\/p>\n\n\n\n<p>Asimismo, el titular de la Unidad Especializada para la Protecci\u00f3n Efectiva, Observancia, Promoci\u00f3n, Estudio y Divulgaci\u00f3n de la Comisi\u00f3n de los Derechos Humanos de Puebla, Salvador L\u00f3pez Hidalgo; la subdirectora de Coordinaci\u00f3n a Juzgados del Registro Civil, Alejandra Guadalupe San Mart\u00edn Huerta y el coordinador consultivo de la oficina de la Secretar\u00eda del Bienestar, David Mendoza Ju\u00e1rez, entre otros.<\/p>\n\n\n\n<p>Fuente: https:\/\/www.puebla.gob.mx\/index.php\/noticias\/item\/7622-promueve-sesipinna-puebla-derechos-de-ninas-ninos-y-adolescentes-migrantes<\/p>\n","protected":false},"excerpt":{"rendered":"<p>En el d\u00e9cimo foro \u201cExpr\u00e9sate\u201d se registraron 2 mil 689 menores de 18 a\u00f1os de todo el estado REDACCI\u00d3N ATLIXCO, [&hellip;]<\/p>\n","protected":false},"author":1,"featured_media":17575,"comment_status":"open","ping_status":"open","sticky":false,"template":"","format":"standard","meta":{"site-sidebar-layout":"default","site-content-layout":"","ast-site-content-layout":"default","site-content-style":"default","site-sidebar-style":"default","ast-global-header-display":"","ast-banner-title-visibility":"","ast-main-header-display":"","ast-hfb-above-header-display":"","ast-hfb-below-header-display":"","ast-hfb-mobile-header-display":"","site-post-title":"","ast-breadcrumbs-content":"","ast-featured-img":"","footer-sml-layout":"","theme-transparent-header-meta":"","adv-header-id-meta":"","stick-header-meta":"","header-above-stick-meta":"","header-main-stick-meta":"","header-below-stick-meta":"","astra-migrate-meta-layouts":"default","ast-page-background-enabled":"default","ast-page-background-meta":{"desktop":{"background-color":"var(--ast-global-color-4)","background-image":"","background-repeat":"repeat","background-position":"center center","background-size":"auto","background-attachment":"scroll","background-type":"","background-media":"","overlay-type":"","overlay-color":"","overlay-opacity":"","overlay-gradient":""},"tablet":{"background-color":"","background-image":"","background-repeat":"repeat","background-position":"center center","background-size":"auto","background-attachment":"scroll","background-type":"","background-media":"","overlay-type":"","overlay-color":"","overlay-opacity":"","overlay-gradient":""},"mobile":{"background-color":"","background-image":"","background-repeat":"repeat","background-position":"center center","background-size":"auto","background-attachment":"scroll","background-type":"","background-media":"","overlay-type":"","overlay-color":"","overlay-opacity":"","overlay-gradient":""}},"ast-content-background-meta":{"desktop":{"background-color":"var(--ast-global-color-5)","background-image":"","background-repeat":"repeat","background-position":"center center","background-size":"auto","background-attachment":"scroll","background-type":"","background-media":"","overlay-type":"","overlay-color":"","overlay-opacity":"","overlay-gradient":""},"tablet":{"background-color":"var(--ast-global-color-5)","background-image":"","background-repeat":"repeat","background-position":"center center","background-size":"auto","background-attachment":"scroll","background-type":"","background-media":"","overlay-type":"","overlay-color":"","overlay-opacity":"","overlay-gradient":""},"mobile":{"background-color":"var(--ast-global-color-5)","background-image":"","background-repeat":"repeat","background-position":"center center","background-size":"auto","background-attachment":"scroll","background-type":"","background-media":"","overlay-type":"","overlay-color":"","overlay-opacity":"","overlay-gradient":""}},"footnotes":""},"categories":[8],"tags":[6123,6122,6124],"class_list":["post-17573","post","type-post","status-publish","format-standard","has-post-thumbnail","hentry","category-noticias","tag-foro-expresate","tag-sesipinna","tag-unicef-mexico"],"_links":{"self":[{"href":"https:\/\/losperiodistas.com.mx\/portal\/wp-json\/wp\/v2\/posts\/17573","targetHints":{"allow":["GET"]}}],"collection":[{"href":"https:\/\/losperiodistas.com.mx\/portal\/wp-json\/wp\/v2\/posts"}],"about":[{"href":"https:\/\/losperiodistas.com.mx\/portal\/wp-json\/wp\/v2\/types\/post"}],"author":[{"embeddable":true,"href":"https:\/\/losperiodistas.com.mx\/portal\/wp-json\/wp\/v2\/users\/1"}],"replies":[{"embeddable":true,"href":"https:\/\/losperiodistas.com.mx\/portal\/wp-json\/wp\/v2\/comments?post=17573"}],"version-history":[{"count":1,"href":"https:\/\/losperiodistas.com.mx\/portal\/wp-json\/wp\/v2\/posts\/17573\/revisions"}],"predecessor-version":[{"id":17576,"href":"https:\/\/losperiodistas.com.mx\/portal\/wp-json\/wp\/v2\/posts\/17573\/revisions\/17576"}],"wp:featuredmedia":[{"embeddable":true,"href":"https:\/\/losperiodistas.com.mx\/portal\/wp-json\/wp\/v2\/media\/17575"}],"wp:attachment":[{"href":"https:\/\/losperiodistas.com.mx\/portal\/wp-json\/wp\/v2\/media?parent=17573"}],"wp:term":[{"taxonomy":"category","embeddable":true,"href":"https:\/\/losperiodistas.com.mx\/portal\/wp-json\/wp\/v2\/categories?post=17573"},{"taxonomy":"post_tag","embeddable":true,"href":"https:\/\/losperiodistas.com.mx\/portal\/wp-json\/wp\/v2\/tags?post=17573"}],"curies":[{"name":"wp","href":"https:\/\/api.w.org\/{rel}","templated":true}]}}