{"id":17549,"date":"2021-12-13T19:59:04","date_gmt":"2021-12-14T01:59:04","guid":{"rendered":"http:\/\/losperiodistas.com.mx\/portal\/?p=17549"},"modified":"2021-12-13T19:59:05","modified_gmt":"2021-12-14T01:59:05","slug":"cuando-el-ser-humano-se-quedo-sin-cola","status":"publish","type":"post","link":"https:\/\/losperiodistas.com.mx\/portal\/cuando-el-ser-humano-se-quedo-sin-cola\/","title":{"rendered":"Cuando el ser humano se qued\u00f3 sin cola"},"content":{"rendered":"\n<p style=\"font-size:22px\">*Festejaron un aniversario m\u00e1s del Sanatorio Guadalupe<\/p>\n\n\n\n<p><\/p>\n\n\n\n<figure class=\"wp-block-image size-large\"><img fetchpriority=\"high\" decoding=\"async\" width=\"1024\" height=\"577\" src=\"https:\/\/losperiodistas.com.mx\/portal\/wp-content\/uploads\/2021\/12\/LOS-HOMINIDOS-Y-EL-COXIS-1024x577.jpeg\" alt=\"\" class=\"wp-image-17558\" srcset=\"https:\/\/losperiodistas.com.mx\/portal\/wp-content\/uploads\/2021\/12\/LOS-HOMINIDOS-Y-EL-COXIS-1024x577.jpeg 1024w, https:\/\/losperiodistas.com.mx\/portal\/wp-content\/uploads\/2021\/12\/LOS-HOMINIDOS-Y-EL-COXIS-300x169.jpeg 300w, https:\/\/losperiodistas.com.mx\/portal\/wp-content\/uploads\/2021\/12\/LOS-HOMINIDOS-Y-EL-COXIS-768x433.jpeg 768w, https:\/\/losperiodistas.com.mx\/portal\/wp-content\/uploads\/2021\/12\/LOS-HOMINIDOS-Y-EL-COXIS.jpeg 1104w\" sizes=\"(max-width: 1024px) 100vw, 1024px\" \/><\/figure>\n\n\n\n<p class=\"has-vivid-cyan-blue-color has-text-color\" style=\"font-size:26px\"><strong><em>Por Ra\u00fal Torres Salmer\u00f3n<\/em><\/strong><\/p>\n\n\n\n<p>Los hom\u00ednidos son una de las pocas familias de mam\u00edferos que carecen de cola. Dentro de este grupo, compuesto por simios (orangutanes, gorilas, chimpanc\u00e9s y bonobos), adem\u00e1s de los humanos, el \u00fanico vestigio de este ap\u00e9ndice es un peque\u00f1o hueso situado al final de la columna vertebral, llamado el coxis.<\/p>\n\n\n\n<p>Durante a\u00f1os, los cient\u00edficos consideraban que esta p\u00e9rdida se hab\u00eda producido por los cambios corporales experimentados por los humanos, pero un nuevo estudio apunta a que esta extensi\u00f3n desapareci\u00f3 de manera repentina hace 25 millones de a\u00f1os por una mutaci\u00f3n gen\u00e9tica.<\/p>\n\n\n\n<p>Esta variaci\u00f3n expuso a los humanos a enfermedades como la espina b\u00edfida, una malformaci\u00f3n en la columna vertebral que es mortal en casos extremos.<\/p>\n\n\n\n<p>El sorprendente estudio se public\u00f3 en el portal bioRxiv, donde se concentran algunos estudios antes de su publicaci\u00f3n oficial y sobre todo previo a ser revisados por otros investigadores. bioRxiv se fund\u00f3 en noviembre de 2013\u200b por el laboratorio Cold Spring Harbor, en Nueva York.<\/p>\n\n\n\n<p>Bo Xia, primer firmante del estudio, asegura que de ni\u00f1o sol\u00eda preguntarse la raz\u00f3n por la que los humanos, a diferencia de muchos otros animales, no ten\u00edan cola. El investigador sufri\u00f3 una lesi\u00f3n en el coxis, un vestigio de las colas de los mam\u00edferos.<\/p>\n\n\n\n<p>Ese accidente lo llev\u00f3 a investigar la base gen\u00e9tica de esa p\u00e9rdida. Cualquier mutaci\u00f3n involucrada en la falta de la cola debe por fuerza estar presente en los simios hom\u00ednidos, pero no en los monos, que a\u00fan la conservan en la actualidad.<\/p>\n\n\n\n<p>Xia y sus colegas emprendieron un estudio en el que compararon las versiones en simios y monos de 31 genes directamente implicados en el desarrollo de la cola.<\/p>\n\n\n\n<p>La p\u00e9rdida de la cola, dicen los investigadores, es uno de los principales cambios evolutivos anat\u00f3micos que se han producido a lo largo del linaje que condujo a los humanos y a los simios antropomorfos.<\/p>\n\n\n\n<p>Para comprobar su teor\u00eda, llevaron a cabo un experimento con ratones. De los 63 que se criaron con esta mutaci\u00f3n, 21 crecieron sin cola, con una muy corta o con una cola torcida o doblada. Algunos ratones perdieron este ap\u00e9ndice y desarrollaron malformaciones en la columna vertebral, similar a lo que en los humanos se conoce como espina b\u00edfida.<\/p>\n\n\n\n<p>Esta enfermedad se debe a una malformaci\u00f3n de la columna durante el desarrollo del feto. En los casos leves puede pasar desapercibida durante a\u00f1os, pero en los m\u00e1s graves, puede provocar disfunciones en algunos \u00f3rganos, par\u00e1lisis e incluso la muerte.<\/p>\n\n\n\n<p>Algunos registros f\u00f3siles obtenidos apuntaban a que las colas de los humanos desaparecieron de forma repentina, aunque la baja cantidad de muestras imped\u00eda apoyar esta teor\u00eda.<\/p>\n\n\n\n<p>Hay muy pocos f\u00f3siles para decir con certeza que las colas desaparecieron de repente, en lugar de reducir su tama\u00f1o con el paso del tiempo, explica Jackson Spradley, Paleont\u00f3logo de la Universidad de Carolina del Norte, quien ha dedicado gran parte de su carrera a estudiar la evoluci\u00f3n humana y de los monos, pero que no ha participado en esta investigaci\u00f3n.<\/p>\n\n\n\n<p>El cambio gradual es la forma en la que normalmente se presenta el proceso evolutivo y descubrimientos como este, sugieren que este ritmo bajo no siempre se produjo, agreg\u00f3 Spradley.<\/p>\n\n\n\n<p>Lo que a\u00fan sigue siendo una inc\u00f3gnita es la raz\u00f3n por la que esta mutaci\u00f3n se convirti\u00f3 en la dominante. La mayor\u00eda de las hip\u00f3tesis sobre la p\u00e9rdida de la cola se centran en el aumento del tama\u00f1o corporal de los ancestros en comparaci\u00f3n con los monos y las diferencias en la locomoci\u00f3n que acompa\u00f1aron a ese mayor cuerpo, explica Spradley.<\/p>\n\n\n\n<p>Un cuerpo m\u00e1s grande y menos \u00e1gil obligar\u00eda a cambiar la forma en la que los antepasados del ser humano trepaban a los \u00e1rboles, haciendo que el equilibrio extra ofrecido por la cola fuese menos importante y esta pasara a tener un papel secundario. Aun as\u00ed, el investigador considera que ser\u00e1 necesario hacer m\u00e1s trabajos para poder responder esta cuesti\u00f3n.<\/p>\n\n\n\n<p>ANIVERSARIO DEL SANATORIO GUADALUPE<\/p>\n\n\n\n<p>El doctor Antonio Barranco Tenorio fund\u00f3 el Sanatorio Guadalupe hace a\u00f1os, en la casa marcada con el n\u00famero 1306 de la calle 2 Sur de Puebla Capital, donde reuni\u00f3 a destacados m\u00e9dicos que le dieron notable prestigio al nosocomio.<\/p>\n\n\n\n<p>A\u00f1os despu\u00e9s se traslad\u00f3 al n\u00famero 1617 de la avenida 13 oriente, convirti\u00e9ndose en el famoso Hospital Guadalupe. El 30 de junio del a\u00f1o 2001 falleci\u00f3 el ameritado doctor Barranco quien dej\u00f3 como heredera de dicho sanatorio a la se\u00f1orita Carmen Moreno Castillo, quien administr\u00f3 varios a\u00f1os, pero actualmente ya no se encuentra al frente por razones desconocidas.<\/p>\n\n\n\n<p>Actualmente se hace cargo de la administraci\u00f3n su sobrina Guadalupe Guzm\u00e1n Moreno. El pasado 12 de diciembre se festej\u00f3 el onom\u00e1stico de la se\u00f1ora Moreno y del Sanatorio Guadalupe, donde se reunieron numerosos invitados.<\/p>\n\n\n\n<p>En fin, como escribi\u00f3 Pablo Neruda (Chile, 1904-1973) en su Soneto LXI de Amor:<\/p>\n\n\n\n<p>Trajo el amor su cola de dolores,<\/p>\n\n\n\n<p>su largo rayo est\u00e1tico de espinas<\/p>\n\n\n\n<p>y cerramos los ojos porque nada,<\/p>\n\n\n\n<p>porque ninguna herida nos separe.<\/p>\n\n\n\n<p>raultorress@hotmail.com<\/p>\n","protected":false},"excerpt":{"rendered":"<p>*Festejaron un aniversario m\u00e1s del Sanatorio Guadalupe Por Ra\u00fal Torres Salmer\u00f3n Los hom\u00ednidos son una de las pocas familias de [&hellip;]<\/p>\n","protected":false},"author":1,"featured_media":17558,"comment_status":"open","ping_status":"open","sticky":false,"template":"","format":"standard","meta":{"site-sidebar-layout":"default","site-content-layout":"","ast-site-content-layout":"default","site-content-style":"default","site-sidebar-style":"default","ast-global-header-display":"","ast-banner-title-visibility":"","ast-main-header-display":"","ast-hfb-above-header-display":"","ast-hfb-below-header-display":"","ast-hfb-mobile-header-display":"","site-post-title":"","ast-breadcrumbs-content":"","ast-featured-img":"","footer-sml-layout":"","theme-transparent-header-meta":"","adv-header-id-meta":"","stick-header-meta":"","header-above-stick-meta":"","header-main-stick-meta":"","header-below-stick-meta":"","astra-migrate-meta-layouts":"default","ast-page-background-enabled":"default","ast-page-background-meta":{"desktop":{"background-color":"var(--ast-global-color-4)","background-image":"","background-repeat":"repeat","background-position":"center center","background-size":"auto","background-attachment":"scroll","background-type":"","background-media":"","overlay-type":"","overlay-color":"","overlay-opacity":"","overlay-gradient":""},"tablet":{"background-color":"","background-image":"","background-repeat":"repeat","background-position":"center center","background-size":"auto","background-attachment":"scroll","background-type":"","background-media":"","overlay-type":"","overlay-color":"","overlay-opacity":"","overlay-gradient":""},"mobile":{"background-color":"","background-image":"","background-repeat":"repeat","background-position":"center center","background-size":"auto","background-attachment":"scroll","background-type":"","background-media":"","overlay-type":"","overlay-color":"","overlay-opacity":"","overlay-gradient":""}},"ast-content-background-meta":{"desktop":{"background-color":"var(--ast-global-color-5)","background-image":"","background-repeat":"repeat","background-position":"center center","background-size":"auto","background-attachment":"scroll","background-type":"","background-media":"","overlay-type":"","overlay-color":"","overlay-opacity":"","overlay-gradient":""},"tablet":{"background-color":"var(--ast-global-color-5)","background-image":"","background-repeat":"repeat","background-position":"center center","background-size":"auto","background-attachment":"scroll","background-type":"","background-media":"","overlay-type":"","overlay-color":"","overlay-opacity":"","overlay-gradient":""},"mobile":{"background-color":"var(--ast-global-color-5)","background-image":"","background-repeat":"repeat","background-position":"center center","background-size":"auto","background-attachment":"scroll","background-type":"","background-media":"","overlay-type":"","overlay-color":"","overlay-opacity":"","overlay-gradient":""}},"footnotes":""},"categories":[8,19],"tags":[6117,6116,6115,6118,6114],"class_list":["post-17549","post","type-post","status-publish","format-standard","has-post-thumbnail","hentry","category-noticias","category-sin-limites-2","tag-bonobos","tag-chimances","tag-orangutanes","tag-sanatorio-guadalupe-puebla","tag-simios"],"_links":{"self":[{"href":"https:\/\/losperiodistas.com.mx\/portal\/wp-json\/wp\/v2\/posts\/17549","targetHints":{"allow":["GET"]}}],"collection":[{"href":"https:\/\/losperiodistas.com.mx\/portal\/wp-json\/wp\/v2\/posts"}],"about":[{"href":"https:\/\/losperiodistas.com.mx\/portal\/wp-json\/wp\/v2\/types\/post"}],"author":[{"embeddable":true,"href":"https:\/\/losperiodistas.com.mx\/portal\/wp-json\/wp\/v2\/users\/1"}],"replies":[{"embeddable":true,"href":"https:\/\/losperiodistas.com.mx\/portal\/wp-json\/wp\/v2\/comments?post=17549"}],"version-history":[{"count":1,"href":"https:\/\/losperiodistas.com.mx\/portal\/wp-json\/wp\/v2\/posts\/17549\/revisions"}],"predecessor-version":[{"id":17559,"href":"https:\/\/losperiodistas.com.mx\/portal\/wp-json\/wp\/v2\/posts\/17549\/revisions\/17559"}],"wp:featuredmedia":[{"embeddable":true,"href":"https:\/\/losperiodistas.com.mx\/portal\/wp-json\/wp\/v2\/media\/17558"}],"wp:attachment":[{"href":"https:\/\/losperiodistas.com.mx\/portal\/wp-json\/wp\/v2\/media?parent=17549"}],"wp:term":[{"taxonomy":"category","embeddable":true,"href":"https:\/\/losperiodistas.com.mx\/portal\/wp-json\/wp\/v2\/categories?post=17549"},{"taxonomy":"post_tag","embeddable":true,"href":"https:\/\/losperiodistas.com.mx\/portal\/wp-json\/wp\/v2\/tags?post=17549"}],"curies":[{"name":"wp","href":"https:\/\/api.w.org\/{rel}","templated":true}]}}