{"id":17538,"date":"2021-12-13T08:22:08","date_gmt":"2021-12-13T14:22:08","guid":{"rendered":"http:\/\/losperiodistas.com.mx\/portal\/?p=17538"},"modified":"2021-12-13T09:22:16","modified_gmt":"2021-12-13T15:22:16","slug":"el-exodo-centroamericano-continua-pese-al-mortal-accidente-de-chiapas-el-mundo","status":"publish","type":"post","link":"https:\/\/losperiodistas.com.mx\/portal\/el-exodo-centroamericano-continua-pese-al-mortal-accidente-de-chiapas-el-mundo\/","title":{"rendered":"El \u00e9xodo centroamericano contin\u00faa pese al mortal accidente de Chiapas | El Mundo"},"content":{"rendered":"\n<p style=\"font-size:18px\"><em>Una Caravana migrante trata de llegar a la capital mexicana, mientras contin\u00faa la b\u00fasqueda del conductor del cami\u00f3n que mat\u00f3 a 55 personas<\/em><\/p>\n\n\n\n<p><\/p>\n\n\n\n<figure class=\"wp-block-image size-large\"><img fetchpriority=\"high\" decoding=\"async\" width=\"1024\" height=\"683\" src=\"https:\/\/losperiodistas.com.mx\/portal\/wp-content\/uploads\/2021\/12\/migrantes-1024x683.jpg\" alt=\"\" class=\"wp-image-17539\" srcset=\"https:\/\/losperiodistas.com.mx\/portal\/wp-content\/uploads\/2021\/12\/migrantes-1024x683.jpg 1024w, https:\/\/losperiodistas.com.mx\/portal\/wp-content\/uploads\/2021\/12\/migrantes-300x200.jpg 300w, https:\/\/losperiodistas.com.mx\/portal\/wp-content\/uploads\/2021\/12\/migrantes-768x512.jpg 768w, https:\/\/losperiodistas.com.mx\/portal\/wp-content\/uploads\/2021\/12\/migrantes.jpg 1488w\" sizes=\"(max-width: 1024px) 100vw, 1024px\" \/><figcaption>Caravana de migrantes en M\u00e9xico.<strong>  Hilda R\u00edos<\/strong>EFE<\/figcaption><\/figure>\n\n\n\n<p><\/p>\n\n\n\n<p class=\"has-vivid-cyan-blue-color has-text-color has-medium-font-size\">PABLO S\u00c1NCHEZ OLMOS \/ EL MUNDO<\/p>\n\n\n\n<p>Extenuados tras casi dos meses de ruta, un grupo de&nbsp;<a href=\"https:\/\/www.elmundo.es\/internacional\/2021\/11\/02\/618173c4fc6c83d5368b45c9.html\">migrantes centroamericanos<\/a>&nbsp;trata de alcanzar la Ciudad de M\u00e9xico para protagonizar una in\u00e9dita protesta con la que&nbsp;<strong>exigir el cese de la persecuci\u00f3n gubernamental y la regularizaci\u00f3n de sus permisos.<\/strong>&nbsp;Su llegada estaba prevista para el pasado viernes, pero el despliegue de militares en las carreteras les ha obligado a posponer sus planes. A pesar de las dificultades, los organizadores de la Caravana prometen llevar su denuncia p\u00fablica hasta las mismas puertas del Palacio Nacional, hogar y oficina del presidente&nbsp;<a href=\"https:\/\/www.elmundo.es\/america\/tags\/6a\/andres-manuel-lopez-obrador.html\">Andr\u00e9s Manuel L\u00f3pez Obrador<\/a>, d\u00edas despu\u00e9s de que el pa\u00eds registrara su mayor tragedia migratoria de los \u00faltimos a\u00f1os.<\/p>\n\n\n\n<p>\u00abEste Gobierno est\u00e1 siendo peor con la migraci\u00f3n que los anteriores,&nbsp;<strong>tiene un discurso bonito pero sus pol\u00edticas son p\u00e9simas<\/strong>\u00ab, asegura a EL MUNDO&nbsp;<strong>Irineo M\u00fajica<\/strong>, l\u00edder de la ONG &#8216;Pueblos Sin Fronteras&#8217; e impulsor de esta Caravana. Desde el municipio de R\u00edo Fr\u00edo, en las inmediaciones de Ciudad de M\u00e9xico, M\u00fajica y un grupo de 700 migrantes, una cifra que las autoridades rebajan a 387, descansan antes de realizar el en\u00e9simo intento de alcanzar la capital, \u00abllevamos varios d\u00edas tratando de llegar, pero no nos est\u00e1n dejando,&nbsp;<strong>la Guardia Nacional nos impide subir a camiones y avanzar en grupo<\/strong>\u00ab, denuncia.<\/p>\n\n\n\n<p>Los integrantes de la Caravana comparten estos d\u00edas su camino con miles de peregrinos que se dirigen a la Bas\u00edlica de Guadalupe para honrar a la patrona de M\u00e9xico. Antes de la pandemia, esta festividad congregaba cada 12 de diciembre a cerca de 10 millones de feligreses, pero esta vez las restricciones sanitarias van a impedir que se alcancen dichas cifras. Los migrantes quer\u00edan pernoctar en la Bas\u00edlica, pero finalmente lo han desechado:&nbsp;<strong>\u00abNo es un buen d\u00eda para ir y adem\u00e1s las autoridades no nos iban a dejar entrar.<\/strong>&nbsp;Al Z\u00f3calo s\u00ed que iremos, eso te lo puedo garantizar\u00bb, asegura M\u00fajica.<\/p>\n\n\n\n<p>El fat\u00eddico accidente que dej\u00f3&nbsp;<a href=\"https:\/\/www.elmundo.es\/internacional\/2021\/12\/10\/61b2b163fdddff99678b4581.html\">55 migrantes muertos<\/a>&nbsp;en Chiapas, cay\u00f3 como un jarro de agua fr\u00eda entre los integrantes de la Caravana. Seg\u00fan explica M\u00fajica,<strong>&nbsp;\u00abmuchos ten\u00edan familiares o conocidos que viajaban en ese cami\u00f3n\u00bb<\/strong>. A pesar del evidente riesgo que conlleva viajar en esas condiciones, el l\u00edder de &#8216;Pueblos Sin Fronteras&#8217; no cree que las cosas vayan a cambiar: \u00abNo hay otra alternativa\u00bb. El pasado viernes, una camioneta del Instituto Nacional de Migraci\u00f3n (INM) atropell\u00f3 a dos integrantes de la Caravana en una carretera de Puebla. Para M\u00fajica, que conoc\u00eda a los migrantes heridos, este incidente vuelve a evidenciar las consecuencias de la militarizaci\u00f3n de M\u00e9xico: \u00abGracias a Dios nadie muri\u00f3, pero esta es la realidad del INM,&nbsp;<strong>un organismo corrupto que busca criminalizar a los que migran\u00bb<\/strong>.M\u00e1s en El Mundo<a href=\"https:\/\/www.elmundo.es\/album\/loc\/famosos\/2021\/12\/07\/61af1c5afdddff5c578b456b_2.html\">El espectacular posado en bikini de la hija de Alejandro Sanz<\/a><a href=\"https:\/\/www.elmundo.es\/internacional\/2021\/12\/12\/61b5b6b8fdddff9d168b4584.html\">Siete muertos y dos desaparecidos tras el derrumbe de un edificio en Sicilia por una explosi\u00f3n<\/a><\/p>\n\n\n\n<p>Ante la inminente llegada de la Caravana, las autoridades capitalinas han anunciado la apertura de un albergue temporal en la alcald\u00eda de Iztapalapa con capacidad para mil personas. A\u00fan no est\u00e1 claro si los migrantes aceptar\u00e1n el ofrecimiento, ya que muchos temen ser detenidos.&nbsp;<strong>La regi\u00f3n vive una ola migratoria sin precedentes,<\/strong>&nbsp;una di\u00e1spora de centroamericanos que confirman las cifras arrojadas por las agencias migratorias de M\u00e9xico y EEUU. La militarizaci\u00f3n del territorio ha empujado a muchos migrantes, como las 55 v\u00edctimas de Chiapas, a asumir m\u00e1s riesgos y viajar hacinados en camiones. El conductor que provoc\u00f3 el accidente contin\u00faa en paradero desconocido, pero los investigadores ya saben que&nbsp;<strong>pertenece a un grupo criminal dedicado al tr\u00e1fico de personas.<\/strong><\/p>\n\n\n\n<p>A pesar de las evidencias, el Gobierno mexicano niega que el despliegue de la Guardia Nacional o la reactivaci\u00f3n del programa &#8216;Qu\u00e9date en M\u00e9xico&#8217;, hayan tenido un impacto negativo en las condiciones de la ruta migratoria. Ante esta crisis in\u00e9dita, L\u00f3pez Obrador apuesta por dos v\u00edas: la creaci\u00f3n de programas de ayuda al desarrollo en los pa\u00edses que originan la migraci\u00f3n y un combate frontal contra las mafias del tr\u00e1fico de migrantes. As\u00ed lo confirm\u00f3 el canciller\u00a0<strong>Marcelo Ebrard<\/strong>, tras reunirse con representantes de los gobiernos de Honduras y Guatemala, \u00abvamos a crear un Grupo de Acci\u00f3n Inmediata contra la red de traficantes de personas\u00bb.<\/p>\n\n\n\n<p>Fuente: https:\/\/www.elmundo.es\/internacional\/2021\/12\/12\/61b60cb8fdddff71508b459c.html<\/p>\n","protected":false},"excerpt":{"rendered":"<p>Una Caravana migrante trata de llegar a la capital mexicana, mientras contin\u00faa la b\u00fasqueda del conductor del cami\u00f3n que mat\u00f3 [&hellip;]<\/p>\n","protected":false},"author":1,"featured_media":17539,"comment_status":"open","ping_status":"open","sticky":false,"template":"","format":"standard","meta":{"site-sidebar-layout":"default","site-content-layout":"","ast-site-content-layout":"default","site-content-style":"default","site-sidebar-style":"default","ast-global-header-display":"","ast-banner-title-visibility":"","ast-main-header-display":"","ast-hfb-above-header-display":"","ast-hfb-below-header-display":"","ast-hfb-mobile-header-display":"","site-post-title":"","ast-breadcrumbs-content":"","ast-featured-img":"","footer-sml-layout":"","theme-transparent-header-meta":"","adv-header-id-meta":"","stick-header-meta":"","header-above-stick-meta":"","header-main-stick-meta":"","header-below-stick-meta":"","astra-migrate-meta-layouts":"default","ast-page-background-enabled":"default","ast-page-background-meta":{"desktop":{"background-color":"var(--ast-global-color-4)","background-image":"","background-repeat":"repeat","background-position":"center center","background-size":"auto","background-attachment":"scroll","background-type":"","background-media":"","overlay-type":"","overlay-color":"","overlay-opacity":"","overlay-gradient":""},"tablet":{"background-color":"","background-image":"","background-repeat":"repeat","background-position":"center center","background-size":"auto","background-attachment":"scroll","background-type":"","background-media":"","overlay-type":"","overlay-color":"","overlay-opacity":"","overlay-gradient":""},"mobile":{"background-color":"","background-image":"","background-repeat":"repeat","background-position":"center center","background-size":"auto","background-attachment":"scroll","background-type":"","background-media":"","overlay-type":"","overlay-color":"","overlay-opacity":"","overlay-gradient":""}},"ast-content-background-meta":{"desktop":{"background-color":"var(--ast-global-color-5)","background-image":"","background-repeat":"repeat","background-position":"center center","background-size":"auto","background-attachment":"scroll","background-type":"","background-media":"","overlay-type":"","overlay-color":"","overlay-opacity":"","overlay-gradient":""},"tablet":{"background-color":"var(--ast-global-color-5)","background-image":"","background-repeat":"repeat","background-position":"center center","background-size":"auto","background-attachment":"scroll","background-type":"","background-media":"","overlay-type":"","overlay-color":"","overlay-opacity":"","overlay-gradient":""},"mobile":{"background-color":"var(--ast-global-color-5)","background-image":"","background-repeat":"repeat","background-position":"center center","background-size":"auto","background-attachment":"scroll","background-type":"","background-media":"","overlay-type":"","overlay-color":"","overlay-opacity":"","overlay-gradient":""}},"footnotes":""},"categories":[8,1],"tags":[6105],"class_list":["post-17538","post","type-post","status-publish","format-standard","has-post-thumbnail","hentry","category-noticias","category-sin-categoria","tag-caravanas-migrantes"],"_links":{"self":[{"href":"https:\/\/losperiodistas.com.mx\/portal\/wp-json\/wp\/v2\/posts\/17538","targetHints":{"allow":["GET"]}}],"collection":[{"href":"https:\/\/losperiodistas.com.mx\/portal\/wp-json\/wp\/v2\/posts"}],"about":[{"href":"https:\/\/losperiodistas.com.mx\/portal\/wp-json\/wp\/v2\/types\/post"}],"author":[{"embeddable":true,"href":"https:\/\/losperiodistas.com.mx\/portal\/wp-json\/wp\/v2\/users\/1"}],"replies":[{"embeddable":true,"href":"https:\/\/losperiodistas.com.mx\/portal\/wp-json\/wp\/v2\/comments?post=17538"}],"version-history":[{"count":1,"href":"https:\/\/losperiodistas.com.mx\/portal\/wp-json\/wp\/v2\/posts\/17538\/revisions"}],"predecessor-version":[{"id":17540,"href":"https:\/\/losperiodistas.com.mx\/portal\/wp-json\/wp\/v2\/posts\/17538\/revisions\/17540"}],"wp:featuredmedia":[{"embeddable":true,"href":"https:\/\/losperiodistas.com.mx\/portal\/wp-json\/wp\/v2\/media\/17539"}],"wp:attachment":[{"href":"https:\/\/losperiodistas.com.mx\/portal\/wp-json\/wp\/v2\/media?parent=17538"}],"wp:term":[{"taxonomy":"category","embeddable":true,"href":"https:\/\/losperiodistas.com.mx\/portal\/wp-json\/wp\/v2\/categories?post=17538"},{"taxonomy":"post_tag","embeddable":true,"href":"https:\/\/losperiodistas.com.mx\/portal\/wp-json\/wp\/v2\/tags?post=17538"}],"curies":[{"name":"wp","href":"https:\/\/api.w.org\/{rel}","templated":true}]}}