{"id":17531,"date":"2021-12-13T06:55:05","date_gmt":"2021-12-13T12:55:05","guid":{"rendered":"http:\/\/losperiodistas.com.mx\/portal\/?p=17531"},"modified":"2021-12-13T06:55:06","modified_gmt":"2021-12-13T12:55:06","slug":"80-cigarrillos-diarios-y-menos-dinero-vivien-leigh-tras-las-camaras-de-lo-que-el-viento-se-llevo-la-razon","status":"publish","type":"post","link":"https:\/\/losperiodistas.com.mx\/portal\/80-cigarrillos-diarios-y-menos-dinero-vivien-leigh-tras-las-camaras-de-lo-que-el-viento-se-llevo-la-razon\/","title":{"rendered":"80 cigarrillos diarios y menos dinero: Vivien Leigh tras las c\u00e1maras de \u201cLo que el viento se llev\u00f3\u201d | La Raz\u00f3n"},"content":{"rendered":"\n<p style=\"font-size:18px\"><em>Un d\u00eda como hoy se estrenaba por primera vez uno de los mayores cl\u00e1sicos del cine, que arras\u00f3 en los Oscar y que hizo que el papel de Scarlett O\u2019Hara pasara a la historia<\/em><\/p>\n\n\n\n<p><\/p>\n\n\n\n<figure class=\"wp-block-image size-large\"><img fetchpriority=\"high\" decoding=\"async\" width=\"1024\" height=\"687\" src=\"https:\/\/losperiodistas.com.mx\/portal\/wp-content\/uploads\/2021\/12\/Captura-de-Pantalla-2021-12-13-a-las-6.52.36-1024x687.png\" alt=\"\" class=\"wp-image-17533\" srcset=\"https:\/\/losperiodistas.com.mx\/portal\/wp-content\/uploads\/2021\/12\/Captura-de-Pantalla-2021-12-13-a-las-6.52.36-1024x687.png 1024w, https:\/\/losperiodistas.com.mx\/portal\/wp-content\/uploads\/2021\/12\/Captura-de-Pantalla-2021-12-13-a-las-6.52.36-300x201.png 300w, https:\/\/losperiodistas.com.mx\/portal\/wp-content\/uploads\/2021\/12\/Captura-de-Pantalla-2021-12-13-a-las-6.52.36-768x515.png 768w, https:\/\/losperiodistas.com.mx\/portal\/wp-content\/uploads\/2021\/12\/Captura-de-Pantalla-2021-12-13-a-las-6.52.36.png 1196w\" sizes=\"(max-width: 1024px) 100vw, 1024px\" \/><figcaption><strong>Clark Gable y Vivien Leigh en \u00abLo que el viento se llev\u00f3\u00bb<\/strong>LA RAZ\u00d3N<\/figcaption><\/figure>\n\n\n\n<p><\/p>\n\n\n\n<p class=\"has-vivid-cyan-blue-color has-text-color has-medium-font-size\">CONCHA GARC\u00cdA \/ LA RAZ\u00d3N<\/p>\n\n\n\n<p>Un d\u00eda como hoy de 1939, se lanzaba por primera vez al mundo uno de los mayores cl\u00e1sicos del&nbsp;<a href=\"https:\/\/www.larazon.es\/cultura\/cine\/\">cine<\/a>:&nbsp;<a href=\"https:\/\/www.larazon.es\/cataluna\/20200610\/kpl2o5kpdravhfmigljqgtakx4.html\">\u201cLo que el viento se llev\u00f3\u201d<\/a>.<strong>&nbsp;Estrenada en Espa\u00f1a en 1950,<\/strong>&nbsp;varios a\u00f1os despu\u00e9s que en Estados Unidos como consecuencia de la censura del franquismo, esta&nbsp;<a href=\"https:\/\/www.larazon.es\/cataluna\/20200610\/kpl2o5kpdravhfmigljqgtakx4.html\">cinta<\/a>&nbsp;dirigida por Victor Fleming contin\u00faa hoy siendo una de las superproducciones m\u00e1s importantes del siglo XX. Basada en la novela hom\u00f3nima de Margaret Mitchell, esta pel\u00edcula est\u00e1 protagonizada por&nbsp;<strong>Clark Gable y Vivien Leigh<\/strong>, ambos int\u00e9rpretes que se consagraron en el mundo del&nbsp;<a href=\"https:\/\/www.larazon.es\/cultura\/cine\/\">cine hollywoodiense&nbsp;<\/a>gracias a estos papeles.<\/p>\n\n\n\n<p>Si bien<a href=\"https:\/\/www.larazon.es\/opinion\/20200613\/3zj7c67czvan5ecczrqie3shza.html\">&nbsp;\u201cLo que el viento se llev\u00f3\u201d<\/a>&nbsp;fue un aut\u00e9ntico \u00e9xito en la gran pantalla, lo que algunos no conocen es el sufrimiento que hubo tras las c\u00e1maras. Especialmente, por parte de la protagonista y quien dio vida a Scarlett O\u2019Hara: Vivien Leigh. Adem\u00e1s de que la cinta&nbsp;<strong>pas\u00f3 por las manos de tres directores diferentes<\/strong>, as\u00ed como hubo m\u00faltiples despidos, su producci\u00f3n fue un aut\u00e9ntico<strong>&nbsp;reto para la actriz, quien lleg\u00f3 a trabajar m\u00e1s de 16 horas seguidas, marat\u00f3n laboral que repet\u00eda casi a diario<\/strong>. De hecho, tal era su ansiedad que hay quienes aseguran que Leigh llegaba a fumar cerca de 4 cajetillas de tabaco a la jornada, con la excusa de calmar la ansiedad.<\/p>\n\n\n\n<figure class=\"wp-block-image\"><img decoding=\"async\" src=\"https:\/\/www.larazon.es\/resizer\/NCNpa2eoy_LOQVeXvGaHw8hdJV8=\/600x0\/smart\/filters:format(jpg)\/cloudfront-eu-central-1.images.arcpublishing.com\/larazon\/DWVWJLNMBZGW7G4FBH7YABHUQU.jfif\" alt=\"\"\/><figcaption>FOTO:&nbsp;LA RAZ\u00d3N&nbsp;LA RAZ\u00d3N<\/figcaption><\/figure>\n\n\n\n<p>La actriz naci\u00f3 para el papel de O\u2019Hara. De hecho, para asegurarse de conseguir el papel decidi\u00f3 que su agente en Hollywood fuera el mismo que el del padre del productor de \u201cLo que el viento se llev\u00f3\u201d. Seg\u00fan cuentan los curiosos y estudiosos, el agente llev\u00f3 a Leigh al set de casting y el productor qued\u00f3 fascinado: \u201c<strong>Con solo mirarla una vez supe que era la indicada, al menos en su apariencia f\u00edsica.<\/strong>&nbsp;Cuando tienes la imagen de alguien en tu cabeza y de repente la ves, no necesitas m\u00e1s evidencia. Nunca me recobrar\u00e9 de esa primera vez que la vi\u201d, explic\u00f3.<\/p>\n\n\n\n<p>De esta manera, una vez se hizo con el rol, la actriz bien sab\u00eda que deb\u00eda aprovecharlo y exprimirlo al m\u00e1ximo. Tal fue as\u00ed que se encumbr\u00f3 como una de las grandes interpretaciones de la historia del cine. Y, aunque Leigh rod\u00f3 muchas m\u00e1s escenas que su compa\u00f1ero de elenco, Clark Gable<strong>&nbsp;-125 d\u00edas de rodaje para ella y 75 para \u00e9l, aproximadamente-<\/strong>, la desigualdad estaba servida, pues \u00e9l cobr\u00f3 120.000 d\u00f3lares, frente a los 25.000 con los que se alz\u00f3 Leigh.<\/p>\n\n\n\n<p>Tras esto, vino el reconocimiento: la cinta gan\u00f3 diez Premios Oscar, entre ellos a la Mejor Pel\u00edcula y el de Mejor Gui\u00f3n adaptado, as\u00ed como a Mejor actriz para Leigh. Un \u00e9xito que, en parte, se debi\u00f3 a la sorpresa que recibieron los acad\u00e9micos de Hollywood al ver una cinta que utilizaba el para nada generalizado Technicolor.<\/p>\n\n\n\n<p>Fuente: https:\/\/www.larazon.es\/cultura\/cine\/20211213\/fojufypzrfc6tdtm4bn34xeuku.html<\/p>\n","protected":false},"excerpt":{"rendered":"<p>Un d\u00eda como hoy se estrenaba por primera vez uno de los mayores cl\u00e1sicos del cine, que arras\u00f3 en los [&hellip;]<\/p>\n","protected":false},"author":1,"featured_media":17533,"comment_status":"open","ping_status":"open","sticky":false,"template":"","format":"standard","meta":{"site-sidebar-layout":"default","site-content-layout":"","ast-site-content-layout":"default","site-content-style":"default","site-sidebar-style":"default","ast-global-header-display":"","ast-banner-title-visibility":"","ast-main-header-display":"","ast-hfb-above-header-display":"","ast-hfb-below-header-display":"","ast-hfb-mobile-header-display":"","site-post-title":"","ast-breadcrumbs-content":"","ast-featured-img":"","footer-sml-layout":"","theme-transparent-header-meta":"","adv-header-id-meta":"","stick-header-meta":"","header-above-stick-meta":"","header-main-stick-meta":"","header-below-stick-meta":"","astra-migrate-meta-layouts":"default","ast-page-background-enabled":"default","ast-page-background-meta":{"desktop":{"background-color":"var(--ast-global-color-4)","background-image":"","background-repeat":"repeat","background-position":"center center","background-size":"auto","background-attachment":"scroll","background-type":"","background-media":"","overlay-type":"","overlay-color":"","overlay-opacity":"","overlay-gradient":""},"tablet":{"background-color":"","background-image":"","background-repeat":"repeat","background-position":"center center","background-size":"auto","background-attachment":"scroll","background-type":"","background-media":"","overlay-type":"","overlay-color":"","overlay-opacity":"","overlay-gradient":""},"mobile":{"background-color":"","background-image":"","background-repeat":"repeat","background-position":"center center","background-size":"auto","background-attachment":"scroll","background-type":"","background-media":"","overlay-type":"","overlay-color":"","overlay-opacity":"","overlay-gradient":""}},"ast-content-background-meta":{"desktop":{"background-color":"var(--ast-global-color-5)","background-image":"","background-repeat":"repeat","background-position":"center center","background-size":"auto","background-attachment":"scroll","background-type":"","background-media":"","overlay-type":"","overlay-color":"","overlay-opacity":"","overlay-gradient":""},"tablet":{"background-color":"var(--ast-global-color-5)","background-image":"","background-repeat":"repeat","background-position":"center center","background-size":"auto","background-attachment":"scroll","background-type":"","background-media":"","overlay-type":"","overlay-color":"","overlay-opacity":"","overlay-gradient":""},"mobile":{"background-color":"var(--ast-global-color-5)","background-image":"","background-repeat":"repeat","background-position":"center center","background-size":"auto","background-attachment":"scroll","background-type":"","background-media":"","overlay-type":"","overlay-color":"","overlay-opacity":"","overlay-gradient":""}},"footnotes":""},"categories":[8],"tags":[6103,6102,6104],"class_list":["post-17531","post","type-post","status-publish","format-standard","has-post-thumbnail","hentry","category-noticias","tag-clark-gable","tag-lo-que-el-viento-se-llevo","tag-vivien-leigh"],"_links":{"self":[{"href":"https:\/\/losperiodistas.com.mx\/portal\/wp-json\/wp\/v2\/posts\/17531","targetHints":{"allow":["GET"]}}],"collection":[{"href":"https:\/\/losperiodistas.com.mx\/portal\/wp-json\/wp\/v2\/posts"}],"about":[{"href":"https:\/\/losperiodistas.com.mx\/portal\/wp-json\/wp\/v2\/types\/post"}],"author":[{"embeddable":true,"href":"https:\/\/losperiodistas.com.mx\/portal\/wp-json\/wp\/v2\/users\/1"}],"replies":[{"embeddable":true,"href":"https:\/\/losperiodistas.com.mx\/portal\/wp-json\/wp\/v2\/comments?post=17531"}],"version-history":[{"count":1,"href":"https:\/\/losperiodistas.com.mx\/portal\/wp-json\/wp\/v2\/posts\/17531\/revisions"}],"predecessor-version":[{"id":17534,"href":"https:\/\/losperiodistas.com.mx\/portal\/wp-json\/wp\/v2\/posts\/17531\/revisions\/17534"}],"wp:featuredmedia":[{"embeddable":true,"href":"https:\/\/losperiodistas.com.mx\/portal\/wp-json\/wp\/v2\/media\/17533"}],"wp:attachment":[{"href":"https:\/\/losperiodistas.com.mx\/portal\/wp-json\/wp\/v2\/media?parent=17531"}],"wp:term":[{"taxonomy":"category","embeddable":true,"href":"https:\/\/losperiodistas.com.mx\/portal\/wp-json\/wp\/v2\/categories?post=17531"},{"taxonomy":"post_tag","embeddable":true,"href":"https:\/\/losperiodistas.com.mx\/portal\/wp-json\/wp\/v2\/tags?post=17531"}],"curies":[{"name":"wp","href":"https:\/\/api.w.org\/{rel}","templated":true}]}}