{"id":17522,"date":"2021-12-13T06:04:29","date_gmt":"2021-12-13T12:04:29","guid":{"rendered":"http:\/\/losperiodistas.com.mx\/portal\/?p=17522"},"modified":"2021-12-13T06:04:31","modified_gmt":"2021-12-13T12:04:31","slug":"recibira-refuerzo-poblacion-de-60-anos-y-mas-de-puebla-capital-momento-diario","status":"publish","type":"post","link":"https:\/\/losperiodistas.com.mx\/portal\/recibira-refuerzo-poblacion-de-60-anos-y-mas-de-puebla-capital-momento-diario\/","title":{"rendered":"Recibir\u00e1 Refuerzo Poblaci\u00f3n De 60 A\u00f1os Y M\u00e1s De Puebla Capital | Momento Diario"},"content":{"rendered":"\n<p style=\"font-size:18px\"><em>La jornada ser\u00e1 del martes 14 al viernes 17 de diciembre<\/em>. <em>Est\u00e1n convocados los rezagados de 15 a 17 a\u00f1os, 18 a\u00f1os y m\u00e1s, 18 a 29 a\u00f1os, 30 a\u00f1os y m\u00e1s (segunda dosis SinoVac) y mujeres embarazadas.<\/em> <em>Habr\u00e1 brigadas itinerantes para aplicaci\u00f3n de refuerzo a personas en estado de postraci\u00f3n<\/em><\/p>\n\n\n\n<p><\/p>\n\n\n\n<figure class=\"wp-block-image size-large\"><img fetchpriority=\"high\" decoding=\"async\" width=\"520\" height=\"316\" src=\"https:\/\/losperiodistas.com.mx\/portal\/wp-content\/uploads\/2021\/12\/salud-vacuna-1.jpeg\" alt=\"\" class=\"wp-image-17523\" srcset=\"https:\/\/losperiodistas.com.mx\/portal\/wp-content\/uploads\/2021\/12\/salud-vacuna-1.jpeg 520w, https:\/\/losperiodistas.com.mx\/portal\/wp-content\/uploads\/2021\/12\/salud-vacuna-1-300x182.jpeg 300w\" sizes=\"(max-width: 520px) 100vw, 520px\" \/><\/figure>\n\n\n\n<p><\/p>\n\n\n\n<p class=\"has-vivid-cyan-blue-color has-text-color has-medium-font-size\">MOMENTO DIARIO<\/p>\n\n\n\n<p>Las instituciones que integran la Brigada Correcaminos informan sobre la log\u00edstica de aplicaci\u00f3n del refuerzo contra la COVID-19 para los adultos mayores de 60 a\u00f1os y m\u00e1s que recibieron la segunda dosis (cualquier biol\u00f3gico) antes de junio de 2021 y que habiten en el municipio de Puebla. La jornada ser\u00e1 del martes 14 al viernes 17 de diciembre.<\/p>\n\n\n\n<p>Adem\u00e1s, ser\u00e1n inmunizados los rezagados de 15 a 17 a\u00f1os en general (primera dosis Pfizer); rezagados de 18 a\u00f1os y m\u00e1s (primera dosis AstraZeneca); tambi\u00e9n podr\u00e1 completar esquema de vacunaci\u00f3n la poblaci\u00f3n de 18 a\u00f1os y m\u00e1s (Sputnik), personas de 30 a\u00f1os en adelante (SinoVac) y embarazadas.<\/p>\n\n\n\n<p>Para esta jornada ser\u00e1n habilitados siete puntos masivos de vacunaci\u00f3n que a continuaci\u00f3n son detallados: Hospital General del Sur, Hospital para el Ni\u00f1o Poblano, Arena BUAP, Centro de Convenciones BUAP, Segundo Regimiento Blindado de Reconocimiento, CMF Puebla ISSSTE CAPU y, Centro Expositor y de Convenciones ubicado en la zona de Los Fuertes.<\/p>\n\n\n\n<p>Los m\u00f3dulos atender\u00e1n de 08:00 a 17:00 horas, por lo que las autoridades sanitarias piden a la poblaci\u00f3n acatar ese horario.<\/p>\n\n\n\n<p>De igual manera, las instituciones informan que la Jurisdicci\u00f3n Sanitaria n\u00famero 6, Puebla, habilitar\u00e1 tres brigadas itinerantes que aplicar\u00e1n el refuerzo a los adultos mayores en estado de postraci\u00f3n, para ello deber\u00e1n de comunicarse al 800 2 26 8431.<\/p>\n\n\n\n<p>Es importante mencionar que el Centro de Convenciones BUAP, sustituir\u00e1 al Santuario Guadalupano anexo al Seminario Palafoxiano.<\/p>\n\n\n\n<p>La poblaci\u00f3n que fue vacunada en el Hospital de Especialidades IMSS San Jos\u00e9, en esta ocasi\u00f3n deber\u00e1 acudir al Centro Expositor y de Convenciones ubicado en la zona de Los Fuertes.<\/p>\n\n\n\n<p>Aquellas personas de 15 a 17 a\u00f1os que recibieron la primera dosis (Pfizer) en el Deportivo Quetzalc\u00f3atl, ubicado en San Andr\u00e9s Cholula, durante el periodo del 23 al 30 de noviembre, deber\u00e1n acudir al Hospital para el Ni\u00f1o Poblano.<\/p>\n\n\n\n<p>Asimismo, la poblaci\u00f3n de 15 a 17 a\u00f1os en general deber\u00e1 de llevar impresa y elaborada la carta de consentimiento informado. Los menores, quienes al hacer su preregistro en l\u00ednea a\u00fan ten\u00edan 17 a\u00f1os y al momento de acudir a iniciar con su esquema de vacunaci\u00f3n cumplieron 18 a\u00f1os, recibir\u00e1n el biol\u00f3gico AstraZeneca.<\/p>\n\n\n\n<p>En ese sentido, las instituciones participantes del \u00f3rgano colegiado (SEDENA, Bienestar, ISSSTE, IMSS, ISSSTEP y Servicios de Salud) hacen un atento llamado a la responsabilidad social en el acatamiento de los lineamientos emitidos para salvaguardar la salud de quienes asistan a vacunarse, de sus acompa\u00f1antes, as\u00ed como de los colaboradores en el proceso; adem\u00e1s, recuerdan que deben acudir a recibir la vacuna con ingesta previa de alimentos y, en caso de estar bajo alg\u00fan tratamiento m\u00e9dico, no suspenderlo.<\/p>\n\n\n\n<p>De igual manera, recomiendan a la poblaci\u00f3n respetar los lineamientos establecidos como son: D\u00cdA de acuerdo con la letra inicial del primer apellido, HORA conforme a la edad de la persona que acuda a solicitar el biol\u00f3gico, y LUGAR, donde le corresponda de acuerdo a su colonia.<\/p>\n\n\n\n<p>Los puntos de aplicaci\u00f3n del biol\u00f3gico podr\u00e1n consultarse por colonias en la siguiente liga:&nbsp;<a href=\"https:\/\/previenecovid19.puebla.gob.mx\/vacuna\">https:\/\/previenecovid19.puebla.gob.mx\/vacuna<\/a>, as\u00ed como en las redes sociales oficiales:&nbsp;<a href=\"https:\/\/twitter.com\/SaludGobPue\">@SaludGobPue<\/a>&nbsp;y Secretar\u00eda de Salud Puebla (Twitter y Facebook, respectivamente). Lo anterior, para contribuir a la realizaci\u00f3n de un proceso \u00e1gil y ordenado.<\/p>\n\n\n\n<p><strong>Requisitos para recibir refuerzo de vacuna (60 a\u00f1os y m\u00e1s)<\/strong><br>-Copia de la Clave \u00danica de Registro de Poblaci\u00f3n (CURP).<br>-Identificaci\u00f3n oficial con fotograf\u00eda (INE, cartilla militar, constancia de identidad o pasaporte, alg\u00fan otro documento que acredite su edad, como acta de nacimiento)<br>-Comprobante de domicilio original y copia, no mayor a tres meses, y lapicero tinta azul.<br>-Doble impresi\u00f3n de la papeleta que avalar\u00e1 la aplicaci\u00f3n del refuerzo, se anexa al bolet\u00edn y tambi\u00e9n est\u00e1 en la p\u00e1gina de&nbsp;<a href=\"https:\/\/mivacuna.salud.gob.mx\/index.php\">https:\/\/mivacuna.salud.gob.mx<\/a><\/p>\n\n\n\n<p><strong>Requisitos para recibir primera o segunda dosis<\/strong><br>-Llevar comprobante de primera dosis, documento necesario para que reciba la segunda dosis.<br>-Impresi\u00f3n del folio del preregistro en la plataforma&nbsp;<a href=\"https:\/\/mivacuna.salud.gob.mx\/index.php\">https:\/\/mivacuna.salud.gob.mx<\/a><br>-Formato denominado \u201cExpediente de vacunaci\u00f3n QR\u201d.<br>-Identificaci\u00f3n oficial con fotograf\u00eda (INE, cartilla militar, constancia de identidad o pasaporte).<br>-Copia de la Clave \u00danica de Registro de Poblaci\u00f3n (CURP).<br>-Comprobante de domicilio original y copia, no mayor a tres meses, y lapicero tinta azul.<br>-Los j\u00f3venes de 15 a 17 a\u00f1os tienen que presentar su carta de consentimiento informado.<\/p>\n\n\n\n<figure class=\"wp-block-image size-large\"><img decoding=\"async\" width=\"837\" height=\"376\" src=\"https:\/\/losperiodistas.com.mx\/portal\/wp-content\/uploads\/2021\/12\/image-4.png\" alt=\"\" class=\"wp-image-17527\" srcset=\"https:\/\/losperiodistas.com.mx\/portal\/wp-content\/uploads\/2021\/12\/image-4.png 837w, https:\/\/losperiodistas.com.mx\/portal\/wp-content\/uploads\/2021\/12\/image-4-300x135.png 300w, https:\/\/losperiodistas.com.mx\/portal\/wp-content\/uploads\/2021\/12\/image-4-768x345.png 768w\" sizes=\"(max-width: 837px) 100vw, 837px\" \/><\/figure>\n\n\n\n<figure class=\"wp-block-image size-large\"><img decoding=\"async\" width=\"834\" height=\"378\" src=\"https:\/\/losperiodistas.com.mx\/portal\/wp-content\/uploads\/2021\/12\/image-3.png\" alt=\"\" class=\"wp-image-17526\" srcset=\"https:\/\/losperiodistas.com.mx\/portal\/wp-content\/uploads\/2021\/12\/image-3.png 834w, https:\/\/losperiodistas.com.mx\/portal\/wp-content\/uploads\/2021\/12\/image-3-300x136.png 300w, https:\/\/losperiodistas.com.mx\/portal\/wp-content\/uploads\/2021\/12\/image-3-768x348.png 768w\" sizes=\"(max-width: 834px) 100vw, 834px\" \/><\/figure>\n\n\n\n<figure class=\"wp-block-image size-large\"><img loading=\"lazy\" decoding=\"async\" width=\"836\" height=\"376\" src=\"https:\/\/losperiodistas.com.mx\/portal\/wp-content\/uploads\/2021\/12\/image-1.png\" alt=\"\" class=\"wp-image-17524\" srcset=\"https:\/\/losperiodistas.com.mx\/portal\/wp-content\/uploads\/2021\/12\/image-1.png 836w, https:\/\/losperiodistas.com.mx\/portal\/wp-content\/uploads\/2021\/12\/image-1-300x135.png 300w, https:\/\/losperiodistas.com.mx\/portal\/wp-content\/uploads\/2021\/12\/image-1-768x345.png 768w\" sizes=\"(max-width: 836px) 100vw, 836px\" \/><\/figure>\n\n\n\n<figure class=\"wp-block-image size-large\"><img loading=\"lazy\" decoding=\"async\" width=\"835\" height=\"376\" src=\"https:\/\/losperiodistas.com.mx\/portal\/wp-content\/uploads\/2021\/12\/image-2.png\" alt=\"\" class=\"wp-image-17525\" srcset=\"https:\/\/losperiodistas.com.mx\/portal\/wp-content\/uploads\/2021\/12\/image-2.png 835w, https:\/\/losperiodistas.com.mx\/portal\/wp-content\/uploads\/2021\/12\/image-2-300x135.png 300w, https:\/\/losperiodistas.com.mx\/portal\/wp-content\/uploads\/2021\/12\/image-2-768x346.png 768w\" sizes=\"(max-width: 835px) 100vw, 835px\" \/><\/figure>\n\n\n\n<figure class=\"wp-block-image size-large\"><img loading=\"lazy\" decoding=\"async\" width=\"1024\" height=\"661\" src=\"https:\/\/losperiodistas.com.mx\/portal\/wp-content\/uploads\/2021\/12\/image-5-1024x661.png\" alt=\"\" class=\"wp-image-17528\" srcset=\"https:\/\/losperiodistas.com.mx\/portal\/wp-content\/uploads\/2021\/12\/image-5-1024x661.png 1024w, https:\/\/losperiodistas.com.mx\/portal\/wp-content\/uploads\/2021\/12\/image-5-300x194.png 300w, https:\/\/losperiodistas.com.mx\/portal\/wp-content\/uploads\/2021\/12\/image-5-768x496.png 768w, https:\/\/losperiodistas.com.mx\/portal\/wp-content\/uploads\/2021\/12\/image-5.png 1088w\" sizes=\"(max-width: 1024px) 100vw, 1024px\" \/><\/figure>\n\n\n\n<figure class=\"wp-block-image size-large\"><img loading=\"lazy\" decoding=\"async\" width=\"994\" height=\"1024\" src=\"https:\/\/losperiodistas.com.mx\/portal\/wp-content\/uploads\/2021\/12\/image-6-994x1024.png\" alt=\"\" class=\"wp-image-17529\" srcset=\"https:\/\/losperiodistas.com.mx\/portal\/wp-content\/uploads\/2021\/12\/image-6-994x1024.png 994w, https:\/\/losperiodistas.com.mx\/portal\/wp-content\/uploads\/2021\/12\/image-6-291x300.png 291w, https:\/\/losperiodistas.com.mx\/portal\/wp-content\/uploads\/2021\/12\/image-6-768x791.png 768w, https:\/\/losperiodistas.com.mx\/portal\/wp-content\/uploads\/2021\/12\/image-6.png 998w\" sizes=\"(max-width: 994px) 100vw, 994px\" \/><\/figure>\n\n\n\n<p>Fuente: https:\/\/www.diariomomento.com\/recibira-refuerzo-poblacion-de-60-anos-y-mas-de-puebla-capital\/<\/p>\n","protected":false},"excerpt":{"rendered":"<p>La jornada ser\u00e1 del martes 14 al viernes 17 de diciembre. Est\u00e1n convocados los rezagados de 15 a 17 a\u00f1os, [&hellip;]<\/p>\n","protected":false},"author":1,"featured_media":17523,"comment_status":"open","ping_status":"open","sticky":false,"template":"","format":"standard","meta":{"site-sidebar-layout":"default","site-content-layout":"","ast-site-content-layout":"default","site-content-style":"default","site-sidebar-style":"default","ast-global-header-display":"","ast-banner-title-visibility":"","ast-main-header-display":"","ast-hfb-above-header-display":"","ast-hfb-below-header-display":"","ast-hfb-mobile-header-display":"","site-post-title":"","ast-breadcrumbs-content":"","ast-featured-img":"","footer-sml-layout":"","theme-transparent-header-meta":"","adv-header-id-meta":"","stick-header-meta":"","header-above-stick-meta":"","header-main-stick-meta":"","header-below-stick-meta":"","astra-migrate-meta-layouts":"default","ast-page-background-enabled":"default","ast-page-background-meta":{"desktop":{"background-color":"var(--ast-global-color-4)","background-image":"","background-repeat":"repeat","background-position":"center center","background-size":"auto","background-attachment":"scroll","background-type":"","background-media":"","overlay-type":"","overlay-color":"","overlay-opacity":"","overlay-gradient":""},"tablet":{"background-color":"","background-image":"","background-repeat":"repeat","background-position":"center center","background-size":"auto","background-attachment":"scroll","background-type":"","background-media":"","overlay-type":"","overlay-color":"","overlay-opacity":"","overlay-gradient":""},"mobile":{"background-color":"","background-image":"","background-repeat":"repeat","background-position":"center center","background-size":"auto","background-attachment":"scroll","background-type":"","background-media":"","overlay-type":"","overlay-color":"","overlay-opacity":"","overlay-gradient":""}},"ast-content-background-meta":{"desktop":{"background-color":"var(--ast-global-color-5)","background-image":"","background-repeat":"repeat","background-position":"center center","background-size":"auto","background-attachment":"scroll","background-type":"","background-media":"","overlay-type":"","overlay-color":"","overlay-opacity":"","overlay-gradient":""},"tablet":{"background-color":"var(--ast-global-color-5)","background-image":"","background-repeat":"repeat","background-position":"center center","background-size":"auto","background-attachment":"scroll","background-type":"","background-media":"","overlay-type":"","overlay-color":"","overlay-opacity":"","overlay-gradient":""},"mobile":{"background-color":"var(--ast-global-color-5)","background-image":"","background-repeat":"repeat","background-position":"center center","background-size":"auto","background-attachment":"scroll","background-type":"","background-media":"","overlay-type":"","overlay-color":"","overlay-opacity":"","overlay-gradient":""}},"footnotes":""},"categories":[8],"tags":[6101,6099,6100],"class_list":["post-17522","post","type-post","status-publish","format-standard","has-post-thumbnail","hentry","category-noticias","tag-mayores-60-anos","tag-tercera-dosis","tag-vacunas-covid-puebla"],"_links":{"self":[{"href":"https:\/\/losperiodistas.com.mx\/portal\/wp-json\/wp\/v2\/posts\/17522","targetHints":{"allow":["GET"]}}],"collection":[{"href":"https:\/\/losperiodistas.com.mx\/portal\/wp-json\/wp\/v2\/posts"}],"about":[{"href":"https:\/\/losperiodistas.com.mx\/portal\/wp-json\/wp\/v2\/types\/post"}],"author":[{"embeddable":true,"href":"https:\/\/losperiodistas.com.mx\/portal\/wp-json\/wp\/v2\/users\/1"}],"replies":[{"embeddable":true,"href":"https:\/\/losperiodistas.com.mx\/portal\/wp-json\/wp\/v2\/comments?post=17522"}],"version-history":[{"count":1,"href":"https:\/\/losperiodistas.com.mx\/portal\/wp-json\/wp\/v2\/posts\/17522\/revisions"}],"predecessor-version":[{"id":17530,"href":"https:\/\/losperiodistas.com.mx\/portal\/wp-json\/wp\/v2\/posts\/17522\/revisions\/17530"}],"wp:featuredmedia":[{"embeddable":true,"href":"https:\/\/losperiodistas.com.mx\/portal\/wp-json\/wp\/v2\/media\/17523"}],"wp:attachment":[{"href":"https:\/\/losperiodistas.com.mx\/portal\/wp-json\/wp\/v2\/media?parent=17522"}],"wp:term":[{"taxonomy":"category","embeddable":true,"href":"https:\/\/losperiodistas.com.mx\/portal\/wp-json\/wp\/v2\/categories?post=17522"},{"taxonomy":"post_tag","embeddable":true,"href":"https:\/\/losperiodistas.com.mx\/portal\/wp-json\/wp\/v2\/tags?post=17522"}],"curies":[{"name":"wp","href":"https:\/\/api.w.org\/{rel}","templated":true}]}}