{"id":17519,"date":"2021-12-13T05:30:45","date_gmt":"2021-12-13T11:30:45","guid":{"rendered":"http:\/\/losperiodistas.com.mx\/portal\/?p=17519"},"modified":"2021-12-13T05:30:49","modified_gmt":"2021-12-13T11:30:49","slug":"ocurrio-un-sismo-de-5-6-grados-de-magnitud-en-chiapas-no-se-reportan-lesionados-unotv","status":"publish","type":"post","link":"https:\/\/losperiodistas.com.mx\/portal\/ocurrio-un-sismo-de-5-6-grados-de-magnitud-en-chiapas-no-se-reportan-lesionados-unotv\/","title":{"rendered":"Ocurri\u00f3 un sismo de 5.6 grados de magnitud en Chiapas; no se reportan lesionados | UnoTv"},"content":{"rendered":"\n<figure class=\"wp-block-image size-large\"><img fetchpriority=\"high\" decoding=\"async\" width=\"1024\" height=\"576\" src=\"https:\/\/losperiodistas.com.mx\/portal\/wp-content\/uploads\/2021\/12\/sismo-de-5.6-grados-en-chiapas-032244-1024x576.jpg\" alt=\"\" class=\"wp-image-17520\" srcset=\"https:\/\/losperiodistas.com.mx\/portal\/wp-content\/uploads\/2021\/12\/sismo-de-5.6-grados-en-chiapas-032244-1024x576.jpg 1024w, https:\/\/losperiodistas.com.mx\/portal\/wp-content\/uploads\/2021\/12\/sismo-de-5.6-grados-en-chiapas-032244-300x169.jpg 300w, https:\/\/losperiodistas.com.mx\/portal\/wp-content\/uploads\/2021\/12\/sismo-de-5.6-grados-en-chiapas-032244-768x432.jpg 768w, https:\/\/losperiodistas.com.mx\/portal\/wp-content\/uploads\/2021\/12\/sismo-de-5.6-grados-en-chiapas-032244.jpg 1200w\" sizes=\"(max-width: 1024px) 100vw, 1024px\" \/><figcaption>La Secretar\u00eda de Marina (Semar), confirm\u00f3 que no se espera la generaci\u00f3n de variaciones del nivel del mar por el sismo. FOTO: @SismologicoMX<\/figcaption><\/figure>\n\n\n\n<p class=\"has-vivid-cyan-blue-color has-text-color has-medium-font-size\">UNOTV<\/p>\n\n\n\n<p>La Secretar\u00eda de Marina (Semar), confirm\u00f3 que no se espera la generaci\u00f3n de variaciones del nivel del mar por el sismo. FOTO: @SismologicoMX<\/p>\n\n\n\n<p>Este 13 de diciembre ocurri\u00f3 un sismo de magnitud 5.6 grados en el estado de\u00a0<strong>Chiapas<\/strong>, al sur de M\u00e9xico.<\/p>\n\n\n\n<p>El\u00a0<strong>Sismol\u00f3gico Nacional<\/strong>\u00a0inform\u00f3 de manera preliminar que se trataba de un sismo con intensidad de 5.7 grados de magnitud, ocurrido a 13 kil\u00f3metros al noreste de\u00a0<strong>Motozintla<\/strong>\u00a0en el estado de Chiapas, a las 01:09 horas.<\/p>\n\n\n\n<figure class=\"wp-block-embed is-type-rich is-provider-twitter wp-block-embed-twitter\"><div class=\"wp-block-embed__wrapper\">\n<blockquote class=\"twitter-tweet\" data-width=\"500\" data-dnt=\"true\"><p lang=\"ro\" dir=\"ltr\">Preliminar: SISMO Magnitud 5.7 Loc  13 km al NORESTE de MOTOZINTLA, CHIS 13\/12\/21 01:03:09 Lat 15.47 Lon -92.19 Pf 153 km <a href=\"https:\/\/t.co\/3MpVK7nf1t\">pic.twitter.com\/3MpVK7nf1t<\/a><\/p>&mdash; Sismologico Nacional (@SismologicoMX) <a href=\"https:\/\/twitter.com\/SismologicoMX\/status\/1470289149936771081?ref_src=twsrc%5Etfw\">December 13, 2021<\/a><\/blockquote><script async src=\"https:\/\/platform.twitter.com\/widgets.js\" charset=\"utf-8\"><\/script>\n<\/div><\/figure>\n\n\n\n<p>Posteriormente, confirm\u00f3 que la magnitud del sismo ocurrida al sur de M\u00e9xico fue de 5.6 grados en la madrugada de este lunes.<\/p>\n\n\n\n<figure class=\"wp-block-embed is-type-rich is-provider-twitter wp-block-embed-twitter\"><div class=\"wp-block-embed__wrapper\">\n<blockquote class=\"twitter-tweet\" data-width=\"500\" data-dnt=\"true\"><p lang=\"ro\" dir=\"ltr\">SISMO Magnitud 5.6 Loc  5 km al NORTE de MOTOZINTLA, CHIS 13\/12\/21 01:03:07 Lat 15.41 Lon -92.24 Pf 180 km <a href=\"https:\/\/t.co\/JmVq6kWS7I\">pic.twitter.com\/JmVq6kWS7I<\/a><\/p>&mdash; Sismologico Nacional (@SismologicoMX) <a href=\"https:\/\/twitter.com\/SismologicoMX\/status\/1470294184347279360?ref_src=twsrc%5Etfw\">December 13, 2021<\/a><\/blockquote><script async src=\"https:\/\/platform.twitter.com\/widgets.js\" charset=\"utf-8\"><\/script>\n<\/div><\/figure>\n\n\n\n<p>Unas horas antes, durante la noche de este 12 de diciembre, se registr\u00f3 un sismo de importancia anterior al ocurrido en\u00a0<strong>Chiapas,<\/strong>\u00a0en esta ocasi\u00f3n en\u00a0<strong><a href=\"https:\/\/www.unotv.com\/estados\/oaxaca\/oaxaca-a-balazos-dispersan-toma-de-palacio-municipal-en-huajuapan\/\" target=\"_blank\" rel=\"noreferrer noopener\">Oaxaca.<\/a><\/strong><\/p>\n\n\n\n<p>De acuerdo a la informaci\u00f3n compartida por el\u00a0<strong>Sismol\u00f3gico Nacional,\u00a0<\/strong>a las 21:40 horas se registr\u00f3 un temblor de magnitud 4.0 a 67 kil\u00f3metros al sureste de Salina Cruz en\u00a0<strong>Oaxaca.<\/strong><\/p>\n\n\n\n<figure class=\"wp-block-embed is-type-rich is-provider-twitter wp-block-embed-twitter\"><div class=\"wp-block-embed__wrapper\">\n<blockquote class=\"twitter-tweet\" data-width=\"500\" data-dnt=\"true\"><p lang=\"es\" dir=\"ltr\">SISMO Magnitud 4.0 Loc  67 km al SURESTE de SALINA CRUZ, OAX 12\/12\/21 21:40:03 Lat 15.60 Lon -95.01 Pf 33 km <a href=\"https:\/\/t.co\/w1vDtkALQV\">pic.twitter.com\/w1vDtkALQV<\/a><\/p>&mdash; Sismologico Nacional (@SismologicoMX) <a href=\"https:\/\/twitter.com\/SismologicoMX\/status\/1470243855127789569?ref_src=twsrc%5Etfw\">December 13, 2021<\/a><\/blockquote><script async src=\"https:\/\/platform.twitter.com\/widgets.js\" charset=\"utf-8\"><\/script>\n<\/div><\/figure>\n\n\n\n<p>La\u00a0<strong>Coordinaci\u00f3n Nacional de Protecci\u00f3n Civil de M\u00e9xico<\/strong>\u00a0(CNPC), inform\u00f3 que a partir del evento que se suscit\u00f3 se mantiene comunicaci\u00f3n con las unidades municipales de\u00a0<strong>Protecci\u00f3n Civil<\/strong>\u00a0y los integrantes del\u00a0<strong>Comit\u00e9 Nacional de Emergencias<\/strong>\u00a0(CNE) para realizar una evaluaci\u00f3n preliminar de la zona.<\/p>\n\n\n\n<figure class=\"wp-block-embed is-type-rich is-provider-twitter wp-block-embed-twitter\"><div class=\"wp-block-embed__wrapper\">\n<blockquote class=\"twitter-tweet\" data-width=\"500\" data-dnt=\"true\"><p lang=\"es\" dir=\"ltr\">\u26a0\ufe0f\ufffc <a href=\"https:\/\/twitter.com\/hashtag\/Sismo?src=hash&amp;ref_src=twsrc%5Etfw\">#Sismo<\/a><br>PRELIMINAR magnitud 5.7, <a href=\"https:\/\/twitter.com\/hashtag\/Chiapas?src=hash&amp;ref_src=twsrc%5Etfw\">#Chiapas<\/a><br><br>A partir de este evento, mantenemos comunicaci\u00f3n con las unidades estatales y municipales de <a href=\"https:\/\/twitter.com\/hashtag\/Protecci%C3%B3nCivil?src=hash&amp;ref_src=twsrc%5Etfw\">#Protecci\u00f3nCivil<\/a> y los integrantes del Comit\u00e9 Nacional de Emergencias (<a href=\"https:\/\/twitter.com\/hashtag\/CNE?src=hash&amp;ref_src=twsrc%5Etfw\">#CNE<\/a>) para realizar una evaluaci\u00f3n preliminar de la zona. <a href=\"https:\/\/t.co\/fzahHos5hA\">https:\/\/t.co\/fzahHos5hA<\/a><\/p>&mdash; Coordinaci\u00f3n Nacional de Protecci\u00f3n Civil (@CNPC_MX) <a href=\"https:\/\/twitter.com\/CNPC_MX\/status\/1470290639719960576?ref_src=twsrc%5Etfw\">December 13, 2021<\/a><\/blockquote><script async src=\"https:\/\/platform.twitter.com\/widgets.js\" charset=\"utf-8\"><\/script>\n<\/div><\/figure>\n\n\n\n<p>Posteriormente, la&nbsp;<strong>Coordinaci\u00f3n Nacional de Protecci\u00f3n Civil<\/strong>&nbsp;(CNPC), detall\u00f3 que el sismo de magnitud 5.6 grados fue registrado a 5 kil\u00f3metros de&nbsp;<strong>Motozintla en Chiapas.<\/strong><\/p>\n\n\n\n<p>Detall\u00f3 que la\u00a0<strong><a href=\"https:\/\/www.unotv.com\/estados\/ciudad-de-mexico\/cocaina-en-el-aicm-semar-decomisa-historico-cargamento-de-mil-190-kilos\/\" target=\"_blank\" rel=\"noreferrer noopener\">Secretar\u00eda de Marina<\/a><\/strong>\u00a0(Semar), confirm\u00f3 que no se espera la generaci\u00f3n de variaciones del nivel del mar por el movimiento tel\u00farico.<\/p>\n\n\n\n<figure class=\"wp-block-embed is-type-rich is-provider-twitter wp-block-embed-twitter\"><div class=\"wp-block-embed__wrapper\">\n<blockquote class=\"twitter-tweet\" data-width=\"500\" data-dnt=\"true\"><p lang=\"es\" dir=\"ltr\">\ufffc\ufffc\u26a0\ufe0f\ud83d\udea8 <a href=\"https:\/\/twitter.com\/hashtag\/Sismo?src=hash&amp;ref_src=twsrc%5Etfw\">#Sismo<\/a> en <a href=\"https:\/\/twitter.com\/hashtag\/Chiapas?src=hash&amp;ref_src=twsrc%5Etfw\">#Chiapas<\/a><br><br>Con base en la informaci\u00f3n del sismo magnitud 5.6 registrado a 5 km al norte de <a href=\"https:\/\/twitter.com\/hashtag\/Motozintla?src=hash&amp;ref_src=twsrc%5Etfw\">#Motozintla<\/a>, Chiapas, a las 01:03 h; el Centro de Alerta de <a href=\"https:\/\/twitter.com\/hashtag\/Tsunamis?src=hash&amp;ref_src=twsrc%5Etfw\">#Tsunamis<\/a> (<a href=\"https:\/\/twitter.com\/hashtag\/CAT?src=hash&amp;ref_src=twsrc%5Etfw\">#CAT<\/a>) de la <a href=\"https:\/\/twitter.com\/SEMAR_mx?ref_src=twsrc%5Etfw\">@SEMAR_mx<\/a>, confirma que no se espera la generaci\u00f3n de variaciones del nivel del mar. <a href=\"https:\/\/t.co\/qSj5MUwosZ\">pic.twitter.com\/qSj5MUwosZ<\/a><\/p>&mdash; Coordinaci\u00f3n Nacional de Protecci\u00f3n Civil (@CNPC_MX) <a href=\"https:\/\/twitter.com\/CNPC_MX\/status\/1470297480482992128?ref_src=twsrc%5Etfw\">December 13, 2021<\/a><\/blockquote><script async src=\"https:\/\/platform.twitter.com\/widgets.js\" charset=\"utf-8\"><\/script>\n<\/div><\/figure>\n\n\n\n<h2 class=\"wp-block-heading\">Reacciones en las redes por el sismo en Chiapas<\/h2>\n\n\n\n<p>Habitantes de\u00a0<strong><a href=\"https:\/\/www.unotv.com\/estados\/chiapas\/en-chiapas-haitianos-bloquean-carretera-tras-desacuerdo-con-inm\/\" target=\"_blank\" rel=\"noreferrer noopener\">Tapachula<\/a><\/strong>\u00a0comunicaron a trav\u00e9s de las redes sociales que el movimiento tel\u00farico se sinti\u00f3 algo fuerte en la zona.<\/p>\n\n\n\n<figure class=\"wp-block-embed is-type-rich is-provider-twitter wp-block-embed-twitter\"><div class=\"wp-block-embed__wrapper\">\n<blockquote class=\"twitter-tweet\" data-width=\"500\" data-dnt=\"true\"><p lang=\"es\" dir=\"ltr\">Se sinti\u00f3 bastante fuerte en Tapachula<\/p>&mdash; Linette (@linettemedinat) <a href=\"https:\/\/twitter.com\/linettemedinat\/status\/1470289512672776196?ref_src=twsrc%5Etfw\">December 13, 2021<\/a><\/blockquote><script async src=\"https:\/\/platform.twitter.com\/widgets.js\" charset=\"utf-8\"><\/script>\n<\/div><\/figure>\n\n\n\n<p>Fuente: https:\/\/www.unotv.com\/estados\/chiapas\/ocurrio-un-sismo-de-5-6-grados-de-magnitud-en-chiapas-no-se-reportan-lesionados\/<\/p>\n","protected":false},"excerpt":{"rendered":"<p>UNOTV La Secretar\u00eda de Marina (Semar), confirm\u00f3 que no se espera la generaci\u00f3n de variaciones del nivel del mar por [&hellip;]<\/p>\n","protected":false},"author":1,"featured_media":17520,"comment_status":"open","ping_status":"open","sticky":false,"template":"","format":"standard","meta":{"site-sidebar-layout":"default","site-content-layout":"","ast-site-content-layout":"default","site-content-style":"default","site-sidebar-style":"default","ast-global-header-display":"","ast-banner-title-visibility":"","ast-main-header-display":"","ast-hfb-above-header-display":"","ast-hfb-below-header-display":"","ast-hfb-mobile-header-display":"","site-post-title":"","ast-breadcrumbs-content":"","ast-featured-img":"","footer-sml-layout":"","theme-transparent-header-meta":"","adv-header-id-meta":"","stick-header-meta":"","header-above-stick-meta":"","header-main-stick-meta":"","header-below-stick-meta":"","astra-migrate-meta-layouts":"default","ast-page-background-enabled":"default","ast-page-background-meta":{"desktop":{"background-color":"var(--ast-global-color-4)","background-image":"","background-repeat":"repeat","background-position":"center center","background-size":"auto","background-attachment":"scroll","background-type":"","background-media":"","overlay-type":"","overlay-color":"","overlay-opacity":"","overlay-gradient":""},"tablet":{"background-color":"","background-image":"","background-repeat":"repeat","background-position":"center center","background-size":"auto","background-attachment":"scroll","background-type":"","background-media":"","overlay-type":"","overlay-color":"","overlay-opacity":"","overlay-gradient":""},"mobile":{"background-color":"","background-image":"","background-repeat":"repeat","background-position":"center center","background-size":"auto","background-attachment":"scroll","background-type":"","background-media":"","overlay-type":"","overlay-color":"","overlay-opacity":"","overlay-gradient":""}},"ast-content-background-meta":{"desktop":{"background-color":"var(--ast-global-color-5)","background-image":"","background-repeat":"repeat","background-position":"center center","background-size":"auto","background-attachment":"scroll","background-type":"","background-media":"","overlay-type":"","overlay-color":"","overlay-opacity":"","overlay-gradient":""},"tablet":{"background-color":"var(--ast-global-color-5)","background-image":"","background-repeat":"repeat","background-position":"center center","background-size":"auto","background-attachment":"scroll","background-type":"","background-media":"","overlay-type":"","overlay-color":"","overlay-opacity":"","overlay-gradient":""},"mobile":{"background-color":"var(--ast-global-color-5)","background-image":"","background-repeat":"repeat","background-position":"center center","background-size":"auto","background-attachment":"scroll","background-type":"","background-media":"","overlay-type":"","overlay-color":"","overlay-opacity":"","overlay-gradient":""}},"footnotes":""},"categories":[8],"tags":[6098],"class_list":["post-17519","post","type-post","status-publish","format-standard","has-post-thumbnail","hentry","category-noticias","tag-sismo-chiapas"],"_links":{"self":[{"href":"https:\/\/losperiodistas.com.mx\/portal\/wp-json\/wp\/v2\/posts\/17519","targetHints":{"allow":["GET"]}}],"collection":[{"href":"https:\/\/losperiodistas.com.mx\/portal\/wp-json\/wp\/v2\/posts"}],"about":[{"href":"https:\/\/losperiodistas.com.mx\/portal\/wp-json\/wp\/v2\/types\/post"}],"author":[{"embeddable":true,"href":"https:\/\/losperiodistas.com.mx\/portal\/wp-json\/wp\/v2\/users\/1"}],"replies":[{"embeddable":true,"href":"https:\/\/losperiodistas.com.mx\/portal\/wp-json\/wp\/v2\/comments?post=17519"}],"version-history":[{"count":1,"href":"https:\/\/losperiodistas.com.mx\/portal\/wp-json\/wp\/v2\/posts\/17519\/revisions"}],"predecessor-version":[{"id":17521,"href":"https:\/\/losperiodistas.com.mx\/portal\/wp-json\/wp\/v2\/posts\/17519\/revisions\/17521"}],"wp:featuredmedia":[{"embeddable":true,"href":"https:\/\/losperiodistas.com.mx\/portal\/wp-json\/wp\/v2\/media\/17520"}],"wp:attachment":[{"href":"https:\/\/losperiodistas.com.mx\/portal\/wp-json\/wp\/v2\/media?parent=17519"}],"wp:term":[{"taxonomy":"category","embeddable":true,"href":"https:\/\/losperiodistas.com.mx\/portal\/wp-json\/wp\/v2\/categories?post=17519"},{"taxonomy":"post_tag","embeddable":true,"href":"https:\/\/losperiodistas.com.mx\/portal\/wp-json\/wp\/v2\/tags?post=17519"}],"curies":[{"name":"wp","href":"https:\/\/api.w.org\/{rel}","templated":true}]}}