{"id":17513,"date":"2021-12-13T05:12:56","date_gmt":"2021-12-13T11:12:56","guid":{"rendered":"http:\/\/losperiodistas.com.mx\/portal\/?p=17513"},"modified":"2021-12-13T05:13:00","modified_gmt":"2021-12-13T11:13:00","slug":"aun-sin-reanudarse-las-actividades-presenciales-en-la-udlap-ljo","status":"publish","type":"post","link":"https:\/\/losperiodistas.com.mx\/portal\/aun-sin-reanudarse-las-actividades-presenciales-en-la-udlap-ljo\/","title":{"rendered":"A\u00fan sin reanudarse las actividades presenciales en la UDLAP | LJO"},"content":{"rendered":"\n<p><\/p>\n\n\n\n<figure class=\"wp-block-image size-large\"><img fetchpriority=\"high\" decoding=\"async\" width=\"1024\" height=\"683\" src=\"https:\/\/losperiodistas.com.mx\/portal\/wp-content\/uploads\/2021\/12\/WhatsApp-Image-2021-12-12-at-10.41.41-PM-1068x712-1-1024x683.jpeg\" alt=\"\" class=\"wp-image-17514\" srcset=\"https:\/\/losperiodistas.com.mx\/portal\/wp-content\/uploads\/2021\/12\/WhatsApp-Image-2021-12-12-at-10.41.41-PM-1068x712-1-1024x683.jpeg 1024w, https:\/\/losperiodistas.com.mx\/portal\/wp-content\/uploads\/2021\/12\/WhatsApp-Image-2021-12-12-at-10.41.41-PM-1068x712-1-300x200.jpeg 300w, https:\/\/losperiodistas.com.mx\/portal\/wp-content\/uploads\/2021\/12\/WhatsApp-Image-2021-12-12-at-10.41.41-PM-1068x712-1-768x512.jpeg 768w, https:\/\/losperiodistas.com.mx\/portal\/wp-content\/uploads\/2021\/12\/WhatsApp-Image-2021-12-12-at-10.41.41-PM-1068x712-1.jpeg 1068w\" sizes=\"(max-width: 1024px) 100vw, 1024px\" \/><\/figure>\n\n\n\n<p><\/p>\n\n\n\n<p class=\"has-vivid-cyan-blue-color has-text-color has-medium-font-size\">PATRICIA M\u00c9NDEZ \/ LA JORNADA DE ORIENTE<\/p>\n\n\n\n<p>Las actividades en la&nbsp;<a href=\"https:\/\/twitter.com\/udlap\" target=\"_blank\" rel=\"noreferrer noopener\">Universidad de las Am\u00e9ricas Puebla<\/a>&nbsp;(UDLAP) contin\u00faan suspendidas tras la marcha que el jueves pasado realizaron alumnos y docentes, y del acuerdo que se anunci\u00f3 para reabrir el&nbsp;<em>campus<\/em>.<\/p>\n\n\n\n<p>A la par, alumnos alistan nuevas protestas para esta semana, una de las cuales se realizar\u00e1 en el Congreso del estado y otra en la Ciudad de M\u00e9xico, conjuntamente con estudiantes del Centro P\u00fablico de Investigaci\u00f3n y Educaci\u00f3n Superior (CIDE) que tambi\u00e9n vive un conflicto acad\u00e9mico.<\/p>\n\n\n\n<p>Fue el jueves cuando un contingente de estudiantes, profesores y personal administrativo de la UDLAP realizaron una marcha del Centro de Convenciones de Puebla a Casa Aguayo en demanda por\u00a0<a href=\"https:\/\/www.lajornadadeoriente.com.mx\/puebla\/la-scjn-no-resolvera-el-conflicto-legal-de-la-udlap-solo-revisa-los-alcances-de-la-inconformidad-de-los-jenkins-gurza\/\" target=\"_blank\" rel=\"noreferrer noopener\">una soluci\u00f3n al conflicto legal<\/a>\u00a0que hay en torno de la universidad.<\/p>\n\n\n\n<p>Tras la protesta, se dio a conocer que la Secretar\u00eda de Gobernaci\u00f3n (Segob) acord\u00f3 con los alumnos que el&nbsp;<em>campus<\/em>&nbsp;de la casa de estudios ser\u00eda reabierto y bajo la tutela de Cecilia Anaya Berr\u00edos, quien fue designada por la familia Jenkins como rectora interina.<\/p>\n\n\n\n<p>Posteriormente, la familia emiti\u00f3 un comunicado en el que refiri\u00f3 que estaba a la espera de que el&nbsp;<em>campus<\/em>&nbsp;le fuera devuelto, en cumplimiento a una resoluci\u00f3n judicial emitida previamente.<\/p>\n\n\n\n<p>En su misiva, acusaron que el Poder Judicial de Puebla devolvi\u00f3 al Juzgado 24 de la Ciudad de M\u00e9xico el exhorto que este emiti\u00f3 para reabrir las instalaciones, hecho que asegur\u00f3 fue ilegal.<\/p>\n\n\n\n<blockquote class=\"wp-block-quote is-layout-flow wp-block-quote-is-layout-flow\"><p>\u201cA pesar de contar con la orden judicial contenida en el exhorto presentado para la restituci\u00f3n del&nbsp;<em>campus<\/em>, ahora el Poder Judicial del Estado decidi\u00f3, ilegalmente devolverlo al juzgado 24 de la Ciudad de M\u00e9xico\u201d, seg\u00fan se indic\u00f3.<\/p><\/blockquote>\n\n\n\n<p>En ese sentido, se refiri\u00f3 que, aunque las actividades a distancia se han mantenido, no ha sido posible retomar las actividades presenciales, debido a que el\u00a0<em>campus<\/em>\u00a0no ha sido restituido a los Jenkins.<\/p>\n\n\n\n<p>Hay que recordar que el conflicto legal se origin\u00f3 cuando en junio pasado, la Junta para el Cuidado de las Instituciones de Asistencia Privada (JCIAP), que es un organismo descentralizado del gobierno del estado, removi\u00f3 a los Jenkins del Patronato que est\u00e1 a cargo de la UDLAP debido a que enfrentan ordenes de aprehensi\u00f3n por&nbsp;<em>lavado<\/em>&nbsp;de dinero al desfalcar el patrimonio de la Fundaci\u00f3n Mary Street Jenkins.<\/p>\n\n\n\n<p>La familia se inconform\u00f3 y recurri\u00f3 a demandas de amparo, mediante las cuales obtuvo una sentencia provisional mediante la que, aseguraron, les debe ser restituido el&nbsp;<em>campus<\/em>&nbsp;de la UDLAP.<\/p>\n\n\n\n<h2 class=\"wp-block-heading\">Alistan nuevas protestas<\/h2>\n\n\n\n<p>En tanto, alumnos y docentes circularon a trav\u00e9s de redes sociales una invitaci\u00f3n pues el pr\u00f3ximo martes realizar\u00e1n una protesta en el Congreso del estado, mismo d\u00eda en el que el gobernador Luis Miguel Barbosa Huerta presentar\u00e1 a los legisladores su informe de labores.<\/p>\n\n\n\n<p>La manifestaci\u00f3n tambi\u00e9n tiene el fin de apoyar a los alumnos del CIDE, instituci\u00f3n que vive un conflicto acad\u00e9mico y legal.<\/p>\n\n\n\n<p>Fuente: https:\/\/www.lajornadadeoriente.com.mx\/puebla\/aun-sin-reanudarse-las-actividades-presenciales-en-la-udlap\/<\/p>\n","protected":false},"excerpt":{"rendered":"<p>PATRICIA M\u00c9NDEZ \/ LA JORNADA DE ORIENTE Las actividades en la&nbsp;Universidad de las Am\u00e9ricas Puebla&nbsp;(UDLAP) contin\u00faan suspendidas tras la marcha [&hellip;]<\/p>\n","protected":false},"author":1,"featured_media":17514,"comment_status":"open","ping_status":"open","sticky":false,"template":"","format":"standard","meta":{"site-sidebar-layout":"default","site-content-layout":"","ast-site-content-layout":"default","site-content-style":"default","site-sidebar-style":"default","ast-global-header-display":"","ast-banner-title-visibility":"","ast-main-header-display":"","ast-hfb-above-header-display":"","ast-hfb-below-header-display":"","ast-hfb-mobile-header-display":"","site-post-title":"","ast-breadcrumbs-content":"","ast-featured-img":"","footer-sml-layout":"","theme-transparent-header-meta":"","adv-header-id-meta":"","stick-header-meta":"","header-above-stick-meta":"","header-main-stick-meta":"","header-below-stick-meta":"","astra-migrate-meta-layouts":"default","ast-page-background-enabled":"default","ast-page-background-meta":{"desktop":{"background-color":"var(--ast-global-color-4)","background-image":"","background-repeat":"repeat","background-position":"center center","background-size":"auto","background-attachment":"scroll","background-type":"","background-media":"","overlay-type":"","overlay-color":"","overlay-opacity":"","overlay-gradient":""},"tablet":{"background-color":"","background-image":"","background-repeat":"repeat","background-position":"center center","background-size":"auto","background-attachment":"scroll","background-type":"","background-media":"","overlay-type":"","overlay-color":"","overlay-opacity":"","overlay-gradient":""},"mobile":{"background-color":"","background-image":"","background-repeat":"repeat","background-position":"center center","background-size":"auto","background-attachment":"scroll","background-type":"","background-media":"","overlay-type":"","overlay-color":"","overlay-opacity":"","overlay-gradient":""}},"ast-content-background-meta":{"desktop":{"background-color":"var(--ast-global-color-5)","background-image":"","background-repeat":"repeat","background-position":"center center","background-size":"auto","background-attachment":"scroll","background-type":"","background-media":"","overlay-type":"","overlay-color":"","overlay-opacity":"","overlay-gradient":""},"tablet":{"background-color":"var(--ast-global-color-5)","background-image":"","background-repeat":"repeat","background-position":"center center","background-size":"auto","background-attachment":"scroll","background-type":"","background-media":"","overlay-type":"","overlay-color":"","overlay-opacity":"","overlay-gradient":""},"mobile":{"background-color":"var(--ast-global-color-5)","background-image":"","background-repeat":"repeat","background-position":"center center","background-size":"auto","background-attachment":"scroll","background-type":"","background-media":"","overlay-type":"","overlay-color":"","overlay-opacity":"","overlay-gradient":""}},"footnotes":""},"categories":[8],"tags":[6095,2379],"class_list":["post-17513","post","type-post","status-publish","format-standard","has-post-thumbnail","hentry","category-noticias","tag-conflicto-legal-udlap","tag-udlap"],"_links":{"self":[{"href":"https:\/\/losperiodistas.com.mx\/portal\/wp-json\/wp\/v2\/posts\/17513","targetHints":{"allow":["GET"]}}],"collection":[{"href":"https:\/\/losperiodistas.com.mx\/portal\/wp-json\/wp\/v2\/posts"}],"about":[{"href":"https:\/\/losperiodistas.com.mx\/portal\/wp-json\/wp\/v2\/types\/post"}],"author":[{"embeddable":true,"href":"https:\/\/losperiodistas.com.mx\/portal\/wp-json\/wp\/v2\/users\/1"}],"replies":[{"embeddable":true,"href":"https:\/\/losperiodistas.com.mx\/portal\/wp-json\/wp\/v2\/comments?post=17513"}],"version-history":[{"count":1,"href":"https:\/\/losperiodistas.com.mx\/portal\/wp-json\/wp\/v2\/posts\/17513\/revisions"}],"predecessor-version":[{"id":17515,"href":"https:\/\/losperiodistas.com.mx\/portal\/wp-json\/wp\/v2\/posts\/17513\/revisions\/17515"}],"wp:featuredmedia":[{"embeddable":true,"href":"https:\/\/losperiodistas.com.mx\/portal\/wp-json\/wp\/v2\/media\/17514"}],"wp:attachment":[{"href":"https:\/\/losperiodistas.com.mx\/portal\/wp-json\/wp\/v2\/media?parent=17513"}],"wp:term":[{"taxonomy":"category","embeddable":true,"href":"https:\/\/losperiodistas.com.mx\/portal\/wp-json\/wp\/v2\/categories?post=17513"},{"taxonomy":"post_tag","embeddable":true,"href":"https:\/\/losperiodistas.com.mx\/portal\/wp-json\/wp\/v2\/tags?post=17513"}],"curies":[{"name":"wp","href":"https:\/\/api.w.org\/{rel}","templated":true}]}}