{"id":17507,"date":"2021-12-13T05:07:14","date_gmt":"2021-12-13T11:07:14","guid":{"rendered":"http:\/\/losperiodistas.com.mx\/portal\/?p=17507"},"modified":"2021-12-13T05:08:39","modified_gmt":"2021-12-13T11:08:39","slug":"encabeza-mbh-preestreno-de-la-pelicula-de-vuelta-a-casa","status":"publish","type":"post","link":"https:\/\/losperiodistas.com.mx\/portal\/encabeza-mbh-preestreno-de-la-pelicula-de-vuelta-a-casa\/","title":{"rendered":"Encabeza MBH preestreno de la pel\u00edcula \u00abDe vuelta a casa\u00bb"},"content":{"rendered":"\n<p style=\"font-size:18px\"><em>El gobernador se\u00f1al\u00f3 que el proyecto cinematogr\u00e1fico enaltece el orgullo de ser poblano y conservar las ra\u00edces<\/em><\/p>\n\n\n\n<p><\/p>\n\n\n\n<figure class=\"wp-block-image size-large\"><img fetchpriority=\"high\" decoding=\"async\" width=\"1024\" height=\"683\" src=\"https:\/\/losperiodistas.com.mx\/portal\/wp-content\/uploads\/2021\/12\/vuelta-a-casa-1024x683.jpg\" alt=\"\" class=\"wp-image-17508\" srcset=\"https:\/\/losperiodistas.com.mx\/portal\/wp-content\/uploads\/2021\/12\/vuelta-a-casa-1024x683.jpg 1024w, https:\/\/losperiodistas.com.mx\/portal\/wp-content\/uploads\/2021\/12\/vuelta-a-casa-300x200.jpg 300w, https:\/\/losperiodistas.com.mx\/portal\/wp-content\/uploads\/2021\/12\/vuelta-a-casa-768x512.jpg 768w, https:\/\/losperiodistas.com.mx\/portal\/wp-content\/uploads\/2021\/12\/vuelta-a-casa-1536x1024.jpg 1536w, https:\/\/losperiodistas.com.mx\/portal\/wp-content\/uploads\/2021\/12\/vuelta-a-casa-2048x1365.jpg 2048w\" sizes=\"(max-width: 1024px) 100vw, 1024px\" \/><figcaption>Gobierno de Puebla<\/figcaption><\/figure>\n\n\n\n<p class=\"has-vivid-cyan-blue-color has-text-color has-medium-font-size\">REDACCI\u00d3N<\/p>\n\n\n\n<p>CIUDAD DE PUEBLA, Pue.- El gobernador Miguel Barbosa presidi\u00f3 el preestreno de la pel\u00edcula \u00abDe Vuelta a Casa\u00bb, que bajo la direcci\u00f3n de Darius Stevens muestra los atractivos del estado como destino de la inversi\u00f3n, el turismo, negocios y calidad de vida.<\/p>\n\n\n\n<p>Acompa\u00f1ado de la presidenta honoraria del Patronato del SEDIF, Mar\u00eda del Rosario Orozco Caballero, as\u00ed como de secretarios del gabinete, el mandatario destac\u00f3 que el proyecto cinematogr\u00e1fico, auspiciado por el empresario Marcos Salame, enaltece el orgullo de ser poblano y conservar las ra\u00edces.<\/p>\n\n\n\n<p>Por su parte, la secretaria de Econom\u00eda, Olivia Salom\u00f3n agradeci\u00f3 a los asistentes a la proyecci\u00f3n, al elenco que particip\u00f3 en la pel\u00edcula, as\u00ed como al gobernador y los auspiciantes del filme.<\/p>\n\n\n\n<p>El presidente del Consejo del Grupo Bosque Real, Marcos Salame refrend\u00f3 la importancia de proyectos como este que muestran a M\u00e9xico y rompen con estereotipos cinematogr\u00e1ficos que magnifican los negativos.<\/p>\n\n\n\n<p>Fuente: https:\/\/www.puebla.gob.mx\/index.php\/noticias\/item\/7612-encabeza-mbh-preestreno-de-la-pelicula-de-vuelta-a-casa<\/p>\n","protected":false},"excerpt":{"rendered":"<p>El gobernador se\u00f1al\u00f3 que el proyecto cinematogr\u00e1fico enaltece el orgullo de ser poblano y conservar las ra\u00edces REDACCI\u00d3N CIUDAD DE [&hellip;]<\/p>\n","protected":false},"author":1,"featured_media":17509,"comment_status":"open","ping_status":"open","sticky":false,"template":"","format":"standard","meta":{"site-sidebar-layout":"default","site-content-layout":"","ast-site-content-layout":"default","site-content-style":"default","site-sidebar-style":"default","ast-global-header-display":"","ast-banner-title-visibility":"","ast-main-header-display":"","ast-hfb-above-header-display":"","ast-hfb-below-header-display":"","ast-hfb-mobile-header-display":"","site-post-title":"","ast-breadcrumbs-content":"","ast-featured-img":"","footer-sml-layout":"","theme-transparent-header-meta":"","adv-header-id-meta":"","stick-header-meta":"","header-above-stick-meta":"","header-main-stick-meta":"","header-below-stick-meta":"","astra-migrate-meta-layouts":"default","ast-page-background-enabled":"default","ast-page-background-meta":{"desktop":{"background-color":"var(--ast-global-color-4)","background-image":"","background-repeat":"repeat","background-position":"center center","background-size":"auto","background-attachment":"scroll","background-type":"","background-media":"","overlay-type":"","overlay-color":"","overlay-opacity":"","overlay-gradient":""},"tablet":{"background-color":"","background-image":"","background-repeat":"repeat","background-position":"center center","background-size":"auto","background-attachment":"scroll","background-type":"","background-media":"","overlay-type":"","overlay-color":"","overlay-opacity":"","overlay-gradient":""},"mobile":{"background-color":"","background-image":"","background-repeat":"repeat","background-position":"center center","background-size":"auto","background-attachment":"scroll","background-type":"","background-media":"","overlay-type":"","overlay-color":"","overlay-opacity":"","overlay-gradient":""}},"ast-content-background-meta":{"desktop":{"background-color":"var(--ast-global-color-5)","background-image":"","background-repeat":"repeat","background-position":"center center","background-size":"auto","background-attachment":"scroll","background-type":"","background-media":"","overlay-type":"","overlay-color":"","overlay-opacity":"","overlay-gradient":""},"tablet":{"background-color":"var(--ast-global-color-5)","background-image":"","background-repeat":"repeat","background-position":"center center","background-size":"auto","background-attachment":"scroll","background-type":"","background-media":"","overlay-type":"","overlay-color":"","overlay-opacity":"","overlay-gradient":""},"mobile":{"background-color":"var(--ast-global-color-5)","background-image":"","background-repeat":"repeat","background-position":"center center","background-size":"auto","background-attachment":"scroll","background-type":"","background-media":"","overlay-type":"","overlay-color":"","overlay-opacity":"","overlay-gradient":""}},"footnotes":""},"categories":[8],"tags":[6092,6091,6094,6093],"class_list":["post-17507","post","type-post","status-publish","format-standard","has-post-thumbnail","hentry","category-noticias","tag-gobierno-de-puebla","tag-mbh","tag-olivia-salomon","tag-vuelta-a-casa"],"_links":{"self":[{"href":"https:\/\/losperiodistas.com.mx\/portal\/wp-json\/wp\/v2\/posts\/17507","targetHints":{"allow":["GET"]}}],"collection":[{"href":"https:\/\/losperiodistas.com.mx\/portal\/wp-json\/wp\/v2\/posts"}],"about":[{"href":"https:\/\/losperiodistas.com.mx\/portal\/wp-json\/wp\/v2\/types\/post"}],"author":[{"embeddable":true,"href":"https:\/\/losperiodistas.com.mx\/portal\/wp-json\/wp\/v2\/users\/1"}],"replies":[{"embeddable":true,"href":"https:\/\/losperiodistas.com.mx\/portal\/wp-json\/wp\/v2\/comments?post=17507"}],"version-history":[{"count":2,"href":"https:\/\/losperiodistas.com.mx\/portal\/wp-json\/wp\/v2\/posts\/17507\/revisions"}],"predecessor-version":[{"id":17512,"href":"https:\/\/losperiodistas.com.mx\/portal\/wp-json\/wp\/v2\/posts\/17507\/revisions\/17512"}],"wp:featuredmedia":[{"embeddable":true,"href":"https:\/\/losperiodistas.com.mx\/portal\/wp-json\/wp\/v2\/media\/17509"}],"wp:attachment":[{"href":"https:\/\/losperiodistas.com.mx\/portal\/wp-json\/wp\/v2\/media?parent=17507"}],"wp:term":[{"taxonomy":"category","embeddable":true,"href":"https:\/\/losperiodistas.com.mx\/portal\/wp-json\/wp\/v2\/categories?post=17507"},{"taxonomy":"post_tag","embeddable":true,"href":"https:\/\/losperiodistas.com.mx\/portal\/wp-json\/wp\/v2\/tags?post=17507"}],"curies":[{"name":"wp","href":"https:\/\/api.w.org\/{rel}","templated":true}]}}