{"id":17504,"date":"2021-12-13T04:56:32","date_gmt":"2021-12-13T10:56:32","guid":{"rendered":"http:\/\/losperiodistas.com.mx\/portal\/?p=17504"},"modified":"2021-12-13T04:56:34","modified_gmt":"2021-12-13T10:56:34","slug":"revocacion-de-mandato-envian-al-ine-firmas-de-muertos-el-financiero","status":"publish","type":"post","link":"https:\/\/losperiodistas.com.mx\/portal\/revocacion-de-mandato-envian-al-ine-firmas-de-muertos-el-financiero\/","title":{"rendered":"Revocaci\u00f3n de mandato: Env\u00edan al INE firmas de muertos | El Financiero"},"content":{"rendered":"\n<p style=\"font-size:18px\"><em>Al corte del 10 de diciembre, el avance en la recolecci\u00f3n de firmas electr\u00f3nicas es de 31 por ciento, respecto de los 2.7 millones de firmas que se requieren para convocar al ejercicio.<\/em><\/p>\n\n\n\n<p><\/p>\n\n\n\n<figure class=\"wp-block-image size-large\"><img fetchpriority=\"high\" decoding=\"async\" width=\"1024\" height=\"576\" src=\"https:\/\/losperiodistas.com.mx\/portal\/wp-content\/uploads\/2021\/12\/Captura-de-Pantalla-2021-12-13-a-las-4.52.30-1024x576.png\" alt=\"\" class=\"wp-image-17505\" srcset=\"https:\/\/losperiodistas.com.mx\/portal\/wp-content\/uploads\/2021\/12\/Captura-de-Pantalla-2021-12-13-a-las-4.52.30-1024x576.png 1024w, https:\/\/losperiodistas.com.mx\/portal\/wp-content\/uploads\/2021\/12\/Captura-de-Pantalla-2021-12-13-a-las-4.52.30-300x169.png 300w, https:\/\/losperiodistas.com.mx\/portal\/wp-content\/uploads\/2021\/12\/Captura-de-Pantalla-2021-12-13-a-las-4.52.30-768x432.png 768w, https:\/\/losperiodistas.com.mx\/portal\/wp-content\/uploads\/2021\/12\/Captura-de-Pantalla-2021-12-13-a-las-4.52.30.png 1372w\" sizes=\"(max-width: 1024px) 100vw, 1024px\" \/><figcaption><strong>Revocaci\u00f3n de mandato\u00a0<\/strong>Firmas para revocaci\u00f3n de mandato\u00a0(Twitter @QueSigaMX_Firmas)<\/figcaption><\/figure>\n\n\n\n<p><\/p>\n\n\n\n<p class=\"has-vivid-cyan-blue-color has-text-color has-medium-font-size\">DIANA BEN\u00cdTEZ \/ EL FINANCIERO<\/p>\n\n\n\n<p>Datos que corresponden a&nbsp;<strong>personas fallecidas<\/strong>, que perdieron sus derechos pol\u00edtico-electorales o que buscan ser respaldados con im\u00e1genes hasta de una silla son las irregularidades que el Instituto Nacional Electoral (<strong>INE<\/strong>) ha encontrado en la revisi\u00f3n de firmas que ha recibido para la&nbsp;<strong>revocaci\u00f3n de mandato<\/strong>, coment\u00f3 Alejandro Andrade, coordinador de Procesos Tecnol\u00f3gicos del organismo electoral, en entrevista con EL FINANCIERO.<\/p>\n\n\n\n<p>Cada d\u00eda, el INE recibe aproximadamente 40 mil firmas, a trav\u00e9s de la aplicaci\u00f3n m\u00f3vil, que son revisadas hasta el final del d\u00eda, pues el personal labora hasta las 11 de la noche.<\/p>\n\n\n\n<p>El encargado de la revisi\u00f3n de firmas explic\u00f3 que el primer filtro corresponde a las im\u00e1genes.<\/p>\n\n\n\n<p><a href=\"https:\/\/www.elfinanciero.com.mx\/nacional\/2021\/12\/12\/presumen-entregar-2-millones-de-firmas-para-revocacion-ante-el-ine\/\"><\/a><a href=\"https:\/\/www.elfinanciero.com.mx\/nacional\/2021\/12\/12\/presumen-entregar-2-millones-de-firmas-para-revocacion-ante-el-ine\/\">Presumen entregar 2 millones de firmas para revocaci\u00f3n ante el INE<\/a><\/p>\n\n\n\n<p>\u201cTenemos una revisi\u00f3n de las im\u00e1genes que son anverso y reverso de la credencial, la foto del ciudadano y la firma\u201d, explic\u00f3 Andrade.<\/p>\n\n\n\n<p>\u201cEntre las inconsistencias que encontramos es que toman la foto a un monitor, a fotocopias de la credencial de elector, y en la fotograf\u00eda del ciudadano que se tom\u00f3 a una persona distinta o hasta un objeto, como una tarjeta de cr\u00e9dito, una pieza, una silla\u201d, detall\u00f3.<\/p>\n\n\n\n<p>Tras la revisi\u00f3n de las&nbsp;<strong>im\u00e1genes<\/strong>, se procede a revisar si la persona se encuentra en la lista nominal.<\/p>\n\n\n\n<p>\u201cS\u00ed tenemos registros que encontramos como no v\u00e1lidos; puede haber varias situaciones: personas fallecidas, personas que les quedaron suspendidos sus derechos pol\u00edticos o que hemos dado de baja por alguna otra situaci\u00f3n, como la p\u00e9rdida de registro por extrav\u00edo de credencial\u201d, indic\u00f3.<\/p>\n\n\n\n<p>Para las firmas en formato impreso se revisa que la captura de los datos sea correcta y que vengan con el formato aprobado por el Consejo General.<\/p>\n\n\n\n<p>\u201cEsa parte tratamos de hacerla, de preferencia, frente al promovente para que vean este proceso y cu\u00e1les formatos pudieron quedar como v\u00e1lidos\u201d, agreg\u00f3 el funcionario.<\/p>\n\n\n\n<p>Actualmente, el INE despleg\u00f3 80 personas para revisar las firmas, pero aumentar\u00e1n a 300 para revisar formatos impresos, por lo que en pr\u00f3ximos d\u00edas se dar\u00e1n cortes que tambi\u00e9n incluyan las firmas en esta modalidad.<\/p>\n\n\n\n<p>Al corte del 10 de diciembre, el avance en la recolecci\u00f3n de firmas electr\u00f3nicas es de 31 por ciento, respecto de los 2.7 millones de firmas que se requieren para convocar al ejercicio.<\/p>\n\n\n\n<h2 class=\"wp-block-heading\">&#8230;Y PRESUMEN LA ENTREGA DE OTRO MILL\u00d3N DE R\u00daBRICAS<\/h2>\n\n\n\n<p>La organizaci\u00f3n Que Siga la Democracia, promovente de la revocaci\u00f3n de mandato del presidente Andr\u00e9s Manuel L\u00f3pez Obrador, asegur\u00f3 acumular 2.1 millones de firmas impresas entregadas al Instituto Nacional Electoral (INE), aunque falta que el organismo las valide.<\/p>\n\n\n\n<p>Ayer, los promoventes entregaron m\u00e1s de 200 cajas con un mill\u00f3n de r\u00fabricas, las cuales se suman al mill\u00f3n 68 que presentaron el pasado jueves.<\/p>\n\n\n\n<p>\u201cHemos juntado pr\u00e1cticamente las firmas. Estamos alcanzando la meta en cinco estados m\u00e1s: Zacatecas, Tlaxcala, Quintana Roo, Tamaulipas y Chihuahua. Seg\u00fan los c\u00e1lculos que tenemos, de acuerdo con la participaci\u00f3n y el n\u00famero de firmas que seguimos recibiendo, vamos a alcanzar la meta de 3 por ciento en al menos 26 estados\u201d, expres\u00f3 Gabriela Jim\u00e9nez, presidenta de la organizaci\u00f3n, en entrevista con medios de comunicaci\u00f3n.<\/p>\n\n\n\n<p>De ser v\u00e1lidas, y junto con las m\u00e1s 859 mil 620 que ya aprob\u00f3 el organismo electoral, hasta ayer se tendr\u00edan 2.9 millones de firmas, poco m\u00e1s del 2.7 millones que se requieren para juntar el equivalente al 3 por ciento de los integrantes de la lista nominal a nivel nacional.<\/p>\n\n\n\n<p>Los promoventes aseguraron que la pr\u00f3xima semana har\u00e1n una entrega m\u00e1s, y esperan alcanzar hasta 4 millones para tener suficientes respaldos, en caso de que el INE aplique diversas bajas.<\/p>\n\n\n\n<p>A pesar de ser un ejercicio de revocaci\u00f3n, la organizaci\u00f3n promueve el ejercicio como ratificaci\u00f3n de mandato, por lo que la Comisi\u00f3n de Quejas del INE le ha ordenado modificar su publicidad.<\/p>\n\n\n\n<p>Fuente: https:\/\/www.elfinanciero.com.mx\/nacional\/2021\/12\/13\/mandan-al-ine-firmas-de-muertos-y-fotos-de-sillas\/<\/p>\n","protected":false},"excerpt":{"rendered":"<p>Al corte del 10 de diciembre, el avance en la recolecci\u00f3n de firmas electr\u00f3nicas es de 31 por ciento, respecto [&hellip;]<\/p>\n","protected":false},"author":1,"featured_media":17505,"comment_status":"open","ping_status":"open","sticky":false,"template":"","format":"standard","meta":{"site-sidebar-layout":"default","site-content-layout":"","ast-site-content-layout":"default","site-content-style":"default","site-sidebar-style":"default","ast-global-header-display":"","ast-banner-title-visibility":"","ast-main-header-display":"","ast-hfb-above-header-display":"","ast-hfb-below-header-display":"","ast-hfb-mobile-header-display":"","site-post-title":"","ast-breadcrumbs-content":"","ast-featured-img":"","footer-sml-layout":"","theme-transparent-header-meta":"","adv-header-id-meta":"","stick-header-meta":"","header-above-stick-meta":"","header-main-stick-meta":"","header-below-stick-meta":"","astra-migrate-meta-layouts":"default","ast-page-background-enabled":"default","ast-page-background-meta":{"desktop":{"background-color":"var(--ast-global-color-4)","background-image":"","background-repeat":"repeat","background-position":"center center","background-size":"auto","background-attachment":"scroll","background-type":"","background-media":"","overlay-type":"","overlay-color":"","overlay-opacity":"","overlay-gradient":""},"tablet":{"background-color":"","background-image":"","background-repeat":"repeat","background-position":"center center","background-size":"auto","background-attachment":"scroll","background-type":"","background-media":"","overlay-type":"","overlay-color":"","overlay-opacity":"","overlay-gradient":""},"mobile":{"background-color":"","background-image":"","background-repeat":"repeat","background-position":"center center","background-size":"auto","background-attachment":"scroll","background-type":"","background-media":"","overlay-type":"","overlay-color":"","overlay-opacity":"","overlay-gradient":""}},"ast-content-background-meta":{"desktop":{"background-color":"var(--ast-global-color-5)","background-image":"","background-repeat":"repeat","background-position":"center center","background-size":"auto","background-attachment":"scroll","background-type":"","background-media":"","overlay-type":"","overlay-color":"","overlay-opacity":"","overlay-gradient":""},"tablet":{"background-color":"var(--ast-global-color-5)","background-image":"","background-repeat":"repeat","background-position":"center center","background-size":"auto","background-attachment":"scroll","background-type":"","background-media":"","overlay-type":"","overlay-color":"","overlay-opacity":"","overlay-gradient":""},"mobile":{"background-color":"var(--ast-global-color-5)","background-image":"","background-repeat":"repeat","background-position":"center center","background-size":"auto","background-attachment":"scroll","background-type":"","background-media":"","overlay-type":"","overlay-color":"","overlay-opacity":"","overlay-gradient":""}},"footnotes":""},"categories":[8],"tags":[6090,885,5642],"class_list":["post-17504","post","type-post","status-publish","format-standard","has-post-thumbnail","hentry","category-noticias","tag-firmas-de-fallecidos","tag-ine","tag-revocacion-de-mandato-amlo"],"_links":{"self":[{"href":"https:\/\/losperiodistas.com.mx\/portal\/wp-json\/wp\/v2\/posts\/17504","targetHints":{"allow":["GET"]}}],"collection":[{"href":"https:\/\/losperiodistas.com.mx\/portal\/wp-json\/wp\/v2\/posts"}],"about":[{"href":"https:\/\/losperiodistas.com.mx\/portal\/wp-json\/wp\/v2\/types\/post"}],"author":[{"embeddable":true,"href":"https:\/\/losperiodistas.com.mx\/portal\/wp-json\/wp\/v2\/users\/1"}],"replies":[{"embeddable":true,"href":"https:\/\/losperiodistas.com.mx\/portal\/wp-json\/wp\/v2\/comments?post=17504"}],"version-history":[{"count":1,"href":"https:\/\/losperiodistas.com.mx\/portal\/wp-json\/wp\/v2\/posts\/17504\/revisions"}],"predecessor-version":[{"id":17506,"href":"https:\/\/losperiodistas.com.mx\/portal\/wp-json\/wp\/v2\/posts\/17504\/revisions\/17506"}],"wp:featuredmedia":[{"embeddable":true,"href":"https:\/\/losperiodistas.com.mx\/portal\/wp-json\/wp\/v2\/media\/17505"}],"wp:attachment":[{"href":"https:\/\/losperiodistas.com.mx\/portal\/wp-json\/wp\/v2\/media?parent=17504"}],"wp:term":[{"taxonomy":"category","embeddable":true,"href":"https:\/\/losperiodistas.com.mx\/portal\/wp-json\/wp\/v2\/categories?post=17504"},{"taxonomy":"post_tag","embeddable":true,"href":"https:\/\/losperiodistas.com.mx\/portal\/wp-json\/wp\/v2\/tags?post=17504"}],"curies":[{"name":"wp","href":"https:\/\/api.w.org\/{rel}","templated":true}]}}