{"id":17501,"date":"2021-12-13T04:49:42","date_gmt":"2021-12-13T10:49:42","guid":{"rendered":"http:\/\/losperiodistas.com.mx\/portal\/?p=17501"},"modified":"2021-12-13T04:49:43","modified_gmt":"2021-12-13T10:49:43","slug":"reconoce-eduardo-rivera-perez-labor-de-trabajadores-de-limpia","status":"publish","type":"post","link":"https:\/\/losperiodistas.com.mx\/portal\/reconoce-eduardo-rivera-perez-labor-de-trabajadores-de-limpia\/","title":{"rendered":"Reconoce Eduardo Rivera P\u00e9rez labor de trabajadores de limpia"},"content":{"rendered":"\n<p style=\"font-size:18px\"><em>El alcalde agradeci\u00f3 el trabajo del personal del OOSL que desde el primer d\u00eda de la administraci\u00f3n han redoblado esfuerzos.\u00a0<\/em><\/p>\n\n\n\n<p><\/p>\n\n\n\n<figure class=\"wp-block-image size-large\"><img fetchpriority=\"high\" decoding=\"async\" width=\"1024\" height=\"682\" src=\"https:\/\/losperiodistas.com.mx\/portal\/wp-content\/uploads\/2021\/12\/ERP-DI\u0301A-DEL-TRABAJADOR-DE-LIMPIA-3-1024x682.jpeg\" alt=\"\" class=\"wp-image-17502\" srcset=\"https:\/\/losperiodistas.com.mx\/portal\/wp-content\/uploads\/2021\/12\/ERP-DI\u0301A-DEL-TRABAJADOR-DE-LIMPIA-3-1024x682.jpeg 1024w, https:\/\/losperiodistas.com.mx\/portal\/wp-content\/uploads\/2021\/12\/ERP-DI\u0301A-DEL-TRABAJADOR-DE-LIMPIA-3-300x200.jpeg 300w, https:\/\/losperiodistas.com.mx\/portal\/wp-content\/uploads\/2021\/12\/ERP-DI\u0301A-DEL-TRABAJADOR-DE-LIMPIA-3-768x512.jpeg 768w, https:\/\/losperiodistas.com.mx\/portal\/wp-content\/uploads\/2021\/12\/ERP-DI\u0301A-DEL-TRABAJADOR-DE-LIMPIA-3.jpeg 1280w\" sizes=\"(max-width: 1024px) 100vw, 1024px\" \/><figcaption>Ayuntamiento de Puebla<\/figcaption><\/figure>\n\n\n\n<p>REDACCI\u00d3N<\/p>\n\n\n\n<p>Eduardo Rivera P\u00e9rez, Presidente Municipal de Puebla, celebr\u00f3 la ardua labor de las mujeres y hombres que diariamente barren y mantienen aseadas las calles, avenidas o espacios p\u00fablicos, en el marco del D\u00eda del empleado de Limpia.\u00a0\u00a0\u00a0<\/p>\n\n\n\n<p>\u00abNo solamente est\u00e1n arreglando una plaza o el Z\u00f3calo de la ciudad, est\u00e1n en verdad construyendo una gran Puebla, est\u00e1n haciendo una \u00abCiudad de 10&#8243;, est\u00e1n haciendo la Puebla que nos merecemos todos y cada uno de nosotros\u00bb, destac\u00f3 el alcalde durante su felicitaci\u00f3n.\u00a0\u00a0\u00a0<\/p>\n\n\n\n<p>Asimismo, reconoci\u00f3 a las y los trabajadores con 15, 20 y 25 a\u00f1os en el Organismo Operador del Servicio de Limpia, donde actualmente m\u00e1s de 600 personas laboran, bajo el liderazgo de Salvador P\u00e9rez Xilotl, Secretario General del Sindicato Ignacio Zaragoza, y la coordinaci\u00f3n de Myriam Arabi\u00e1n Couttolenc.<\/p>\n\n\n\n<p>Fuente: http:\/\/www.pueblacapital.gob.mx\/noticias\/noticias-destacadas\/item\/15553-reconoce-eduardo-rivera-perez-labor-de-trabajadores-de-limpia<\/p>\n","protected":false},"excerpt":{"rendered":"<p>El alcalde agradeci\u00f3 el trabajo del personal del OOSL que desde el primer d\u00eda de la administraci\u00f3n han redoblado esfuerzos.\u00a0 [&hellip;]<\/p>\n","protected":false},"author":1,"featured_media":17502,"comment_status":"open","ping_status":"open","sticky":false,"template":"","format":"standard","meta":{"site-sidebar-layout":"default","site-content-layout":"","ast-site-content-layout":"default","site-content-style":"default","site-sidebar-style":"default","ast-global-header-display":"","ast-banner-title-visibility":"","ast-main-header-display":"","ast-hfb-above-header-display":"","ast-hfb-below-header-display":"","ast-hfb-mobile-header-display":"","site-post-title":"","ast-breadcrumbs-content":"","ast-featured-img":"","footer-sml-layout":"","theme-transparent-header-meta":"","adv-header-id-meta":"","stick-header-meta":"","header-above-stick-meta":"","header-main-stick-meta":"","header-below-stick-meta":"","astra-migrate-meta-layouts":"default","ast-page-background-enabled":"default","ast-page-background-meta":{"desktop":{"background-color":"var(--ast-global-color-4)","background-image":"","background-repeat":"repeat","background-position":"center center","background-size":"auto","background-attachment":"scroll","background-type":"","background-media":"","overlay-type":"","overlay-color":"","overlay-opacity":"","overlay-gradient":""},"tablet":{"background-color":"","background-image":"","background-repeat":"repeat","background-position":"center center","background-size":"auto","background-attachment":"scroll","background-type":"","background-media":"","overlay-type":"","overlay-color":"","overlay-opacity":"","overlay-gradient":""},"mobile":{"background-color":"","background-image":"","background-repeat":"repeat","background-position":"center center","background-size":"auto","background-attachment":"scroll","background-type":"","background-media":"","overlay-type":"","overlay-color":"","overlay-opacity":"","overlay-gradient":""}},"ast-content-background-meta":{"desktop":{"background-color":"var(--ast-global-color-5)","background-image":"","background-repeat":"repeat","background-position":"center center","background-size":"auto","background-attachment":"scroll","background-type":"","background-media":"","overlay-type":"","overlay-color":"","overlay-opacity":"","overlay-gradient":""},"tablet":{"background-color":"var(--ast-global-color-5)","background-image":"","background-repeat":"repeat","background-position":"center center","background-size":"auto","background-attachment":"scroll","background-type":"","background-media":"","overlay-type":"","overlay-color":"","overlay-opacity":"","overlay-gradient":""},"mobile":{"background-color":"var(--ast-global-color-5)","background-image":"","background-repeat":"repeat","background-position":"center center","background-size":"auto","background-attachment":"scroll","background-type":"","background-media":"","overlay-type":"","overlay-color":"","overlay-opacity":"","overlay-gradient":""}},"footnotes":""},"categories":[8],"tags":[5635,3058],"class_list":["post-17501","post","type-post","status-publish","format-standard","has-post-thumbnail","hentry","category-noticias","tag-erp-puebla","tag-oosl-puebla"],"_links":{"self":[{"href":"https:\/\/losperiodistas.com.mx\/portal\/wp-json\/wp\/v2\/posts\/17501","targetHints":{"allow":["GET"]}}],"collection":[{"href":"https:\/\/losperiodistas.com.mx\/portal\/wp-json\/wp\/v2\/posts"}],"about":[{"href":"https:\/\/losperiodistas.com.mx\/portal\/wp-json\/wp\/v2\/types\/post"}],"author":[{"embeddable":true,"href":"https:\/\/losperiodistas.com.mx\/portal\/wp-json\/wp\/v2\/users\/1"}],"replies":[{"embeddable":true,"href":"https:\/\/losperiodistas.com.mx\/portal\/wp-json\/wp\/v2\/comments?post=17501"}],"version-history":[{"count":1,"href":"https:\/\/losperiodistas.com.mx\/portal\/wp-json\/wp\/v2\/posts\/17501\/revisions"}],"predecessor-version":[{"id":17503,"href":"https:\/\/losperiodistas.com.mx\/portal\/wp-json\/wp\/v2\/posts\/17501\/revisions\/17503"}],"wp:featuredmedia":[{"embeddable":true,"href":"https:\/\/losperiodistas.com.mx\/portal\/wp-json\/wp\/v2\/media\/17502"}],"wp:attachment":[{"href":"https:\/\/losperiodistas.com.mx\/portal\/wp-json\/wp\/v2\/media?parent=17501"}],"wp:term":[{"taxonomy":"category","embeddable":true,"href":"https:\/\/losperiodistas.com.mx\/portal\/wp-json\/wp\/v2\/categories?post=17501"},{"taxonomy":"post_tag","embeddable":true,"href":"https:\/\/losperiodistas.com.mx\/portal\/wp-json\/wp\/v2\/tags?post=17501"}],"curies":[{"name":"wp","href":"https:\/\/api.w.org\/{rel}","templated":true}]}}