{"id":17485,"date":"2021-12-12T19:23:15","date_gmt":"2021-12-13T01:23:15","guid":{"rendered":"http:\/\/losperiodistas.com.mx\/portal\/?p=17485"},"modified":"2021-12-12T19:23:17","modified_gmt":"2021-12-13T01:23:17","slug":"cerca-de-2-millones-visitaron-la-basilica-de-la-virgen-de-guadalupe-aci","status":"publish","type":"post","link":"https:\/\/losperiodistas.com.mx\/portal\/cerca-de-2-millones-visitaron-la-basilica-de-la-virgen-de-guadalupe-aci\/","title":{"rendered":"Cerca de 2 millones visitaron la Bas\u00edlica de la Virgen de Guadalupe | ACI"},"content":{"rendered":"\n<p><\/p>\n\n\n\n<figure class=\"wp-block-image size-large\"><img fetchpriority=\"high\" decoding=\"async\" width=\"1024\" height=\"682\" src=\"https:\/\/losperiodistas.com.mx\/portal\/wp-content\/uploads\/2021\/12\/dic-12-guadalupe-1024x682.jpg\" alt=\"\" class=\"wp-image-17486\" srcset=\"https:\/\/losperiodistas.com.mx\/portal\/wp-content\/uploads\/2021\/12\/dic-12-guadalupe-1024x682.jpg 1024w, https:\/\/losperiodistas.com.mx\/portal\/wp-content\/uploads\/2021\/12\/dic-12-guadalupe-300x200.jpg 300w, https:\/\/losperiodistas.com.mx\/portal\/wp-content\/uploads\/2021\/12\/dic-12-guadalupe-768x512.jpg 768w, https:\/\/losperiodistas.com.mx\/portal\/wp-content\/uploads\/2021\/12\/dic-12-guadalupe-1536x1023.jpg 1536w, https:\/\/losperiodistas.com.mx\/portal\/wp-content\/uploads\/2021\/12\/dic-12-guadalupe.jpg 1822w\" sizes=\"(max-width: 1024px) 100vw, 1024px\" \/><figcaption><a href=\"https:\/\/twitter.com\/Claudiashein\">@Claudiashein<\/a><\/figcaption><\/figure>\n\n\n\n<p><\/p>\n\n\n\n<p class=\"has-vivid-cyan-blue-color has-text-color has-medium-font-size\">DAVID RAMOS \/ ACI PRENSA<\/p>\n\n\n\n<p>Cerca de dos millones de peregrinos acudieron a la Bas\u00edlica de Nuestra Se\u00f1ora de Guadalupe en Ciudad de M\u00e9xico desde los primeros d\u00edas de diciembre, en el marco de la celebraci\u00f3n de su Solemnidad.<\/p>\n\n\n\n<p>El Gobierno de la Ciudad de M\u00e9xico\u00a0<a href=\"https:\/\/www.secgob.cdmx.gob.mx\/comunicacion\/nota\/85-21\">inform\u00f3<\/a>\u00a0este 12 de diciembre, Solemnidad de la Virgen de Guadalupe, que \u201cdesde el mi\u00e9rcoles 1 y hasta las 9:00 horas de este domingo 12 de diciembre, la Bas\u00edlica de Guadalupe ha recibido a un mill\u00f3n 929 mil 115 visitantes\u201d.<\/p>\n\n\n\n<figure class=\"wp-block-embed is-type-rich is-provider-twitter wp-block-embed-twitter\"><div class=\"wp-block-embed__wrapper\">\n<blockquote class=\"twitter-tweet\" data-width=\"500\" data-dnt=\"true\"><p lang=\"es\" dir=\"ltr\">Al corte de este s\u00e1bado, m\u00e1s de un mill\u00f3n de peregrinos han acudido a la <a href=\"https:\/\/twitter.com\/INBGuadalupe?ref_src=twsrc%5Etfw\">@INBGuadalupe<\/a>. En tu visita, debes conocer la siguiente informaci\u00f3n:<br><br>\u25ab\ufe0fNo se permite pernoctar, el flujo de la visita es continuo. <br>\u25ab\ufe0fUsa cubrebocas.<br>\u25ab\ufe0fLas Ma\u00f1anitas y misa no ser\u00e1n en vivo. <a href=\"https:\/\/t.co\/68pjMMWYPY\">pic.twitter.com\/68pjMMWYPY<\/a><\/p>&mdash; Claudia Sheinbaum Pardo (@Claudiashein) <a href=\"https:\/\/twitter.com\/Claudiashein\/status\/1469877451056627717?ref_src=twsrc%5Etfw\">December 12, 2021<\/a><\/blockquote><script async src=\"https:\/\/platform.twitter.com\/widgets.js\" charset=\"utf-8\"><\/script>\n<\/div><\/figure>\n\n\n\n<p>En el marco del operativo \u201cBienvenido Peregrino\u201d, coordinado por las autoridades, se desplegaron m\u00e1s de \u200b\u200b9 mil servidores p\u00fablicos de la Ciudad de M\u00e9xico, entre polic\u00edas, rescatistas, unidades de atenci\u00f3n de urgencias m\u00e9dicas, bomberos, y otros.<\/p>\n\n\n\n<p>Al presidir la tradicional Misa de las Rosas en la Bas\u00edlica de Guadalupe, al mediod\u00eda del 12 de diciembre, el Arzobispo Primado de M\u00e9xico, Cardenal Carlos Aguiar Retes, record\u00f3 que \u201cMar\u00eda es la Madre de la Iglesia, Nuestra Madre\u201d.<\/p>\n\n\n\n<p>\u201cElla ha querido seguir manifestando su amor, como Madre de la Iglesia, por eso vino a M\u00e9xico, a buscarnos para expresarlo a todos sus hijos\u201d.<\/p>\n\n\n\n<figure class=\"wp-block-embed is-type-rich is-provider-twitter wp-block-embed-twitter\"><div class=\"wp-block-embed__wrapper\">\n<blockquote class=\"twitter-tweet\" data-width=\"500\" data-dnt=\"true\"><p lang=\"es\" dir=\"ltr\">La jornada en la Bas\u00edlica de Guadalupe se desarrolla en tranquilidad. M\u00e1s de 9 mil elementos del <a href=\"https:\/\/twitter.com\/GobCDMX?ref_src=twsrc%5Etfw\">@GobCDMX<\/a> y de <a href=\"https:\/\/twitter.com\/TuAlcaldiaGAM?ref_src=twsrc%5Etfw\">@TuAlcaldiaGAM<\/a> contin\u00faan brindando sus servicios en el marco del \u201cOperativo Bas\u00edlica 2021, Bienvenido Peregrino\u201d <a href=\"https:\/\/t.co\/lYwFdsg4HJ\">pic.twitter.com\/lYwFdsg4HJ<\/a><\/p>&mdash; Mart\u00ed Batres (@martibatres) <a href=\"https:\/\/twitter.com\/martibatres\/status\/1470121036054212616?ref_src=twsrc%5Etfw\">December 12, 2021<\/a><\/blockquote><script async src=\"https:\/\/platform.twitter.com\/widgets.js\" charset=\"utf-8\"><\/script>\n<\/div><\/figure>\n\n\n\n<p>Este a\u00f1o, a diferencia de 2020, se permiti\u00f3 nuevamente que los peregrinos ingresen a la Bas\u00edlica de Guadalupe, en medio de protocolos de seguridad para prevenir contagios de COVID-19.<\/p>\n\n\n\n<p>Entre las medidas coordinadas entre las autoridades civiles y eclesi\u00e1sticas, se exigi\u00f3 el uso de cubrebocas o mascarillas, y se prohibi\u00f3 pernoctar en los alrededores del santuario mariano.<\/p>\n\n\n\n<p>Las tradicionales \u201cMa\u00f1anitas\u201d, en las que los fieles sol\u00edan cantarle un conocido canto mexicano a la Virgen de Guadalupe, no se realizaron con fieles, sino que se grabaron previamente y se transmitieron a trav\u00e9s de redes sociales. Similar medida se tom\u00f3 con la celebraci\u00f3n de la Misa de medianoche.<\/p>\n\n\n\n<p>En un esfuerzo para simbolizar la presencia de los devotos dentro del templo, Bas\u00edlica de Guadalupe alent\u00f3 a que entreguen fotograf\u00edas y veladoras.<\/p>\n\n\n\n<figure class=\"wp-block-embed is-type-rich is-provider-twitter wp-block-embed-twitter\"><div class=\"wp-block-embed__wrapper\">\n<blockquote class=\"twitter-tweet\" data-width=\"500\" data-dnt=\"true\"><p lang=\"es\" dir=\"ltr\">M\u00e1s de 1400 fotograf\u00edas y m\u00e1s de 1400 veladoras fueron colocadas en el interior de la Bas\u00edlica de Guadalupe por los fieles que no pudieron estar presentes ante la <a href=\"https:\/\/twitter.com\/hashtag\/VirgendeGuadalupe?src=hash&amp;ref_src=twsrc%5Etfw\">#VirgendeGuadalupe<\/a>.<a href=\"https:\/\/twitter.com\/hashtag\/fotos?src=hash&amp;ref_src=twsrc%5Etfw\">#fotos<\/a> Vladimir y Roberto Alc\u00e1ntara <a href=\"https:\/\/t.co\/iDOXWdQ1Dl\">pic.twitter.com\/iDOXWdQ1Dl<\/a><\/p>&mdash; Desde la fe (@DesdeLaFeMx) <a href=\"https:\/\/twitter.com\/DesdeLaFeMx\/status\/1469840166332387331?ref_src=twsrc%5Etfw\">December 12, 2021<\/a><\/blockquote><script async src=\"https:\/\/platform.twitter.com\/widgets.js\" charset=\"utf-8\"><\/script>\n<\/div><\/figure>\n\n\n\n<p>La Arquidi\u00f3cesis de M\u00e9xico se\u00f1al\u00f3 que se colocaron m\u00e1s de 1,4 mil fotos y m\u00e1s de 1,4 mil veladoras dentro del santuario.<\/p>\n\n\n\n<p>Fuente: https:\/\/www.aciprensa.com\/noticias\/cerca-de-2-millones-visitaron-la-basilica-de-la-virgen-de-guadalupe-31971<\/p>\n","protected":false},"excerpt":{"rendered":"<p>DAVID RAMOS \/ ACI PRENSA Cerca de dos millones de peregrinos acudieron a la Bas\u00edlica de Nuestra Se\u00f1ora de Guadalupe [&hellip;]<\/p>\n","protected":false},"author":1,"featured_media":17486,"comment_status":"open","ping_status":"open","sticky":false,"template":"","format":"standard","meta":{"site-sidebar-layout":"default","site-content-layout":"","ast-site-content-layout":"default","site-content-style":"default","site-sidebar-style":"default","ast-global-header-display":"","ast-banner-title-visibility":"","ast-main-header-display":"","ast-hfb-above-header-display":"","ast-hfb-below-header-display":"","ast-hfb-mobile-header-display":"","site-post-title":"","ast-breadcrumbs-content":"","ast-featured-img":"","footer-sml-layout":"","theme-transparent-header-meta":"","adv-header-id-meta":"","stick-header-meta":"","header-above-stick-meta":"","header-main-stick-meta":"","header-below-stick-meta":"","astra-migrate-meta-layouts":"default","ast-page-background-enabled":"default","ast-page-background-meta":{"desktop":{"background-color":"var(--ast-global-color-4)","background-image":"","background-repeat":"repeat","background-position":"center center","background-size":"auto","background-attachment":"scroll","background-type":"","background-media":"","overlay-type":"","overlay-color":"","overlay-opacity":"","overlay-gradient":""},"tablet":{"background-color":"","background-image":"","background-repeat":"repeat","background-position":"center center","background-size":"auto","background-attachment":"scroll","background-type":"","background-media":"","overlay-type":"","overlay-color":"","overlay-opacity":"","overlay-gradient":""},"mobile":{"background-color":"","background-image":"","background-repeat":"repeat","background-position":"center center","background-size":"auto","background-attachment":"scroll","background-type":"","background-media":"","overlay-type":"","overlay-color":"","overlay-opacity":"","overlay-gradient":""}},"ast-content-background-meta":{"desktop":{"background-color":"var(--ast-global-color-5)","background-image":"","background-repeat":"repeat","background-position":"center center","background-size":"auto","background-attachment":"scroll","background-type":"","background-media":"","overlay-type":"","overlay-color":"","overlay-opacity":"","overlay-gradient":""},"tablet":{"background-color":"var(--ast-global-color-5)","background-image":"","background-repeat":"repeat","background-position":"center center","background-size":"auto","background-attachment":"scroll","background-type":"","background-media":"","overlay-type":"","overlay-color":"","overlay-opacity":"","overlay-gradient":""},"mobile":{"background-color":"var(--ast-global-color-5)","background-image":"","background-repeat":"repeat","background-position":"center center","background-size":"auto","background-attachment":"scroll","background-type":"","background-media":"","overlay-type":"","overlay-color":"","overlay-opacity":"","overlay-gradient":""}},"footnotes":""},"categories":[8],"tags":[3766,6088,6089,1762],"class_list":["post-17485","post","type-post","status-publish","format-standard","has-post-thumbnail","hentry","category-noticias","tag-basilica-de-guadalupe","tag-peregrinacion","tag-peregrinos","tag-virgen-de-guadalupe"],"_links":{"self":[{"href":"https:\/\/losperiodistas.com.mx\/portal\/wp-json\/wp\/v2\/posts\/17485","targetHints":{"allow":["GET"]}}],"collection":[{"href":"https:\/\/losperiodistas.com.mx\/portal\/wp-json\/wp\/v2\/posts"}],"about":[{"href":"https:\/\/losperiodistas.com.mx\/portal\/wp-json\/wp\/v2\/types\/post"}],"author":[{"embeddable":true,"href":"https:\/\/losperiodistas.com.mx\/portal\/wp-json\/wp\/v2\/users\/1"}],"replies":[{"embeddable":true,"href":"https:\/\/losperiodistas.com.mx\/portal\/wp-json\/wp\/v2\/comments?post=17485"}],"version-history":[{"count":1,"href":"https:\/\/losperiodistas.com.mx\/portal\/wp-json\/wp\/v2\/posts\/17485\/revisions"}],"predecessor-version":[{"id":17489,"href":"https:\/\/losperiodistas.com.mx\/portal\/wp-json\/wp\/v2\/posts\/17485\/revisions\/17489"}],"wp:featuredmedia":[{"embeddable":true,"href":"https:\/\/losperiodistas.com.mx\/portal\/wp-json\/wp\/v2\/media\/17486"}],"wp:attachment":[{"href":"https:\/\/losperiodistas.com.mx\/portal\/wp-json\/wp\/v2\/media?parent=17485"}],"wp:term":[{"taxonomy":"category","embeddable":true,"href":"https:\/\/losperiodistas.com.mx\/portal\/wp-json\/wp\/v2\/categories?post=17485"},{"taxonomy":"post_tag","embeddable":true,"href":"https:\/\/losperiodistas.com.mx\/portal\/wp-json\/wp\/v2\/tags?post=17485"}],"curies":[{"name":"wp","href":"https:\/\/api.w.org\/{rel}","templated":true}]}}