{"id":17480,"date":"2021-12-12T13:05:46","date_gmt":"2021-12-12T19:05:46","guid":{"rendered":"http:\/\/losperiodistas.com.mx\/portal\/?p=17480"},"modified":"2021-12-12T13:05:47","modified_gmt":"2021-12-12T19:05:47","slug":"las-garitas","status":"publish","type":"post","link":"https:\/\/losperiodistas.com.mx\/portal\/las-garitas\/","title":{"rendered":"Las garitas"},"content":{"rendered":"\n<p><\/p>\n\n\n\n<figure class=\"wp-block-embed is-type-video is-provider-youtube wp-block-embed-youtube wp-embed-aspect-16-9 wp-has-aspect-ratio\"><div class=\"wp-block-embed__wrapper\">\n<iframe title=\"Las garitas\" width=\"500\" height=\"281\" src=\"https:\/\/www.youtube.com\/embed\/JQV8WaHEbfk?feature=oembed\" frameborder=\"0\" allow=\"accelerometer; autoplay; clipboard-write; encrypted-media; gyroscope; picture-in-picture; web-share\" referrerpolicy=\"strict-origin-when-cross-origin\" allowfullscreen><\/iframe>\n<\/div><\/figure>\n\n\n\n<p><\/p>\n\n\n\n<p class=\"has-vivid-cyan-blue-color has-text-color\" style=\"font-size:26px\"><strong><em>Por Jes\u00fas Manuel Hern\u00e1ndez<\/em><\/strong><\/p>\n\n\n\n<p>La tragedia de los migrantes de Centroam\u00e9rica a su paso por tierras mexicanas, se llev\u00f3 varios titulares internacionales, poniendo al descubierto la ineficacia del Instituto Nacional de Migraci\u00f3n, la Guardia Nacional y las polic\u00edas de las entidades por donde cruzan.<\/p>\n\n\n\n<p>Algunos de los sobrevivientes han hecho revelaciones que ponen los reflectores en Puebla.<\/p>\n\n\n\n<p>Se trataba de dos camiones, no uno, donde eran transportados cerca de 300 migrantes. Muchos de ellos subieron al Kenworth en San Crist\u00f3bal de las Casas. Quienes viajaron desde Guatemala y ten\u00edan como destino final la ciudad de Houston, debieron pagar unos 13 mil d\u00f3lares, lo que sirve de orientaci\u00f3n para adivinar el jugoso negocio de los llamados \u201cpolleros\u201d.<\/p>\n\n\n\n<p>Revelaciones de los sobrevivientes indican que el primer recorrido ser\u00eda de 700 kil\u00f3metros para hacer escala en <strong>PUEBLA<\/strong> donde ser\u00edan escondidos en una bodega y luego continuar al norte del pa\u00eds.<\/p>\n\n\n\n<p>El cami\u00f3n accidentado era el segundo en la fila, o sea, que el primero debi\u00f3 haber llegado a la capital de Puebla sin contratiempos.<\/p>\n\n\n\n<p>Investigaciones del diario Reforma indican que el recorrido entre San Crist\u00f3bal de las Casas y Chiapa de Corzo hay al menos 3 casetas donde han sido destacados elementos de la Guardia Nacional y del Instituto Nacional de Migraci\u00f3n, apoyados por las polic\u00edas locales.<\/p>\n\n\n\n<p>Dicho de otra forma, tres veces pasaron en las narices de quienes el Estado Mexicano ha comisionado para detectar el tr\u00e1fico de personas, y en tres ocasiones nadie vio nada.<\/p>\n\n\n\n<p>En consecuencia del accidente del Kenworth donde murieron 55 personas, seg\u00fan unos medios, todos se lavan las manos, lamentan los hechos, pero no hay ning\u00fan detenido, no ha sido revelado ning\u00fan nombre de los \u201cjefes\u201d del INM que no vieron al cami\u00f3n.<\/p>\n\n\n\n<p>Hace muchos a\u00f1os hab\u00eda la costumbre del contrabando hormiga de Laredo, Brownsville o McAllen. Muchos mexicanos salvaban el ingreso trayendo mercanc\u00eda de contrabando v\u00eda carretera o ferrocarril. Incluso las tiendas de la frontera de Estados Unidos con M\u00e9xico ofrec\u00edan el \u201cservicio\u201d del transporte de \u201centrega\u201d en la ciudad donde el comprador quisiera.<\/p>\n\n\n\n<p>Quienes usaban el transporte p\u00fablico com\u00fan abordaban con sus maletas, cajas, paquetes, etc\u00e9tera, de mercanc\u00eda no legal y las sub\u00edan al autob\u00fas con rumbo a la Ciudad de M\u00e9xico pasando por San Luis Potos\u00ed, Ciudad&nbsp;Victoria, Tampico y otras.<\/p>\n\n\n\n<p>A bordo, alguno de los pasajeros se encargaba de recolectar el dinero que servir\u00eda para pasar sin inspecci\u00f3n con las mercanc\u00edas.<\/p>\n\n\n\n<p>Se dec\u00eda entonces al momento de pedir el dinero \u201ces para la garita\u201d. El funcionario de aduanas sub\u00eda, ve\u00eda a cada pasajero, met\u00eda la mano en alguna bolsa, sacaba algo y se lo llevaba, al bajar, el chofer o el pasajero comisionado le entregaba el dinero, a veces el corrupto funcionario regresaba lo que hab\u00eda tomado.<\/p>\n\n\n\n<p>Y as\u00ed funcionaba, hab\u00eda garitas a 25 kil\u00f3metros de la frontera, a la entrada de Monterrey o de San Luis Potos\u00ed, en Matehuala, y en \u00e9pocas de Navidad hasta en Quer\u00e9taro.<\/p>\n\n\n\n<p>Esas historias fueron hace 5 o 6 d\u00e9cadas. Luego se modernizaron con el uso de aviones, privados o comerciales, el arreglo con los agentes de aduanas, polic\u00edas o funcionarios de los aeropuertos hac\u00eda posible que las mercanc\u00edas ilegales entraran al pa\u00eds y todos se hac\u00edan de la vista gorda, por que hab\u00eda una peque\u00f1a o jugosa \u201cmordida\u201d de por medio.<\/p>\n\n\n\n<p>Pero eso era en tiempo de los neoliberales, del antiguo r\u00e9gimen, donde reinaba la corrupci\u00f3n.<\/p>\n\n\n\n<p>Ahora, dice el Presidente \u201dno somos iguales\u201d, pero la realidad nos est\u00e1 demostrando lo contrario, la corrupci\u00f3n sigue, la corrupci\u00f3n est\u00e1 vigente, quiz\u00e1 m\u00e1s cara que antes, pues los encargados de las tres casetas en San Crist\u00f3bal de las Casas y Chiapa de Corzo se hicieron de la vista gorda, y los dem\u00e1s, camino a las bodegas de Puebla, tambi\u00e9n.<\/p>\n\n\n\n<p>El gobierno federal ha revelado que entre enero y octubre de este a\u00f1o han sido detenidos 228 mil migrantes, un 64% m\u00e1s que el a\u00f1o anterior.<\/p>\n\n\n\n<p>Quiz\u00e1 por eso hoy, los migrantes tienen que pagar 13 mil d\u00f3lares, o sea, lo \u00fanico que han logrado las detenciones es subir el precio de las \u201cmordidas\u201d, como suced\u00eda en el viejo r\u00e9gimen en tiempos de navidad o al final del sexenio. O sea, todo sigue igual.<\/p>\n\n\n\n<p>O por lo menos, as\u00ed me lo parece.<\/p>\n\n\n\n<p><a href=\"mailto:losperiodistas.com.mx@gmail.com\">losperiodistas.com.mx@gmail.com<\/a><\/p>\n","protected":false},"excerpt":{"rendered":"<p>Por Jes\u00fas Manuel Hern\u00e1ndez La tragedia de los migrantes de Centroam\u00e9rica a su paso por tierras mexicanas, se llev\u00f3 varios [&hellip;]<\/p>\n","protected":false},"author":1,"featured_media":17481,"comment_status":"open","ping_status":"open","sticky":false,"template":"","format":"standard","meta":{"site-sidebar-layout":"default","site-content-layout":"","ast-site-content-layout":"default","site-content-style":"default","site-sidebar-style":"default","ast-global-header-display":"","ast-banner-title-visibility":"","ast-main-header-display":"","ast-hfb-above-header-display":"","ast-hfb-below-header-display":"","ast-hfb-mobile-header-display":"","site-post-title":"","ast-breadcrumbs-content":"","ast-featured-img":"","footer-sml-layout":"","theme-transparent-header-meta":"","adv-header-id-meta":"","stick-header-meta":"","header-above-stick-meta":"","header-main-stick-meta":"","header-below-stick-meta":"","astra-migrate-meta-layouts":"default","ast-page-background-enabled":"default","ast-page-background-meta":{"desktop":{"background-color":"var(--ast-global-color-4)","background-image":"","background-repeat":"repeat","background-position":"center center","background-size":"auto","background-attachment":"scroll","background-type":"","background-media":"","overlay-type":"","overlay-color":"","overlay-opacity":"","overlay-gradient":""},"tablet":{"background-color":"","background-image":"","background-repeat":"repeat","background-position":"center center","background-size":"auto","background-attachment":"scroll","background-type":"","background-media":"","overlay-type":"","overlay-color":"","overlay-opacity":"","overlay-gradient":""},"mobile":{"background-color":"","background-image":"","background-repeat":"repeat","background-position":"center center","background-size":"auto","background-attachment":"scroll","background-type":"","background-media":"","overlay-type":"","overlay-color":"","overlay-opacity":"","overlay-gradient":""}},"ast-content-background-meta":{"desktop":{"background-color":"var(--ast-global-color-5)","background-image":"","background-repeat":"repeat","background-position":"center center","background-size":"auto","background-attachment":"scroll","background-type":"","background-media":"","overlay-type":"","overlay-color":"","overlay-opacity":"","overlay-gradient":""},"tablet":{"background-color":"var(--ast-global-color-5)","background-image":"","background-repeat":"repeat","background-position":"center center","background-size":"auto","background-attachment":"scroll","background-type":"","background-media":"","overlay-type":"","overlay-color":"","overlay-opacity":"","overlay-gradient":""},"mobile":{"background-color":"var(--ast-global-color-5)","background-image":"","background-repeat":"repeat","background-position":"center center","background-size":"auto","background-attachment":"scroll","background-type":"","background-media":"","overlay-type":"","overlay-color":"","overlay-opacity":"","overlay-gradient":""}},"footnotes":""},"categories":[8,5],"tags":[2671,6087,2127,3965],"class_list":["post-17480","post","type-post","status-publish","format-standard","has-post-thumbnail","hentry","category-noticias","category-por-soleares","tag-chiapas","tag-corrupcion-polleros","tag-guardia-nacional","tag-inm"],"_links":{"self":[{"href":"https:\/\/losperiodistas.com.mx\/portal\/wp-json\/wp\/v2\/posts\/17480","targetHints":{"allow":["GET"]}}],"collection":[{"href":"https:\/\/losperiodistas.com.mx\/portal\/wp-json\/wp\/v2\/posts"}],"about":[{"href":"https:\/\/losperiodistas.com.mx\/portal\/wp-json\/wp\/v2\/types\/post"}],"author":[{"embeddable":true,"href":"https:\/\/losperiodistas.com.mx\/portal\/wp-json\/wp\/v2\/users\/1"}],"replies":[{"embeddable":true,"href":"https:\/\/losperiodistas.com.mx\/portal\/wp-json\/wp\/v2\/comments?post=17480"}],"version-history":[{"count":1,"href":"https:\/\/losperiodistas.com.mx\/portal\/wp-json\/wp\/v2\/posts\/17480\/revisions"}],"predecessor-version":[{"id":17482,"href":"https:\/\/losperiodistas.com.mx\/portal\/wp-json\/wp\/v2\/posts\/17480\/revisions\/17482"}],"wp:featuredmedia":[{"embeddable":true,"href":"https:\/\/losperiodistas.com.mx\/portal\/wp-json\/wp\/v2\/media\/17481"}],"wp:attachment":[{"href":"https:\/\/losperiodistas.com.mx\/portal\/wp-json\/wp\/v2\/media?parent=17480"}],"wp:term":[{"taxonomy":"category","embeddable":true,"href":"https:\/\/losperiodistas.com.mx\/portal\/wp-json\/wp\/v2\/categories?post=17480"},{"taxonomy":"post_tag","embeddable":true,"href":"https:\/\/losperiodistas.com.mx\/portal\/wp-json\/wp\/v2\/tags?post=17480"}],"curies":[{"name":"wp","href":"https:\/\/api.w.org\/{rel}","templated":true}]}}