{"id":171,"date":"2017-05-07T07:35:05","date_gmt":"2017-05-07T12:35:05","guid":{"rendered":"http:\/\/losperiodistas.com.mx\/portal\/?p=171"},"modified":"2017-05-07T08:16:45","modified_gmt":"2017-05-07T13:16:45","slug":"un-ciberataque-contra-macron-enrarece-las-cruciales-elecciones-de-francia","status":"publish","type":"post","link":"https:\/\/losperiodistas.com.mx\/portal\/un-ciberataque-contra-macron-enrarece-las-cruciales-elecciones-de-francia\/","title":{"rendered":"Un ciberataque contra Macron enrarece las cruciales elecciones de Francia"},"content":{"rendered":"<p><strong>MARC BASSETS\/ Par\u00eds<br \/>\nEL PA\u00cdS<\/strong><\/p>\n<p>Es el colof\u00f3n a una campa\u00f1a at\u00edpica, llena de esc\u00e1ndalos y giros inesperados, una elecci\u00f3n genuinamente francesa y al mismo tiempo global, una especie de reedici\u00f3n del choque del Brexit y Donald Trump. La publicaci\u00f3n de correos electr\u00f3nicos robados de En Marche!, el partido del candidato centrista Emmanuel Macron, enrarece la votaci\u00f3n del domingo en la que Macron se disputa la presidencia de Francia con Marine Pen, l\u00edder del partido ultra Frente Nacional. Macron es el favorito. La operaci\u00f3n es similar a la que golpe\u00f3 a la candidata dem\u00f3crata Hillary Clinton en las elecciones estadounidenses de noviembre y pudo contribuir a la victoria del republicano Trump. Como en EE UU, los franceses eligen entre dos programas antag\u00f3nicos, que conducen a Francia, y sus socios europeos, por sendas opuestas.<\/p>\n<p>Si era necesario recordar que las elecciones francesas son globales, y que la que el 7 de mayo se juega en Francia tendr\u00e1 ecos m\u00e1s all\u00e1 de sus fronteras, ah\u00ed est\u00e1 la \u201cacci\u00f3n de pirateo masiva y coordinada\u201d que el viernes por la noche denunci\u00f3 En Marche! Poco antes, hab\u00edan empezado a difundirse en foros de internet y en las redes sociales informaciones internas del partido en forma de correos electr\u00f3nicos, contratos y documentos contables.<\/p>\n<p>Durante todos los meses de larga campa\u00f1a Francia hab\u00eda temido una operaci\u00f3n de este tipo. Como Clinton, Macron aboga por mantener la pol\u00edtica exterior vigorosa ante la Rusia de Vlad\u00edmir Putin. Como Trump \u2014o como m\u00ednimo, el Trump de la campa\u00f1a\u2014, Le Pen se declara cercana a Putin y aboga por un giro en la pol\u00edtica exterior francesa para acomodar los intereses rusos.<\/p>\n<p>No hay prueba sobre la autor\u00eda el ciberataque que llev\u00f3 a la difusi\u00f3n masiva de documentos a menos de 48 horas de las elecciones, pero tampoco es la primera agresi\u00f3n que sufre En Marche! Algunos expertos han apuntado a grupos rusos \u2014los mismos que el a\u00f1o pasado robaron y difundieron correos de la campa\u00f1a de Clinton\u2014 como responsables de la acci\u00f3n.<\/p>\n<p>En Marche! aseguraba que estos ataques hab\u00edan sido infructuosos, que las medidas preventivas hab\u00edan sido efectivas. Hasta ahora. El ciberataque que denuncia el partido de Macron, ocurrido unas semanas antes, permiti\u00f3 a los piratas hacerse con correos privados y profesionales de militantes y dirigentes de la campa\u00f1a. Algunos documentos publicados son falsos \u00abpara sembrar la duda y la desinformaci\u00f3n\u201d, seg\u00fan un comunicado, que habla de \u201cuna desestabilizaci\u00f3n democr\u00e1tica, como se vio en Estados Unidos durante la \u00faltima campa\u00f1a presidencial\u201d. El presidente Fran\u00e7ois Hollande prometi\u00f3 que el ataque no quedar\u00eda sin respuesta.<\/p>\n<p>Que los documentos se publicasen unos minutos antes del final oficial de la campa\u00f1a y del inicio del silencio impuesto por la jornada de reflexi\u00f3n a\u00f1ade confusi\u00f3n. Impide a los candidatos reaccionar \u2014aunque algunos de sus colaboradores lo hicieron\u2014 pero limita el impacto en el resultado. No hay tiempo material para examinar la veracidad de los archivos ni el valor informativo.<\/p>\n<p>\u00abNo creo en lo m\u00e1s m\u00ednimo que este hecho [el llamado Macronleaks] tenga un impacto\u00bb, dijo el s\u00e1bado Fr\u00e9d\u00e9ric Dabi, del instituto de sondeos Ifop. \u201cSea lo que sea lo que [Macron] haya hecho, o lo que hayan escondido, no es a 24 horas de las elecciones que van a cambiar nada\u201d, dijo a un grupo de corresponsales Jean Messiha, coordinador de la campa\u00f1a de Le Pen.<\/p>\n<p>La Comisi\u00f3n Nacional de Control de la Campa\u00f1a Electoral en Francia avis\u00f3 de las posibles consecuencias penales por difundir datos robados fraudulentos. Los medios de comunicaci\u00f3n franceses dieron una cobertura modesta de la operaci\u00f3n, lo que dificulta su repercusi\u00f3n en la decisi\u00f3n de los electores.<\/p>\n<p>El efecto puede ser otro. Primero, sembrar dudas sobre la honestidad de Macron si sale elegido presidente. Y segundo, embarrar la campa\u00f1a para las elecciones legislativas de junio, en las que el nuevo jefe de Estado buscar\u00e1 una mayor\u00eda para gobernar.<\/p>\n<p>Macron y Le Pen se clasificaron para la segunda vuelta tras ser los candidatos m\u00e1s votados en la primera, el 23 de abril. Los sondeos para la segunda vuelta son tajantes. Todos, un\u00e1nimemente, prev\u00e9n una victoria rotunda de Macron sobre Le Pen. La ventaja var\u00eda entre los 18 y los 26 puntos porcentuales, fuera de cualquier margen de error. En privado, responsables del Frente Nacional de Le Pen admiten que la victoria es casi imposible y que lo decisivo es saber si su candidata podr\u00e1 alcanzar la barra del 40% de votos. En 2002, su padre, Jean-Marie Le Pen, logr\u00f3 un 18% de votos.<\/p>\n<p>La elecci\u00f3n se plantea como un refer\u00e9ndum m\u00faltiple. Es un refer\u00e9ndum sobre Europa y el euro, una segunda vuelta de refer\u00e9ndum sobre la Constituci\u00f3n europea de 2005, que gan\u00f3 el no. Le Pen propone en su programa una salida de la UE y del euro para regresar al franco, posici\u00f3n que suaviz\u00f3 en el tramo final de la campa\u00f1a. Macron promueve una mayor integraci\u00f3n europea a partir de un relanzamiento de la alianza franco-alem\u00e1n, que fue el motor de la construcci\u00f3n comunitaria desde su fundaci\u00f3n tras la Segunda Guerra Mundial. Los franceses tendr\u00e1n hoy dos opciones muy contrastadas: UE y euro, s\u00ed o no.<\/p>\n<p>Pero no es tan sencillo. A este refer\u00e9ndum se superpone otro: Frente Nacional, s\u00ed o no. El Frente Nacional, pese al proceso de desdemonizaci\u00f3n de los \u00faltimos a\u00f1os bajo el liderazgo de Marine Le Pen, sigue siendo un partido paria para muchos franceses, de izquierdas y derechas. Su nombre \u2014el del partido y el de la propia Le Pen\u2014 arrastra el estigma de las tradiciones m\u00e1s tenebrosas de la derecha europea del siglo XX. Habr\u00e1 euroesc\u00e9pticos que votar\u00edan a un candidato contrario a la UE pero nunca a Le Pen, por todo lo que conlleva su propuesta.<\/p>\n<p>Pocas veces las opciones son tan n\u00edtidas, tan distintas. En econom\u00eda, un partidario de una socialdemocracia con acentos liberales, al estilo de la tercera v\u00eda de Tony Blair o Gerhard Schr\u00f6der, frente a una defensora del intervencionismo econ\u00f3mico del estado, la reducci\u00f3n de la edad de jubilaci\u00f3n y dejar intacto el estado del bienestar. En inmigraci\u00f3n, la defensa de una Francia cerrada a la inmigraci\u00f3n y el cierre de fronteras frente a la Francia diversa y abierta al mundo. El nacionalismo frente al patriotismo, en palabras de Macron. O, seg\u00fan la terminolog\u00eda de Le Pen, el soberanismo frente al globalismo.<\/p>\n<p>Uno de los dos gobernar\u00e1 Francia \u2014sexta econom\u00eda del mundo, potencia nuclear, miembro del Consejo de Seguridad de la ONU\u2014 en los pr\u00f3ximos cinco a\u00f1os. Si algo tiene en com\u00fan, es que han hecho saltar por los aires el viejo bipartidismo franc\u00e9s. Por primera vez en la V Rep\u00fablica, este domingo los franceses no tendr\u00e1n en las papeletas a ninguno de los dos grandes partidos \u2014el centroizquierda socialista y la derecha de tradici\u00f3n gaullista\u2014 hasta ahora hegem\u00f3nicos.<\/p>\n<p>Macron y Le Pen son candidatos con partidos d\u00e9biles, construidos a su medida. Ambos confirman la idea que el general De Gaulle, refundador de la Francia moderna, se hac\u00eda de la elecci\u00f3n presidencial: \u201cEl encuentro entre un hombre y un pueblo\u201d. La liturgia \u2014pese a los hackers, pese a las redes sociales, pese a la globalizaci\u00f3n\u2014 no ha variado. Francia, cara a cara consigo misma, y ante el mundo.<\/p>\n<p>Fuente: http:\/\/internacional.elpais.com\/internacional\/2017\/05\/06\/actualidad\/1494098848_549266.html<\/p>\n","protected":false},"excerpt":{"rendered":"<p>MARC BASSETS\/ Par\u00eds EL PA\u00cdS Es el colof\u00f3n a una campa\u00f1a at\u00edpica, llena de esc\u00e1ndalos y giros inesperados, una elecci\u00f3n [&hellip;]<\/p>\n","protected":false},"author":1,"featured_media":172,"comment_status":"open","ping_status":"open","sticky":false,"template":"","format":"standard","meta":{"site-sidebar-layout":"default","site-content-layout":"","ast-site-content-layout":"default","site-content-style":"default","site-sidebar-style":"default","ast-global-header-display":"","ast-banner-title-visibility":"","ast-main-header-display":"","ast-hfb-above-header-display":"","ast-hfb-below-header-display":"","ast-hfb-mobile-header-display":"","site-post-title":"","ast-breadcrumbs-content":"","ast-featured-img":"","footer-sml-layout":"","theme-transparent-header-meta":"","adv-header-id-meta":"","stick-header-meta":"","header-above-stick-meta":"","header-main-stick-meta":"","header-below-stick-meta":"","astra-migrate-meta-layouts":"default","ast-page-background-enabled":"default","ast-page-background-meta":{"desktop":{"background-color":"var(--ast-global-color-4)","background-image":"","background-repeat":"repeat","background-position":"center center","background-size":"auto","background-attachment":"scroll","background-type":"","background-media":"","overlay-type":"","overlay-color":"","overlay-opacity":"","overlay-gradient":""},"tablet":{"background-color":"","background-image":"","background-repeat":"repeat","background-position":"center center","background-size":"auto","background-attachment":"scroll","background-type":"","background-media":"","overlay-type":"","overlay-color":"","overlay-opacity":"","overlay-gradient":""},"mobile":{"background-color":"","background-image":"","background-repeat":"repeat","background-position":"center center","background-size":"auto","background-attachment":"scroll","background-type":"","background-media":"","overlay-type":"","overlay-color":"","overlay-opacity":"","overlay-gradient":""}},"ast-content-background-meta":{"desktop":{"background-color":"var(--ast-global-color-5)","background-image":"","background-repeat":"repeat","background-position":"center center","background-size":"auto","background-attachment":"scroll","background-type":"","background-media":"","overlay-type":"","overlay-color":"","overlay-opacity":"","overlay-gradient":""},"tablet":{"background-color":"var(--ast-global-color-5)","background-image":"","background-repeat":"repeat","background-position":"center center","background-size":"auto","background-attachment":"scroll","background-type":"","background-media":"","overlay-type":"","overlay-color":"","overlay-opacity":"","overlay-gradient":""},"mobile":{"background-color":"var(--ast-global-color-5)","background-image":"","background-repeat":"repeat","background-position":"center center","background-size":"auto","background-attachment":"scroll","background-type":"","background-media":"","overlay-type":"","overlay-color":"","overlay-opacity":"","overlay-gradient":""}},"footnotes":""},"categories":[8],"tags":[],"class_list":["post-171","post","type-post","status-publish","format-standard","has-post-thumbnail","hentry","category-noticias"],"_links":{"self":[{"href":"https:\/\/losperiodistas.com.mx\/portal\/wp-json\/wp\/v2\/posts\/171","targetHints":{"allow":["GET"]}}],"collection":[{"href":"https:\/\/losperiodistas.com.mx\/portal\/wp-json\/wp\/v2\/posts"}],"about":[{"href":"https:\/\/losperiodistas.com.mx\/portal\/wp-json\/wp\/v2\/types\/post"}],"author":[{"embeddable":true,"href":"https:\/\/losperiodistas.com.mx\/portal\/wp-json\/wp\/v2\/users\/1"}],"replies":[{"embeddable":true,"href":"https:\/\/losperiodistas.com.mx\/portal\/wp-json\/wp\/v2\/comments?post=171"}],"version-history":[{"count":1,"href":"https:\/\/losperiodistas.com.mx\/portal\/wp-json\/wp\/v2\/posts\/171\/revisions"}],"predecessor-version":[{"id":173,"href":"https:\/\/losperiodistas.com.mx\/portal\/wp-json\/wp\/v2\/posts\/171\/revisions\/173"}],"wp:featuredmedia":[{"embeddable":true,"href":"https:\/\/losperiodistas.com.mx\/portal\/wp-json\/wp\/v2\/media\/172"}],"wp:attachment":[{"href":"https:\/\/losperiodistas.com.mx\/portal\/wp-json\/wp\/v2\/media?parent=171"}],"wp:term":[{"taxonomy":"category","embeddable":true,"href":"https:\/\/losperiodistas.com.mx\/portal\/wp-json\/wp\/v2\/categories?post=171"},{"taxonomy":"post_tag","embeddable":true,"href":"https:\/\/losperiodistas.com.mx\/portal\/wp-json\/wp\/v2\/tags?post=171"}],"curies":[{"name":"wp","href":"https:\/\/api.w.org\/{rel}","templated":true}]}}