{"id":17064,"date":"2021-12-06T06:16:38","date_gmt":"2021-12-06T12:16:38","guid":{"rendered":"http:\/\/losperiodistas.com.mx\/portal\/?p=17064"},"modified":"2021-12-06T06:16:39","modified_gmt":"2021-12-06T12:16:39","slug":"se-acerca-pan-a-amlo-y-le-estalla-a-marko-el-panismo-tradicional-el-financiero","status":"publish","type":"post","link":"https:\/\/losperiodistas.com.mx\/portal\/se-acerca-pan-a-amlo-y-le-estalla-a-marko-el-panismo-tradicional-el-financiero\/","title":{"rendered":"Se acerca PAN a AMLO y le estalla a Marko el panismo tradicional | El Financiero"},"content":{"rendered":"\n<p style=\"font-size:18px\"><em>Exgobernadores, exlegisladores y legisladores expresaron su malestar y descontento con la conducci\u00f3n del partido.<\/em><\/p>\n\n\n\n<p><\/p>\n\n\n\n<figure class=\"wp-block-image size-large\"><img fetchpriority=\"high\" decoding=\"async\" width=\"1024\" height=\"561\" src=\"https:\/\/losperiodistas.com.mx\/portal\/wp-content\/uploads\/2021\/12\/Captura-de-Pantalla-2021-12-06-a-las-6.12.45-1024x561.jpg\" alt=\"\" class=\"wp-image-17065\" srcset=\"https:\/\/losperiodistas.com.mx\/portal\/wp-content\/uploads\/2021\/12\/Captura-de-Pantalla-2021-12-06-a-las-6.12.45-1024x561.jpg 1024w, https:\/\/losperiodistas.com.mx\/portal\/wp-content\/uploads\/2021\/12\/Captura-de-Pantalla-2021-12-06-a-las-6.12.45-300x164.jpg 300w, https:\/\/losperiodistas.com.mx\/portal\/wp-content\/uploads\/2021\/12\/Captura-de-Pantalla-2021-12-06-a-las-6.12.45-768x421.jpg 768w, https:\/\/losperiodistas.com.mx\/portal\/wp-content\/uploads\/2021\/12\/Captura-de-Pantalla-2021-12-06-a-las-6.12.45-1536x841.jpg 1536w, https:\/\/losperiodistas.com.mx\/portal\/wp-content\/uploads\/2021\/12\/Captura-de-Pantalla-2021-12-06-a-las-6.12.45.jpg 1830w\" sizes=\"(max-width: 1024px) 100vw, 1024px\" \/><figcaption><strong>PAN\u00a0<\/strong>Sesi\u00f3n del Consejo Nacional del PAN\u00a0(Especial)<\/figcaption><\/figure>\n\n\n\n<p><\/p>\n\n\n\n<p class=\"has-vivid-cyan-blue-color has-text-color has-medium-font-size\">V\u00cdCTOR CH\u00c1VEZ \/ EL FINANCIERO<\/p>\n\n\n\n<p>A s\u00f3lo unas horas del primer acercamiento de la dirigencia nacional del PAN con Palacio Nacional, a su presidente, Marko Cort\u00e9s, le estall\u00f3 el panismo tradicional y conservador.<\/p>\n\n\n\n<p>Cinco exgobernadores de la \u201cprimera generaci\u00f3n\u201d de mandatarios de Acci\u00f3n Nacional, exsenadores, actuales diputados y exdiputados federales y locales, exalcaldes, entre otros, expresaron su malestar y descontento con la conducci\u00f3n del partido.<\/p>\n\n\n\n<p>\u201cTenemos diferencias respecto a la dirigencia del partido, pero mantenemos el di\u00e1logo y la propuesta. El PAN es un partido democr\u00e1tico y, como tal, en el partido se debate, se piensa diferente y esto no debe de inquietar a nadie\u201d, aclar\u00f3 Marco Antonio Adame, exgobernador de Morelos y exdiputado federal.<\/p>\n\n\n\n<p>El actual diputado federal y exgobernador de Guanajuato, Juan Carlos Romero Hicks, precis\u00f3 que \u201clo que se busca es darle rumbo al partido, quitar el control interno de las tentaciones en el manejo, un cambio de manera institucional\u201d, que haya \u201celecciones primarias\u201d para elegir a dirigentes y candidatos a trav\u00e9s de reformas a los estatutos, al programa de acci\u00f3n pol\u00edtica, lograr una \u201cdemocracia interna\u201d y un \u201cacercamiento con la ciudadan\u00eda\u201d, propuestas que llevar\u00e1n al partido.<\/p>\n\n\n\n<p>A la dirigencia nacional del PAN \u201cle queremos extender la mano y abrir el coraz\u00f3n\u201d, subray\u00f3, al convocar en la C\u00e1mara de Diputados \u2013\u201dpor ser la casa del pueblo\u201d, dijo\u2013 a lo que llam\u00f3 \u201cla primera generaci\u00f3n de los exgobernadores del PAN: Carlos Medina Plascencia, de Guanajuato; Marco Antonio Adame, de Morelos; Fernando Canales, de Nuevo Le\u00f3n; Marcelo de los Santos, de San Luis Potos\u00ed, y \u00e9l mismo como exgobernador de Guanajuato, y a exlegisladores federales.<\/p>\n\n\n\n<p>Fernando Canales advirti\u00f3: \u201cEl PAN va mal, hay que trabajar al interior para mejorarlo, para rescatar los valores fundacionales, para hacer a la instituci\u00f3n una escuela de ciudadanos, hacer un partido que aspire al bien com\u00fan, en un \u00e1mbito de libertad, de honestidad y de respeto para todos\u201d.<\/p>\n\n\n\n<p>Medina Plascencia expuso que se requiere \u201cuna reforma de estatutos\u201d, un \u201cnuevo programa de acci\u00f3n pol\u00edtica\u201d, un \u201cobservatorio ciudadano para dar seguimiento al desempe\u00f1o de nuestros legisladores y nuestras autoridades locales, tanto municipales como estatales, elecciones primarias abiertas simult\u00e1neas obligatorias\u201d y que haya \u201ctransparencia interna\u201d.<\/p>\n\n\n\n<p>El exsenador, exdiputado federal y excandidato panista al gobierno de Coahuila, Juan Antonio Garc\u00eda, demand\u00f3 \u201cun partido abierto y sin opacidades\u201d, sin \u201cabusos e imposiciones en los procesos internos para la elecci\u00f3n de los dirigentes y candidatos a cargos de elecci\u00f3n popular\u201d.<\/p>\n\n\n\n<p>Urge \u201ctransparencia y flexibilidad en el proceso de afiliaciones, un padr\u00f3n ver\u00eddico, que no sea la reserva de falsos panistas, porque en casi todos los estados hay uno o dos individuos que controlan el ingreso al partido\u201d y las candidaturas.<\/p>\n\n\n\n<p>La exdiputada federal Esther Quintana reproch\u00f3 que \u201cmi partido tendr\u00e1 que empezar por pedir disculpas por lo que ha hecho mal, ser\u00e1 un gesto de humildad; se ha convertido en un amasijo de porquer\u00eda, en un amasijo de intereses, de servilismo, de simulaciones. Le viene faltando humildad y nos va sobrando arrogancia\u201d.<\/p>\n\n\n\n<p>\u201cEn el PAN se est\u00e1 mal usando la pol\u00edtica, se est\u00e1n formando verdaderas mafias hacia el interior, va cualquiera como candidato y eso no se vale. Ha llegado cada sinverg\u00fcenza a mi partido y se ha quedado cruzado de manos y no ha hecho absolutamente nada\u201d, acus\u00f3.<\/p>\n\n\n\n<p>Tambi\u00e9n asistieron los exdiputados federales Gerardo Priego, de Tabasco; Juan Alc\u00e1ntara, de Guanajuato; Jos\u00e9 Espina y Aminadab P\u00e9rez, de la Ciudad de M\u00e9xico; Fernando Castellanos, de Yucat\u00e1n; Carlos Angulo, de Chihuahua; Jeffrey Jones, de Chihuahua, entre otros.<\/p>\n\n\n\n<p>Fuente: https:\/\/www.elfinanciero.com.mx\/nacional\/2021\/12\/06\/se-acerca-pan-a-amlo-y-le-estalla-a-marko-el-panismo-tradicional\/<\/p>\n","protected":false},"excerpt":{"rendered":"<p>Exgobernadores, exlegisladores y legisladores expresaron su malestar y descontento con la conducci\u00f3n del partido. V\u00cdCTOR CH\u00c1VEZ \/ EL FINANCIERO A [&hellip;]<\/p>\n","protected":false},"author":1,"featured_media":17065,"comment_status":"open","ping_status":"open","sticky":false,"template":"","format":"standard","meta":{"site-sidebar-layout":"default","site-content-layout":"","ast-site-content-layout":"default","site-content-style":"default","site-sidebar-style":"default","ast-global-header-display":"","ast-banner-title-visibility":"","ast-main-header-display":"","ast-hfb-above-header-display":"","ast-hfb-below-header-display":"","ast-hfb-mobile-header-display":"","site-post-title":"","ast-breadcrumbs-content":"","ast-featured-img":"","footer-sml-layout":"","theme-transparent-header-meta":"","adv-header-id-meta":"","stick-header-meta":"","header-above-stick-meta":"","header-main-stick-meta":"","header-below-stick-meta":"","astra-migrate-meta-layouts":"default","ast-page-background-enabled":"default","ast-page-background-meta":{"desktop":{"background-color":"var(--ast-global-color-4)","background-image":"","background-repeat":"repeat","background-position":"center center","background-size":"auto","background-attachment":"scroll","background-type":"","background-media":"","overlay-type":"","overlay-color":"","overlay-opacity":"","overlay-gradient":""},"tablet":{"background-color":"","background-image":"","background-repeat":"repeat","background-position":"center center","background-size":"auto","background-attachment":"scroll","background-type":"","background-media":"","overlay-type":"","overlay-color":"","overlay-opacity":"","overlay-gradient":""},"mobile":{"background-color":"","background-image":"","background-repeat":"repeat","background-position":"center center","background-size":"auto","background-attachment":"scroll","background-type":"","background-media":"","overlay-type":"","overlay-color":"","overlay-opacity":"","overlay-gradient":""}},"ast-content-background-meta":{"desktop":{"background-color":"var(--ast-global-color-5)","background-image":"","background-repeat":"repeat","background-position":"center center","background-size":"auto","background-attachment":"scroll","background-type":"","background-media":"","overlay-type":"","overlay-color":"","overlay-opacity":"","overlay-gradient":""},"tablet":{"background-color":"var(--ast-global-color-5)","background-image":"","background-repeat":"repeat","background-position":"center center","background-size":"auto","background-attachment":"scroll","background-type":"","background-media":"","overlay-type":"","overlay-color":"","overlay-opacity":"","overlay-gradient":""},"mobile":{"background-color":"var(--ast-global-color-5)","background-image":"","background-repeat":"repeat","background-position":"center center","background-size":"auto","background-attachment":"scroll","background-type":"","background-media":"","overlay-type":"","overlay-color":"","overlay-opacity":"","overlay-gradient":""}},"footnotes":""},"categories":[8],"tags":[5913,5915,5912,5914,2089,5911],"class_list":["post-17064","post","type-post","status-publish","format-standard","has-post-thumbnail","hentry","category-noticias","tag-carlos-medina-plascencia","tag-fernando-canales","tag-juan-carlos-romero-hicks","tag-marco-antonio-adame","tag-marko-cortes","tag-pan-amlo"],"_links":{"self":[{"href":"https:\/\/losperiodistas.com.mx\/portal\/wp-json\/wp\/v2\/posts\/17064","targetHints":{"allow":["GET"]}}],"collection":[{"href":"https:\/\/losperiodistas.com.mx\/portal\/wp-json\/wp\/v2\/posts"}],"about":[{"href":"https:\/\/losperiodistas.com.mx\/portal\/wp-json\/wp\/v2\/types\/post"}],"author":[{"embeddable":true,"href":"https:\/\/losperiodistas.com.mx\/portal\/wp-json\/wp\/v2\/users\/1"}],"replies":[{"embeddable":true,"href":"https:\/\/losperiodistas.com.mx\/portal\/wp-json\/wp\/v2\/comments?post=17064"}],"version-history":[{"count":1,"href":"https:\/\/losperiodistas.com.mx\/portal\/wp-json\/wp\/v2\/posts\/17064\/revisions"}],"predecessor-version":[{"id":17066,"href":"https:\/\/losperiodistas.com.mx\/portal\/wp-json\/wp\/v2\/posts\/17064\/revisions\/17066"}],"wp:featuredmedia":[{"embeddable":true,"href":"https:\/\/losperiodistas.com.mx\/portal\/wp-json\/wp\/v2\/media\/17065"}],"wp:attachment":[{"href":"https:\/\/losperiodistas.com.mx\/portal\/wp-json\/wp\/v2\/media?parent=17064"}],"wp:term":[{"taxonomy":"category","embeddable":true,"href":"https:\/\/losperiodistas.com.mx\/portal\/wp-json\/wp\/v2\/categories?post=17064"},{"taxonomy":"post_tag","embeddable":true,"href":"https:\/\/losperiodistas.com.mx\/portal\/wp-json\/wp\/v2\/tags?post=17064"}],"curies":[{"name":"wp","href":"https:\/\/api.w.org\/{rel}","templated":true}]}}