{"id":16533,"date":"2021-11-28T08:23:32","date_gmt":"2021-11-28T14:23:32","guid":{"rendered":"http:\/\/losperiodistas.com.mx\/portal\/?p=16533"},"modified":"2021-11-28T08:23:33","modified_gmt":"2021-11-28T14:23:33","slug":"josephine-baker-la-extraordinaria-vida-de-la-bailarina-y-espia-que-francia-honrara-en-el-panteon-de-paris-bbc","status":"publish","type":"post","link":"https:\/\/losperiodistas.com.mx\/portal\/josephine-baker-la-extraordinaria-vida-de-la-bailarina-y-espia-que-francia-honrara-en-el-panteon-de-paris-bbc\/","title":{"rendered":"Josephine Baker: la extraordinaria vida de la bailarina y esp\u00eda que Francia honrar\u00e1 en el Pante\u00f3n de Par\u00eds | BBC"},"content":{"rendered":"\n<p><\/p>\n\n\n\n<figure class=\"wp-block-image size-large\"><img fetchpriority=\"high\" decoding=\"async\" width=\"1024\" height=\"573\" src=\"https:\/\/losperiodistas.com.mx\/portal\/wp-content\/uploads\/2021\/11\/Captura-de-Pantalla-2021-11-28-a-las-8.19.58-1024x573.jpg\" alt=\"\" class=\"wp-image-16534\" srcset=\"https:\/\/losperiodistas.com.mx\/portal\/wp-content\/uploads\/2021\/11\/Captura-de-Pantalla-2021-11-28-a-las-8.19.58-1024x573.jpg 1024w, https:\/\/losperiodistas.com.mx\/portal\/wp-content\/uploads\/2021\/11\/Captura-de-Pantalla-2021-11-28-a-las-8.19.58-300x168.jpg 300w, https:\/\/losperiodistas.com.mx\/portal\/wp-content\/uploads\/2021\/11\/Captura-de-Pantalla-2021-11-28-a-las-8.19.58-768x430.jpg 768w, https:\/\/losperiodistas.com.mx\/portal\/wp-content\/uploads\/2021\/11\/Captura-de-Pantalla-2021-11-28-a-las-8.19.58.jpg 1294w\" sizes=\"(max-width: 1024px) 100vw, 1024px\" \/><\/figure>\n\n\n\n<p><\/p>\n\n\n\n<p class=\"has-vivid-cyan-blue-color has-text-color has-medium-font-size\">BBC NEWS MUNDO<\/p>\n\n\n\n<p><strong>Este 30 de noviembre, Josephine Baker ser\u00e1 honrada con un memorial y una placa en el Pante\u00f3n de Par\u00eds, donde descansan las m\u00e1ximas glorias de la cultura francesa, desde Voltaire y Victor Hugo, hasta Marie Curie y Jean-Jacques Rousseau.<\/strong><\/p>\n\n\n\n<p>Baker ser\u00e1 la sexta mujer en recibir este honor, y&nbsp;<strong>la \u00fanica negra<\/strong>.<\/p>\n\n\n\n<p>\u00bfC\u00f3mo lleg\u00f3 esta bailarina ex\u00f3tica, originaria de Estados Unidos y famosa por sus provocativos espect\u00e1culos en los que aparec\u00eda pr\u00e1cticamente desnuda, a estar entre los cerca de 80 h\u00e9roes nacionales m\u00e1s respetados de Francia?<\/p>\n\n\n\n<p>Pues Freda Josephine MacDonald -su nombre original- no solo se convirti\u00f3 en uno de los \u00edconos culturales m\u00e1s famosos de la primera mitad del siglo XX.<\/p>\n\n\n\n<p>Adem\u00e1s, esta diva, apodada la \u00abVenus de Bronce\u00bb, se transform\u00f3 en una hero\u00edna de la Segunda Guerra Mundial y luego en una activista por los derechos civiles.<\/p>\n\n\n\n<p>En el camino, Baker&nbsp;<strong>rompi\u00f3 todo tipo de barreras<\/strong>, desde culturales hasta raciales.<\/p>\n\n\n\n<h2 class=\"wp-block-heading\" id=\"De-la-pobreza-al-estrellato\">De la pobreza al estrellato<\/h2>\n\n\n\n<p>Naci\u00f3 en St. Louis, Misuri, el 3 de junio de 1906 y tuvo una infancia muy dura.<\/p>\n\n\n\n<p>Su padre, que tocaba el tambor en bares&nbsp;<em>honky-tonk<\/em>&nbsp;abandon\u00f3 a la familia, y su madre, que era mitad negra y mitad apalache, trabaj\u00f3 como lavandera para poder mantener a sus hijos.<\/p>\n\n\n\n<p>La peque\u00f1a Josephine empez\u00f3 a trabajar a los 8 a\u00f1os y sufri\u00f3 maltrato. Para los 14 a\u00f1os ya se hab\u00eda casado y separado dos veces, y fue su segundo marido de quien obtuvo el apellido Baker.<\/p>\n\n\n\n<p>Durante su adolescencia, fue tan pobre que&nbsp;<strong>viv\u00eda en las calles<\/strong>&nbsp;y depend\u00eda de restos de basura para alimentarse.<\/p>\n\n\n\n<p>Una vez cont\u00f3 que<strong>&nbsp;empez\u00f3 a bailar para mantenerse&nbsp;<\/strong><strong>abrigada<\/strong>&nbsp;en las fr\u00edas calles de St. Louis.<\/p>\n\n\n\n<figure class=\"wp-block-image\"><img decoding=\"async\" src=\"https:\/\/ichef.bbci.co.uk\/news\/640\/cpsprodpb\/AD88\/production\/_121842444_2.jpg\" alt=\"Josephine Baker\"\/><figcaption>Pie de foto,Josephine Baker empez\u00f3 su carrera bailando.<\/figcaption><\/figure>\n\n\n\n<p>Pero su talento y carisma le permitieron unirse a un grupo de vodevil y luego a una compa\u00f1\u00eda de bailarinas, The Dixie Steppers, que en 1919 la llevaron a mudarse a Nueva York.<\/p>\n\n\n\n<p>Fue en la Gran Manzana donde la descubri\u00f3 un reclutador de talentos que buscaba artistas para actuar en un revolucionario espect\u00e1culo de revista, el primero formado&nbsp;<strong>exclusivamente por personas negras<\/strong>, en Par\u00eds.<\/p>\n\n\n\n<p>Con la promesa de recibir US$1.000 al mes, Baker viaj\u00f3 a Francia donde su vida cambiar\u00eda para siempre.<\/p>\n\n\n\n<h2 class=\"wp-block-heading\" id=\"El-baile-de-la-banana\">\u00abEl baile de la banana\u00bb<\/h2>\n\n\n\n<p>El gran salto a la fama lo dio en abril de 1926, cuando, con 19 a\u00f1os, se present\u00f3 en el m\u00edtico Folies Berg\u00e8re.<\/p>\n\n\n\n<p>All\u00ed sorprendi\u00f3 al p\u00fablico con un espect\u00e1culo muy diferente al que sol\u00eda presentar el cabar\u00e9 parisino: el&nbsp;<em>Danse Sauvage<\/em>&nbsp;(\u00abDanza salvaje\u00bb).<\/p>\n\n\n\n<p>Baker, vistiendo solamente perlas, un sost\u00e9n y una falda hecha de bananas incrustadas con piedras brillosas, dej\u00f3 a todos boquiabiertos con su provocativo baile, en el que meneaba las caderas y cruzaba las piernas al estilo del charlest\u00f3n.<\/p>\n\n\n\n<p>En su noche de estreno<strong>&nbsp;fue ovacionada 12 veces<\/strong>.<\/p>\n\n\n\n<figure class=\"wp-block-image\"><img decoding=\"async\" src=\"https:\/\/ichef.bbci.co.uk\/news\/640\/cpsprodpb\/D498\/production\/_121842445_3.jpg\" alt=\"Josephine Baker vestida para su famoso &quot;baile de la banana&quot;\"\/><figcaption>Pie de foto,Vestida para su famoso \u00abbaile de la banana\u00bb.<\/figcaption><\/figure>\n\n\n\n<p><strong>El \u00abbaile de la banana\u00bb la convirti\u00f3 en una estrella<\/strong>&nbsp;y marc\u00f3 el inicio de la fascinaci\u00f3n de los franceses con la \u00abVenus de Bronce\u00bb.<\/p>\n\n\n\n<p>No solo actu\u00f3 y bail\u00f3 en el teatro. Tambi\u00e9n protagoniz\u00f3 cuatro pel\u00edculas: \u00abSirena de los Tr\u00f3picos\u00bb (1927),<em>&nbsp;ZouZou<\/em>&nbsp;(1934),&nbsp;<em>Princesse Tam Tam<\/em>&nbsp;(1935) y&nbsp;<em>Fausse Alerte<\/em>&nbsp;(1940), algo inusitado para una artista negra.<\/p>\n\n\n\n<p>\u00abComo mujer negra, no podr\u00eda haber logrado lo que hizo si se hubiera quedado en Estados Unidos\u00bb, asegur\u00f3 a la BBC Bennetta Jules-Rosette, directora del Centro de Investigaci\u00f3n de Estudios Africanos y Afroestadounidenses de la Universidad de California y autora de la biograf\u00eda \u00abJosephine Baker en el arte y la vida: el \u00edcono y la imagen\u00bb.<\/p>\n\n\n\n<p>\u00abMientras ella filmaba en Francia, ten\u00edas a artistas como Hattie McDaniel<strong>&nbsp;interpretando a sirvientas<\/strong>&nbsp;en &#8216;Lo que el viento se llev\u00f3'\u00bb, observ\u00f3 durante una entrevista con la periodista y autora Joanne Griffith.<\/p>\n\n\n\n<p>Seg\u00fan la bi\u00f3grafa, lo que distingu\u00eda a Baker era que \u00abella nunca pensaba que algo fuera imposible\u00bb.<\/p>\n\n\n\n<p>\u00abPod\u00eda hacer cosas que considerar\u00edamos antes de su tiempo, porque nunca pens\u00f3 que fracasar\u00eda\u00bb, se\u00f1al\u00f3.<\/p>\n\n\n\n<h2 class=\"wp-block-heading\" id=\"Valiente\">Valiente<\/h2>\n\n\n\n<p>Baker no solo era osada sobre un escenario. Tambi\u00e9n lo era en su vida privada.<\/p>\n\n\n\n<p>Muchos recuerdan a la diva, que se convirti\u00f3 en un \u00edcono de la moda, paseando por las calles de la capital francesa con su inusual mascota: una chita.<\/p>\n\n\n\n<figure class=\"wp-block-image\"><img decoding=\"async\" src=\"https:\/\/ichef.bbci.co.uk\/news\/640\/cpsprodpb\/FBA8\/production\/_121842446_4.jpg\" alt=\"Josephine Baker con su chita\"\/><\/figure>\n\n\n\n<p>En sus vestuarios tambi\u00e9n ten\u00eda otros animales salvajes, como loros y hasta una boa.<\/p>\n\n\n\n<p>No ten\u00eda miedo de adoptar y&nbsp;<strong>subvertir muchos de los estereotipos<\/strong>&nbsp;que los franceses ten\u00edan con las personas negras, a las que asociaban indefectiblemente con la cultura africana.<\/p>\n\n\n\n<p>Pero cuando m\u00e1s mostraba su valent\u00eda Baker era a la hora de enfrentarse a las pol\u00edticas segregacionistas de la \u00e9poca.<\/p>\n\n\n\n<p>La artista insist\u00eda en que sus espect\u00e1culos fueran abiertos a todo p\u00fablico y durante sus varias giras por EE.UU.&nbsp;<strong>rechaz\u00f3<\/strong><strong>&nbsp;actuar en lugares que no permit\u00edan el ingreso del p\u00fablico negro<\/strong>.<\/p>\n\n\n\n<p>Seg\u00fan Jules-Rosette, fue la primera en romper la segregaci\u00f3n racial en Las Vegas, incluso antes que artistas como Frank Sinatra y Sammy Davis Jr.<\/p>\n\n\n\n<p>Pero ni su fama la hizo<strong>&nbsp;inmune al racismo<\/strong>&nbsp;en su pa\u00eds de origen: algunos hoteles y restaurantes se rehusaron a recibirla, y en 1951 se sum\u00f3 a una lista de personas no gratas del gobierno y del Bur\u00f3 Federal de Investigaciones (FBI) por haber denunciado por racismo al due\u00f1o del Stork Club de Nueva York.<\/p>\n\n\n\n<p>Fue otra muestra de su osad\u00eda la que se ganar\u00eda el coraz\u00f3n y el respeto de los franceses, y llevar\u00eda a que ahora se la honre con un lugar en el prestigioso Pante\u00f3n de Par\u00eds.<\/p>\n\n\n\n<h2 class=\"wp-block-heading\" id=\"Esp\u00eda-de-la-Resistencia\">Esp\u00eda de la Resistencia<\/h2>\n\n\n\n<p>Cuando estall\u00f3 la Segunda Guerra Mundial (1939-1945), Baker dej\u00f3 de lado la actuaci\u00f3n y los ex\u00f3ticos vestuarios que la hicieron famosa para hacer algo que pocas estrellas e \u00edconos de la moda har\u00edan:&nbsp;<strong>calzarse un uniforme<\/strong>.<\/p>\n\n\n\n<figure class=\"wp-block-image\"><img decoding=\"async\" src=\"https:\/\/ichef.bbci.co.uk\/news\/640\/cpsprodpb\/122B8\/production\/_121842447_5.jpg\" alt=\"Josephine Baker en 1945 vestida con su uniforme militar\"\/><\/figure>\n\n\n\n<p>Durante el largo conflicto, se desempe\u00f1\u00f3 como subteniente en el Auxiliar de Mujeres de la Fuerza A\u00e9rea francesa.<\/p>\n\n\n\n<p>Pero, m\u00e1s valiente a\u00fan, aprovech\u00f3 su fama para&nbsp;<strong>espiar para los Aliados<\/strong>.<\/p>\n\n\n\n<p>Usando sus contactos e invitaciones a fiestas en embajadas, obtuvo informaci\u00f3n sobre los movimientos de las tropas enemigas que logr\u00f3 transmitir primero a las autoridades francesas y -tras la ca\u00edda de Francia en manos nazis- a la Resistencia, utilizando tinta invisible en sus partituras.<\/p>\n\n\n\n<p>Por sus contribuciones, fue condecorada por Charles de Gaulle con la&nbsp;<strong>Legi\u00f3n de Honor y la Medalla de la Resistencia<\/strong>.<\/p>\n\n\n\n<h2 class=\"wp-block-heading\" id=\"Antirracismo\">Antirracismo<\/h2>\n\n\n\n<p>Otra faceta que muchos celebran de Baker fue la de activista por los derechos civiles.<\/p>\n\n\n\n<p>En 1963, tras lograr volver a pisar suelo estadounidense con la ayuda del entonces fiscal general Robert Kennedy,&nbsp;<strong>particip\u00f3 de la famosa Marcha en Washington<\/strong>, junto con el l\u00edder del movimiento por los derechos civiles&nbsp;<strong>Martin Luther King<\/strong>, quien dio su recordado discurso \u00abYo tengo un sue\u00f1o\u00bb.<\/p>\n\n\n\n<ul class=\"wp-block-list\"><li><a href=\"https:\/\/www.bbc.com\/mundo\/video_fotos\/2013\/08\/130829_video_washington_martin_luher_king_voxpops-cch\">\u00bfSe cumpli\u00f3 el sue\u00f1o de Martin Luther King?<\/a><\/li><\/ul>\n\n\n\n<p>Vestida con su uniforme militar franc\u00e9s, Baker fue<strong>&nbsp;la \u00fanica mujer<\/strong>&nbsp;que se dirigi\u00f3 a la audiencia.<\/p>\n\n\n\n<figure class=\"wp-block-image\"><img decoding=\"async\" src=\"https:\/\/ichef.bbci.co.uk\/news\/640\/cpsprodpb\/5911\/production\/_120210822_gettyimages-111074109-594x594.jpg\" alt=\"Josephine Baker en 1961 vestida con su uniforme militar\"\/><figcaption>Pie de foto,Baker dio un discurso durante la m\u00edtica Marcha en Washington por los derechos civiles, en 1963.<\/figcaption><\/figure>\n\n\n\n<p>\u00abUstedes saben que siempre he tomado el camino rocoso\u00bb, dijo a la multitud.<\/p>\n\n\n\n<p>\u00abNunca tom\u00e9 el f\u00e1cil. Pero a medida que envejezco, y como sab\u00eda que ten\u00eda el poder y la fuerza, tom\u00e9 ese camino rocoso y trat\u00e9 de suavizarlo un poco\u00bb, se\u00f1al\u00f3.<\/p>\n\n\n\n<p>\u00ab<strong>Quer\u00eda hacerlo m\u00e1s f\u00e1cil para ustedes<\/strong>. Quiero que tengan la oportunidad de tener lo que tuve yo\u00bb, afirm\u00f3, en referencia al \u00e9xito que ten\u00eda en Francia.<\/p>\n\n\n\n<p>Baker no solo habl\u00f3 y actu\u00f3 contra la discriminaci\u00f3n racial y religiosa. Tambi\u00e9n predic\u00f3 con el ejemplo: en 1937 se convirti\u00f3 al juda\u00edsmo para contraer matrimonio con el industrial blanco Jean Lion, a trav\u00e9s de quien obtuvo la ciudadan\u00eda francesa.<\/p>\n\n\n\n<p>El matrimonio dur\u00f3 un a\u00f1o. Una d\u00e9cada m\u00e1s tarde volvi\u00f3 a casarse con otro hombre blanco: Joe Bouillon, con quien&nbsp;<strong>adopt\u00f3 9 ni\u00f1os de distintas nacionalidades y razas<\/strong>, para formar lo que llam\u00f3 su \u00ab<strong>Tribu Arcoiris<\/strong>\u00ab.<\/p>\n\n\n\n<p>Incluso tras divorciarse de Bouillon, en 1957, sum\u00f3 a otros tres ni\u00f1os a su \u00abtribu\u00bb, a quienes termin\u00f3 manteniendo sola.<\/p>\n\n\n\n<p>La artista, que hab\u00eda llegado a ser la mujer negra m\u00e1s rica del mundo, termin\u00f3 en la bancarrota y pas\u00f3 sus \u00faltimos a\u00f1os en M\u00f3naco gracias al apoyo que recibi\u00f3 de otra estrella estadounidense:&nbsp;<strong>Grace Kelly<\/strong>, entonces convertida en princesa de ese peque\u00f1o estado europeo.<\/p>\n\n\n\n<figure class=\"wp-block-image\"><img decoding=\"async\" src=\"https:\/\/ichef.bbci.co.uk\/news\/640\/cpsprodpb\/149C8\/production\/_121842448_7.jpg\" alt=\"Grace Kelly y el pr\u00edncipe Raniero reciben a Josephine Baker y a sus hijos en M\u00f3naco en 1969.\"\/><figcaption>Pie de foto,Grace Kelly y el pr\u00edncipe Raniero reciben a Josephine Baker y a sus hijos en M\u00f3naco en 1969.<\/figcaption><\/figure>\n\n\n\n<p>Cuando falleci\u00f3 en 1975, a causa de un derrame cerebral, fue enterrada en ese principado, aunque&nbsp;<strong>recibi\u00f3 honores militares<\/strong>&nbsp;durante su funeral en Francia.<\/p>\n\n\n\n<p>Claude Bouillon-Baker, uno de sus hijos, le cont\u00f3 a la agencia AFP que la estrella seguir\u00e1 enterrada en M\u00f3naco, y que el martes ser\u00e1 honrada en el Pante\u00f3n de forma simb\u00f3lica, con un memorial y una placa.<\/p>\n\n\n\n<p>Fuente: https:\/\/www.bbc.com\/mundo\/noticias-59439743<\/p>\n","protected":false},"excerpt":{"rendered":"<p>BBC NEWS MUNDO Este 30 de noviembre, Josephine Baker ser\u00e1 honrada con un memorial y una placa en el Pante\u00f3n [&hellip;]<\/p>\n","protected":false},"author":1,"featured_media":16534,"comment_status":"open","ping_status":"open","sticky":false,"template":"","format":"standard","meta":{"site-sidebar-layout":"default","site-content-layout":"","ast-site-content-layout":"default","site-content-style":"default","site-sidebar-style":"default","ast-global-header-display":"","ast-banner-title-visibility":"","ast-main-header-display":"","ast-hfb-above-header-display":"","ast-hfb-below-header-display":"","ast-hfb-mobile-header-display":"","site-post-title":"","ast-breadcrumbs-content":"","ast-featured-img":"","footer-sml-layout":"","theme-transparent-header-meta":"","adv-header-id-meta":"","stick-header-meta":"","header-above-stick-meta":"","header-main-stick-meta":"","header-below-stick-meta":"","astra-migrate-meta-layouts":"default","ast-page-background-enabled":"default","ast-page-background-meta":{"desktop":{"background-color":"var(--ast-global-color-4)","background-image":"","background-repeat":"repeat","background-position":"center center","background-size":"auto","background-attachment":"scroll","background-type":"","background-media":"","overlay-type":"","overlay-color":"","overlay-opacity":"","overlay-gradient":""},"tablet":{"background-color":"","background-image":"","background-repeat":"repeat","background-position":"center center","background-size":"auto","background-attachment":"scroll","background-type":"","background-media":"","overlay-type":"","overlay-color":"","overlay-opacity":"","overlay-gradient":""},"mobile":{"background-color":"","background-image":"","background-repeat":"repeat","background-position":"center center","background-size":"auto","background-attachment":"scroll","background-type":"","background-media":"","overlay-type":"","overlay-color":"","overlay-opacity":"","overlay-gradient":""}},"ast-content-background-meta":{"desktop":{"background-color":"var(--ast-global-color-5)","background-image":"","background-repeat":"repeat","background-position":"center center","background-size":"auto","background-attachment":"scroll","background-type":"","background-media":"","overlay-type":"","overlay-color":"","overlay-opacity":"","overlay-gradient":""},"tablet":{"background-color":"var(--ast-global-color-5)","background-image":"","background-repeat":"repeat","background-position":"center center","background-size":"auto","background-attachment":"scroll","background-type":"","background-media":"","overlay-type":"","overlay-color":"","overlay-opacity":"","overlay-gradient":""},"mobile":{"background-color":"var(--ast-global-color-5)","background-image":"","background-repeat":"repeat","background-position":"center center","background-size":"auto","background-attachment":"scroll","background-type":"","background-media":"","overlay-type":"","overlay-color":"","overlay-opacity":"","overlay-gradient":""}},"footnotes":""},"categories":[8],"tags":[5628,5627,5629,3490],"class_list":["post-16533","post","type-post","status-publish","format-standard","has-post-thumbnail","hentry","category-noticias","tag-danse-sauvage","tag-el-baile-de-la-banana","tag-espia-resistencia-francesa","tag-josephine-baker"],"_links":{"self":[{"href":"https:\/\/losperiodistas.com.mx\/portal\/wp-json\/wp\/v2\/posts\/16533","targetHints":{"allow":["GET"]}}],"collection":[{"href":"https:\/\/losperiodistas.com.mx\/portal\/wp-json\/wp\/v2\/posts"}],"about":[{"href":"https:\/\/losperiodistas.com.mx\/portal\/wp-json\/wp\/v2\/types\/post"}],"author":[{"embeddable":true,"href":"https:\/\/losperiodistas.com.mx\/portal\/wp-json\/wp\/v2\/users\/1"}],"replies":[{"embeddable":true,"href":"https:\/\/losperiodistas.com.mx\/portal\/wp-json\/wp\/v2\/comments?post=16533"}],"version-history":[{"count":1,"href":"https:\/\/losperiodistas.com.mx\/portal\/wp-json\/wp\/v2\/posts\/16533\/revisions"}],"predecessor-version":[{"id":16535,"href":"https:\/\/losperiodistas.com.mx\/portal\/wp-json\/wp\/v2\/posts\/16533\/revisions\/16535"}],"wp:featuredmedia":[{"embeddable":true,"href":"https:\/\/losperiodistas.com.mx\/portal\/wp-json\/wp\/v2\/media\/16534"}],"wp:attachment":[{"href":"https:\/\/losperiodistas.com.mx\/portal\/wp-json\/wp\/v2\/media?parent=16533"}],"wp:term":[{"taxonomy":"category","embeddable":true,"href":"https:\/\/losperiodistas.com.mx\/portal\/wp-json\/wp\/v2\/categories?post=16533"},{"taxonomy":"post_tag","embeddable":true,"href":"https:\/\/losperiodistas.com.mx\/portal\/wp-json\/wp\/v2\/tags?post=16533"}],"curies":[{"name":"wp","href":"https:\/\/api.w.org\/{rel}","templated":true}]}}