{"id":16524,"date":"2021-11-28T07:55:24","date_gmt":"2021-11-28T13:55:24","guid":{"rendered":"http:\/\/losperiodistas.com.mx\/portal\/?p=16524"},"modified":"2021-11-28T07:55:25","modified_gmt":"2021-11-28T13:55:25","slug":"sismo-de-magnitud-75-sacude-el-norte-de-peru-dw","status":"publish","type":"post","link":"https:\/\/losperiodistas.com.mx\/portal\/sismo-de-magnitud-75-sacude-el-norte-de-peru-dw\/","title":{"rendered":"Sismo de magnitud 7,5 sacude el norte de Per\u00fa | DW"},"content":{"rendered":"\n<p style=\"font-size:18px\"><em>De acuerdo con los primeros reportes, hasta el momento no se reportan v\u00edctimas tras el sismo que sacudi\u00f3 la selva norte del pa\u00eds sudamericano.<\/em><\/p>\n\n\n\n<p><\/p>\n\n\n\n<figure class=\"wp-block-image size-large\"><img fetchpriority=\"high\" decoding=\"async\" width=\"1024\" height=\"579\" src=\"https:\/\/losperiodistas.com.mx\/portal\/wp-content\/uploads\/2021\/11\/Captura-de-Pantalla-2021-11-28-a-las-7.52.38-1024x579.jpg\" alt=\"\" class=\"wp-image-16525\" srcset=\"https:\/\/losperiodistas.com.mx\/portal\/wp-content\/uploads\/2021\/11\/Captura-de-Pantalla-2021-11-28-a-las-7.52.38-1024x579.jpg 1024w, https:\/\/losperiodistas.com.mx\/portal\/wp-content\/uploads\/2021\/11\/Captura-de-Pantalla-2021-11-28-a-las-7.52.38-300x170.jpg 300w, https:\/\/losperiodistas.com.mx\/portal\/wp-content\/uploads\/2021\/11\/Captura-de-Pantalla-2021-11-28-a-las-7.52.38-768x434.jpg 768w, https:\/\/losperiodistas.com.mx\/portal\/wp-content\/uploads\/2021\/11\/Captura-de-Pantalla-2021-11-28-a-las-7.52.38.jpg 1400w\" sizes=\"(max-width: 1024px) 100vw, 1024px\" \/><figcaption>Zona amaz\u00f3nica en el norte de Per\u00fa<\/figcaption><\/figure>\n\n\n\n<p class=\"has-vivid-cyan-blue-color has-text-color has-medium-font-size\">DW<\/p>\n\n\n\n<p>Un fuerte sismo de 7,5 grados de magnitud sacudi\u00f3 este domingo (28.11.2021) la selva norte de Per\u00fa, y una vasta zona aleda\u00f1a de la costa central del pa\u00eds sin causar v\u00edctimas, seg\u00fan los primeros reportes de las autoridades.<\/p>\n\n\n\n<p>Seg\u00fan dio a conocer el Instituto Geof\u00edsico del Per\u00fa a trav\u00e9s de Twiter, el sismo se registr\u00f3 a 98 kil\u00f3metros al este de Santa Mar\u00eda de Nieva, en Condorcanqui, Amazonas, selva norte de Per\u00fa,\u00a0a una profundidad de 131 kil\u00f3metros, una localidad m\u00e1s al norte a unos 1.100 kil\u00f3metros de Barranca.<\/p>\n\n\n\n<figure class=\"wp-block-embed is-type-rich is-provider-twitter wp-block-embed-twitter\"><div class=\"wp-block-embed__wrapper\">\n<blockquote class=\"twitter-tweet\" data-width=\"500\" data-dnt=\"true\"><p lang=\"es\" dir=\"ltr\">. <a href=\"https:\/\/twitter.com\/Sismos_Peru_IGP?ref_src=twsrc%5Etfw\">@Sismos_Peru_IGP<\/a> informa sismo de magnitud 7.5 ocurrido a 98 km al E de Sta. Mar\u00eda de Nieva, Condorcanqui &#8211; Amazonas. <a href=\"https:\/\/t.co\/bG3wnZZAuj\">pic.twitter.com\/bG3wnZZAuj<\/a><\/p>&mdash; COEN &#8211; INDECI (@COENPeru) <a href=\"https:\/\/twitter.com\/COENPeru\/status\/1464911512879779850?ref_src=twsrc%5Etfw\">November 28, 2021<\/a><\/blockquote><script async src=\"https:\/\/platform.twitter.com\/widgets.js\" charset=\"utf-8\"><\/script>\n<\/div><\/figure>\n\n\n\n<p>La gran profundidad del sismo en la Amazonia peruana provoc\u00f3 que la onda expansiva fuera mayor y afectara a casi la mitad del pa\u00eds, en la zona norte y central, incluyendo a regiones coste\u00f1as y andinas como Cajamarca, Piura, Tumbes, Lambayeque, Ancash y Lima.<\/p>\n\n\n\n<p>A margen, la Defensa Civil indic\u00f3 en su primer reporte que hasta el momento no se reportan da\u00f1os personales. En la zona afectada se registraron cortes de energ\u00eda el\u00e9ctrica.<\/p>\n\n\n\n<p>\u00abHemos salido todos a la calle, estamos muy asustados\u00bb, dijo a la radio RPP una oyente que se identific\u00f3 como Luc\u00eda y quien se comunic\u00f3 por tel\u00e9fono desde la ciudad de Chota, en Cajamarca, regi\u00f3n de donde es oriundo el presidente peruano Pedro Castillo.<\/p>\n\n\n\n<p>El sismo de la selva peruana tambi\u00e9n fue detectado por el servicio sismol\u00f3gico de Estados Unidos (USGS), que le atribuy\u00f3 igualmente una magnitud de 7,5.<\/p>\n\n\n\n<p><em>ee (afp\/ap)<\/em><\/p>\n\n\n\n<p>Fuente: https:\/\/www.dw.com\/es\/sismo-de-magnitud-75-sacude-el-norte-de-per%C3%BA\/a-59961148<\/p>\n","protected":false},"excerpt":{"rendered":"<p>De acuerdo con los primeros reportes, hasta el momento no se reportan v\u00edctimas tras el sismo que sacudi\u00f3 la selva [&hellip;]<\/p>\n","protected":false},"author":1,"featured_media":16525,"comment_status":"open","ping_status":"open","sticky":false,"template":"","format":"standard","meta":{"site-sidebar-layout":"default","site-content-layout":"","ast-site-content-layout":"default","site-content-style":"default","site-sidebar-style":"default","ast-global-header-display":"","ast-banner-title-visibility":"","ast-main-header-display":"","ast-hfb-above-header-display":"","ast-hfb-below-header-display":"","ast-hfb-mobile-header-display":"","site-post-title":"","ast-breadcrumbs-content":"","ast-featured-img":"","footer-sml-layout":"","theme-transparent-header-meta":"","adv-header-id-meta":"","stick-header-meta":"","header-above-stick-meta":"","header-main-stick-meta":"","header-below-stick-meta":"","astra-migrate-meta-layouts":"default","ast-page-background-enabled":"default","ast-page-background-meta":{"desktop":{"background-color":"var(--ast-global-color-4)","background-image":"","background-repeat":"repeat","background-position":"center center","background-size":"auto","background-attachment":"scroll","background-type":"","background-media":"","overlay-type":"","overlay-color":"","overlay-opacity":"","overlay-gradient":""},"tablet":{"background-color":"","background-image":"","background-repeat":"repeat","background-position":"center center","background-size":"auto","background-attachment":"scroll","background-type":"","background-media":"","overlay-type":"","overlay-color":"","overlay-opacity":"","overlay-gradient":""},"mobile":{"background-color":"","background-image":"","background-repeat":"repeat","background-position":"center center","background-size":"auto","background-attachment":"scroll","background-type":"","background-media":"","overlay-type":"","overlay-color":"","overlay-opacity":"","overlay-gradient":""}},"ast-content-background-meta":{"desktop":{"background-color":"var(--ast-global-color-5)","background-image":"","background-repeat":"repeat","background-position":"center center","background-size":"auto","background-attachment":"scroll","background-type":"","background-media":"","overlay-type":"","overlay-color":"","overlay-opacity":"","overlay-gradient":""},"tablet":{"background-color":"var(--ast-global-color-5)","background-image":"","background-repeat":"repeat","background-position":"center center","background-size":"auto","background-attachment":"scroll","background-type":"","background-media":"","overlay-type":"","overlay-color":"","overlay-opacity":"","overlay-gradient":""},"mobile":{"background-color":"var(--ast-global-color-5)","background-image":"","background-repeat":"repeat","background-position":"center center","background-size":"auto","background-attachment":"scroll","background-type":"","background-media":"","overlay-type":"","overlay-color":"","overlay-opacity":"","overlay-gradient":""}},"footnotes":""},"categories":[8],"tags":[5623],"class_list":["post-16524","post","type-post","status-publish","format-standard","has-post-thumbnail","hentry","category-noticias","tag-sismo-peru"],"_links":{"self":[{"href":"https:\/\/losperiodistas.com.mx\/portal\/wp-json\/wp\/v2\/posts\/16524","targetHints":{"allow":["GET"]}}],"collection":[{"href":"https:\/\/losperiodistas.com.mx\/portal\/wp-json\/wp\/v2\/posts"}],"about":[{"href":"https:\/\/losperiodistas.com.mx\/portal\/wp-json\/wp\/v2\/types\/post"}],"author":[{"embeddable":true,"href":"https:\/\/losperiodistas.com.mx\/portal\/wp-json\/wp\/v2\/users\/1"}],"replies":[{"embeddable":true,"href":"https:\/\/losperiodistas.com.mx\/portal\/wp-json\/wp\/v2\/comments?post=16524"}],"version-history":[{"count":1,"href":"https:\/\/losperiodistas.com.mx\/portal\/wp-json\/wp\/v2\/posts\/16524\/revisions"}],"predecessor-version":[{"id":16526,"href":"https:\/\/losperiodistas.com.mx\/portal\/wp-json\/wp\/v2\/posts\/16524\/revisions\/16526"}],"wp:featuredmedia":[{"embeddable":true,"href":"https:\/\/losperiodistas.com.mx\/portal\/wp-json\/wp\/v2\/media\/16525"}],"wp:attachment":[{"href":"https:\/\/losperiodistas.com.mx\/portal\/wp-json\/wp\/v2\/media?parent=16524"}],"wp:term":[{"taxonomy":"category","embeddable":true,"href":"https:\/\/losperiodistas.com.mx\/portal\/wp-json\/wp\/v2\/categories?post=16524"},{"taxonomy":"post_tag","embeddable":true,"href":"https:\/\/losperiodistas.com.mx\/portal\/wp-json\/wp\/v2\/tags?post=16524"}],"curies":[{"name":"wp","href":"https:\/\/api.w.org\/{rel}","templated":true}]}}