{"id":16521,"date":"2021-11-28T07:49:52","date_gmt":"2021-11-28T13:49:52","guid":{"rendered":"http:\/\/losperiodistas.com.mx\/portal\/?p=16521"},"modified":"2021-11-28T07:49:54","modified_gmt":"2021-11-28T13:49:54","slug":"muere-la-escritora-almudena-grandes-una-de-las-figuras-mas-relevantes-de-la-literatura-espanola-publico","status":"publish","type":"post","link":"https:\/\/losperiodistas.com.mx\/portal\/muere-la-escritora-almudena-grandes-una-de-las-figuras-mas-relevantes-de-la-literatura-espanola-publico\/","title":{"rendered":"Muere la escritora Almudena Grandes, una de las figuras m\u00e1s relevantes de la literatura espa\u00f1ola | P\u00fablico"},"content":{"rendered":"\n<p style=\"font-size:18px\"><em>La escritora anunci\u00f3 el pasado mes de octubre en una de sus columnas en &#8216;El Pa\u00eds Semanal&#8217; que padec\u00eda c\u00e1ncer.<\/em><\/p>\n\n\n\n<figure class=\"wp-block-image size-large\"><img fetchpriority=\"high\" decoding=\"async\" width=\"1024\" height=\"680\" src=\"https:\/\/losperiodistas.com.mx\/portal\/wp-content\/uploads\/2021\/11\/Captura-de-Pantalla-2021-11-28-a-las-7.46.31-1024x680.jpg\" alt=\"\" class=\"wp-image-16522\" srcset=\"https:\/\/losperiodistas.com.mx\/portal\/wp-content\/uploads\/2021\/11\/Captura-de-Pantalla-2021-11-28-a-las-7.46.31-1024x680.jpg 1024w, https:\/\/losperiodistas.com.mx\/portal\/wp-content\/uploads\/2021\/11\/Captura-de-Pantalla-2021-11-28-a-las-7.46.31-300x199.jpg 300w, https:\/\/losperiodistas.com.mx\/portal\/wp-content\/uploads\/2021\/11\/Captura-de-Pantalla-2021-11-28-a-las-7.46.31-768x510.jpg 768w, https:\/\/losperiodistas.com.mx\/portal\/wp-content\/uploads\/2021\/11\/Captura-de-Pantalla-2021-11-28-a-las-7.46.31.jpg 1320w\" sizes=\"(max-width: 1024px) 100vw, 1024px\" \/><figcaption><a href=\"https:\/\/www.publico.es\/uploads\/2021\/11\/27\/61a2720edb7d6.jpeg\"><\/a>La escritora Almudena Grandes durante una entrevista sobre su nueva novela, \u00abLos besos en el pan\u00bb. &#8211; EFE<br><\/figcaption><\/figure>\n\n\n\n<p class=\"has-vivid-cyan-blue-color has-text-color has-medium-font-size\">P\u00daBLICO \/ AGENCIAS<\/p>\n\n\n\n<p id=\"m424-423-425\">Almudena Grandes, una de las figuras m\u00e1s relevantes de la literatura espa\u00f1ola, ha muerto a los&nbsp;<strong>61 a\u00f1os de edad<\/strong>&nbsp;en su domicilio de Madrid, seg\u00fan ha avanzado la&nbsp;<a href=\"https:\/\/cadenaser.com\/ser\/2021\/11\/27\/cultura\/1638031185_349646.html\" target=\"_blank\" rel=\"noreferrer noopener\">Cadena Ser<\/a>&nbsp;y confirmado la Agencia Efe.&nbsp;La escritora anunci\u00f3 el pasado mes de octubre en una de sus columnas en&nbsp;<a href=\"https:\/\/www.publico.es\/culturas\/escritora-almudena-grandes-anuncia-columna-cancer.html\"><em>El Pa\u00eds Semanal<\/em><\/a>&nbsp;que&nbsp;<strong>padec\u00eda c\u00e1ncer<\/strong>.<\/p>\n\n\n\n<p id=\"m429-1-430\">Nacida en Madrid el 7 de mayo de 1960, su\u00a0<a href=\"https:\/\/www.publico.es\/actualidad\/almudena-grandes-escritura-acto-ideologico.html\">pasi\u00f3n<\/a>\u00a0por los libros le ven\u00eda desde muy peque\u00f1a. A ella le habr\u00eda gustado estudiar lat\u00edn, pero a voluntad de su madre entr\u00f3 a la Facultad de Filosof\u00eda y Letras de la Universidad Complutense de Madrid.\u00a0<\/p>\n\n\n\n<p id=\"m434-2-435\"><a href=\"https:\/\/es.wikipedia.org\/wiki\/Almudena_Grandes\" target=\"_blank\" rel=\"noreferrer noopener\">Almudenas Grandes<\/a>&nbsp;era una de las escritoras m\u00e1s relevantes, consolidadas y de mayor proyecci\u00f3n internacional de la literatura espa\u00f1ola contempor\u00e1nea. Recibi\u00f3 su&nbsp;<strong>primer galard\u00f3n en 1989<\/strong>&nbsp;por su novela&nbsp;<em>Las edades de Lul\u00fa<\/em>, Premio Sonrisa Vertical, que posteriormente fue llevada a la gran pantalla por Bigas Luna. Su gran carrera en el mundo de las letras le hizo digna merecedora de&nbsp;<strong>numerosos reconocimientos<\/strong>, entre ellos el&nbsp;<a href=\"https:\/\/www.publico.es\/culturas\/premio-nacional-narrativa-almudena-grandes-gana-premio-nacional-narrativa.html\">Premio Nacional de Narrativa<\/a>&nbsp;en 2018 por&nbsp;<em>Los pacientes del doctor Garc\u00eda<\/em>.&nbsp;<\/p>\n\n\n\n<p id=\"m439-3-440\">Nombrada en 2020 doctora honoris causa por la Universidad Nacional de Educaci\u00f3n a Distancia (UNED), recibi\u00f3 tambi\u00e9n los premios Rosone d\u2019Or de Italia al conjunto de su obra (1997), el del sindicato de UGT, Juli\u00e1n Besteiro de las Artes y las Letras (2002), el Internacional de Abogados de Atocha, concedido en 2017, o el Premio Jean Monnet de Literatura Europea, en 2020.<\/p>\n\n\n\n<p id=\"m444-4-445\">Gran apasionada de Benito P\u00e9rez Gald\u00f3s, decidi\u00f3 en 2010 publicar&nbsp;<em>In\u00e9s y la alegr\u00eda<\/em>, el primer t\u00edtulo de la serie&nbsp;<em>Episodios de una guerra interminable<\/em>, obra que ha quedado finalmente inacabada y que le vali\u00f3 numerosos premios.<\/p>\n\n\n\n<p id=\"m449-5-450\">La tambi\u00e9n autora de t\u00edtulos como\u00a0<em>Malena es un nombre de tango, El coraz\u00f3n helado, Castillos de cart\u00f3n,\u00a0Los besos en el pan<\/em>\u00a0era sumamente conocida por su\u00a0<strong>compromiso pol\u00edtico con la izquierda y el feminismo<\/strong>, que vertebraba sus\u00a0<a href=\"https:\/\/www.publico.es\/culturas\/almudena-grandes-pobres-dignos-ahora.html\">novelas<\/a>, sus colaboraciones en prensa y, por supuesto, su d\u00eda a d\u00eda.<\/p>\n\n\n\n<p>Fuente: https:\/\/www.publico.es\/culturas\/muere-escritora-almudena-grandes-figuras-relevantes-literatura-espanola.html<\/p>\n","protected":false},"excerpt":{"rendered":"<p>La escritora anunci\u00f3 el pasado mes de octubre en una de sus columnas en &#8216;El Pa\u00eds Semanal&#8217; que padec\u00eda c\u00e1ncer. [&hellip;]<\/p>\n","protected":false},"author":1,"featured_media":16522,"comment_status":"open","ping_status":"open","sticky":false,"template":"","format":"standard","meta":{"site-sidebar-layout":"default","site-content-layout":"","ast-site-content-layout":"default","site-content-style":"default","site-sidebar-style":"default","ast-global-header-display":"","ast-banner-title-visibility":"","ast-main-header-display":"","ast-hfb-above-header-display":"","ast-hfb-below-header-display":"","ast-hfb-mobile-header-display":"","site-post-title":"","ast-breadcrumbs-content":"","ast-featured-img":"","footer-sml-layout":"","theme-transparent-header-meta":"","adv-header-id-meta":"","stick-header-meta":"","header-above-stick-meta":"","header-main-stick-meta":"","header-below-stick-meta":"","astra-migrate-meta-layouts":"default","ast-page-background-enabled":"default","ast-page-background-meta":{"desktop":{"background-color":"var(--ast-global-color-4)","background-image":"","background-repeat":"repeat","background-position":"center center","background-size":"auto","background-attachment":"scroll","background-type":"","background-media":"","overlay-type":"","overlay-color":"","overlay-opacity":"","overlay-gradient":""},"tablet":{"background-color":"","background-image":"","background-repeat":"repeat","background-position":"center center","background-size":"auto","background-attachment":"scroll","background-type":"","background-media":"","overlay-type":"","overlay-color":"","overlay-opacity":"","overlay-gradient":""},"mobile":{"background-color":"","background-image":"","background-repeat":"repeat","background-position":"center center","background-size":"auto","background-attachment":"scroll","background-type":"","background-media":"","overlay-type":"","overlay-color":"","overlay-opacity":"","overlay-gradient":""}},"ast-content-background-meta":{"desktop":{"background-color":"var(--ast-global-color-5)","background-image":"","background-repeat":"repeat","background-position":"center center","background-size":"auto","background-attachment":"scroll","background-type":"","background-media":"","overlay-type":"","overlay-color":"","overlay-opacity":"","overlay-gradient":""},"tablet":{"background-color":"var(--ast-global-color-5)","background-image":"","background-repeat":"repeat","background-position":"center center","background-size":"auto","background-attachment":"scroll","background-type":"","background-media":"","overlay-type":"","overlay-color":"","overlay-opacity":"","overlay-gradient":""},"mobile":{"background-color":"var(--ast-global-color-5)","background-image":"","background-repeat":"repeat","background-position":"center center","background-size":"auto","background-attachment":"scroll","background-type":"","background-media":"","overlay-type":"","overlay-color":"","overlay-opacity":"","overlay-gradient":""}},"footnotes":""},"categories":[8],"tags":[5622],"class_list":["post-16521","post","type-post","status-publish","format-standard","has-post-thumbnail","hentry","category-noticias","tag-almudena-grandes"],"_links":{"self":[{"href":"https:\/\/losperiodistas.com.mx\/portal\/wp-json\/wp\/v2\/posts\/16521","targetHints":{"allow":["GET"]}}],"collection":[{"href":"https:\/\/losperiodistas.com.mx\/portal\/wp-json\/wp\/v2\/posts"}],"about":[{"href":"https:\/\/losperiodistas.com.mx\/portal\/wp-json\/wp\/v2\/types\/post"}],"author":[{"embeddable":true,"href":"https:\/\/losperiodistas.com.mx\/portal\/wp-json\/wp\/v2\/users\/1"}],"replies":[{"embeddable":true,"href":"https:\/\/losperiodistas.com.mx\/portal\/wp-json\/wp\/v2\/comments?post=16521"}],"version-history":[{"count":1,"href":"https:\/\/losperiodistas.com.mx\/portal\/wp-json\/wp\/v2\/posts\/16521\/revisions"}],"predecessor-version":[{"id":16523,"href":"https:\/\/losperiodistas.com.mx\/portal\/wp-json\/wp\/v2\/posts\/16521\/revisions\/16523"}],"wp:featuredmedia":[{"embeddable":true,"href":"https:\/\/losperiodistas.com.mx\/portal\/wp-json\/wp\/v2\/media\/16522"}],"wp:attachment":[{"href":"https:\/\/losperiodistas.com.mx\/portal\/wp-json\/wp\/v2\/media?parent=16521"}],"wp:term":[{"taxonomy":"category","embeddable":true,"href":"https:\/\/losperiodistas.com.mx\/portal\/wp-json\/wp\/v2\/categories?post=16521"},{"taxonomy":"post_tag","embeddable":true,"href":"https:\/\/losperiodistas.com.mx\/portal\/wp-json\/wp\/v2\/tags?post=16521"}],"curies":[{"name":"wp","href":"https:\/\/api.w.org\/{rel}","templated":true}]}}