{"id":16518,"date":"2021-11-28T07:44:53","date_gmt":"2021-11-28T13:44:53","guid":{"rendered":"http:\/\/losperiodistas.com.mx\/portal\/?p=16518"},"modified":"2021-11-28T07:44:54","modified_gmt":"2021-11-28T13:44:54","slug":"exhibe-proceso-acoso-del-gobierno-de-puebla-a-medios-criticos-e-consulta","status":"publish","type":"post","link":"https:\/\/losperiodistas.com.mx\/portal\/exhibe-proceso-acoso-del-gobierno-de-puebla-a-medios-criticos-e-consulta\/","title":{"rendered":"Exhibe Proceso acoso del gobierno de Puebla a medios cr\u00edticos | E-Consulta"},"content":{"rendered":"\n<p style=\"font-size:18px\"><em>De ser de los pocos medios que dieron espacio a Miguel Barbosa en 2018, ahora e-consulta y El Popular padecen denuestos p\u00fablicos y auditor\u00edas intimidatorias a sus finanzas<\/em><\/p>\n\n\n\n<p><\/p>\n\n\n\n<figure class=\"wp-block-image size-large\"><img fetchpriority=\"high\" decoding=\"async\" width=\"1024\" height=\"681\" src=\"https:\/\/losperiodistas.com.mx\/portal\/wp-content\/uploads\/2021\/11\/Captura-de-Pantalla-2021-11-28-a-las-7.41.03-1024x681.jpg\" alt=\"\" class=\"wp-image-16519\" srcset=\"https:\/\/losperiodistas.com.mx\/portal\/wp-content\/uploads\/2021\/11\/Captura-de-Pantalla-2021-11-28-a-las-7.41.03-1024x681.jpg 1024w, https:\/\/losperiodistas.com.mx\/portal\/wp-content\/uploads\/2021\/11\/Captura-de-Pantalla-2021-11-28-a-las-7.41.03-300x199.jpg 300w, https:\/\/losperiodistas.com.mx\/portal\/wp-content\/uploads\/2021\/11\/Captura-de-Pantalla-2021-11-28-a-las-7.41.03-768x511.jpg 768w, https:\/\/losperiodistas.com.mx\/portal\/wp-content\/uploads\/2021\/11\/Captura-de-Pantalla-2021-11-28-a-las-7.41.03-1536x1021.jpg 1536w, https:\/\/losperiodistas.com.mx\/portal\/wp-content\/uploads\/2021\/11\/Captura-de-Pantalla-2021-11-28-a-las-7.41.03-2048x1362.jpg 2048w\" sizes=\"(max-width: 1024px) 100vw, 1024px\" \/><figcaption><strong>Foto \/ Agencia Enfoque<\/strong><\/figcaption><\/figure>\n\n\n\n<p><\/p>\n\n\n\n<p class=\"has-vivid-cyan-blue-color has-text-color has-medium-font-size\">PROCESO \/ E-CONSULTA<\/p>\n\n\n\n<p>En la elecci\u00f3n constitucional de 2018 y en la extraordinaria para gobernador de Puebla, s\u00f3lo El Popular y e-consulta cubrieron la campa\u00f1a del morenista Miguel Barbosa y publicaron su columna. Pero \u00e9ste asumi\u00f3 la gubernatura, ambos&nbsp;mantuvieron su l\u00ednea independiente y ahora pade-cen un veto publicitario, denuestos p\u00fablicos y, el colmo, auditor\u00edas intimidatorias a sus finanzas.En tanto, los medios que halagaban a Moreno Valle ahora son barbosistas.&nbsp;<\/p>\n\n\n\n<p><strong>GABRIELA HERN\u00c1NDEZ\u00a0<\/strong><\/p>\n\n\n\n<p>Puebla, Pue.- El 21 de junio de 2019, ya ganada la elecci\u00f3n extraordinaria y a unos d\u00edas de asumir el cargo, el hoy gobernador Miguel Barbosa Huerta se despidi\u00f3 como colaborador de El&nbsp;Popular, \u00fanico peri\u00f3dico que mantuvo la publicaci\u00f3n de su columna cuando el resto de los medios, afines al morenovallismo, lo vetaron.<\/p>\n\n\n\n<p>\u00abTengo muy presente que, en los momentos m\u00e1s adversos y complicados de toda esta coyuntura pol\u00edtica, El Popular se mantuvo como un espacio abierto y plural. El Popular es sin duda una pieza clave en la libertad de expresi\u00f3n en Puebla, y as\u00ed estoy seguro que seguir\u00e1 siendo\u00bb, escribi\u00f3 Barbosa en su \u00faltima colaboraci\u00f3n, que titul\u00f3 \u00abGracias\u00bb.<\/p>\n\n\n\n<p>Dos a\u00f1os despu\u00e9s de este agradecimiento, Carolina Fern\u00e1ndez Galindo, directora de El Popular, acusa al mandatario poblano de haber emprendido una campa\u00f1a para orillar al cierre a ese medio informativo y, en la \u00abtotal incongruencia\u00bb, lo hace por las razones que antes enalteci\u00f3: por ser una publicaci\u00f3n abierta, plural, y por seguir una l\u00ednea period\u00edstica independiente.<\/p>\n\n\n\n<p>Lo mismo ocurre con el peri\u00f3dico digital e-consulta, que fue el primero en abrirle espacio a las columnas de Barbosa y dio cobertura a su campa\u00f1a por la gubernatura en 2018, cuando la mayor\u00eda de los medios\u00a0poblanos emprendieron una \u00abguerra sucia\u00bb contra el experredista, auspiciados por el entonces gobernador panista Rafael More-no Valle.<\/p>\n\n\n\n<p>El pasado lunes 22, e-consulta y E\/ Popular, con el respaldo de otros medios informativos del pa\u00eds, de periodistas y organizaciones sociales, publicaron un desplegado en el que dan cuenta de la nueva embestida que desat\u00f3 el mandatario poblano para tratar de acallarlos.&nbsp;<\/p>\n\n\n\n<p>Primero, el jueves 4 un columnista public\u00f3 que la Fiscal\u00eda General de Puebla hab\u00eda recibido una denuncia de la Unidad de Inteligencia Patrimonial y Econ\u00f3mica de la Secretaria de Planeaci\u00f3n y Finanzas del Estado (SPFE), contra la directora de El Popular por el delito de lavado de dinero. Hasta la fecha no hay indicios de que eso exista.<\/p>\n\n\n\n<p>Sin embargo, una semana despu\u00e9s, el mi\u00e9rcoles 10, tanto Fern\u00e1ndez Galindo como Rodolfo Ruiz, director de e-consulta, fueron notificados de auditorias que emprender\u00eda la SPFE. Como si fuera \u00abcopiar y pegar\u00bb, a ambos periodistas les fue requerida la misma informaci\u00f3n: 25 desgloses como empresas y 23 m\u00e1s como personas f\u00edsicas.<\/p>\n\n\n\n<p>A El Popular le exigen los a\u00f1os 2019 y 2020, mientras que a e-consulta 2018 y 2019. Adem\u00e1s de pedirles todo tipo de informaci\u00f3n contable, de inmuebles, veh\u00edculos y bienes de las razones sociales, el gobierno de Puebla pide informes detallados de propiedades, carros, pr\u00e9stamos, cr\u00e9ditos, contratos, patentes y hasta estados de cuenta originales y saldos en banco a nombre de los periodistas.<\/p>\n\n\n\n<p>La dependencia dio un plazo de 15 d\u00edas naturales (que vencieron el viernes 26) para entregar toda la informaci\u00f3n y advirti\u00f3 que, de no hacerlo, los medios podr\u00e1n recibir sanciones econ\u00f3micas, embargos, y se por&nbsp;dr\u00eda usar la fuerza p\u00fablica para exigir su cumplimiento.&nbsp;<\/p>\n\n\n\n<p><strong>Boicot<\/strong>&nbsp;<\/p>\n\n\n\n<p>En entrevista, Rodolfo Ruiz dice que a todas luces estas revisiones son auditorias \u00abpor consigna\u00bb que buscan elementos para desaparecer esos dos medios, los cuales publican en sus p\u00e1ginas investigaciones period\u00edsticas que cuestionan pendientes del gobierno estatal, revelan casos de corrupci\u00f3n o dan espacio a actores que el gobernador considera sus enemigos.<\/p>\n\n\n\n<p>Ambos portales se encuentran entre los m\u00e1s le\u00eddos de Puebla y han mantenido una l\u00ednea editorial cr\u00edtica desde los gobiernos del priista Mario Mar\u00edn Torres y del panista Rafael Moreno Valle, que tambi\u00e9n les negaron contratos publicitarios. Y aunque al actual mandatario morenista le molestan las comparaciones, tanto Ruiz como Fern\u00e1ndez Galindo consideran que Barbosa ha resultado m\u00e1s persecutor y controlador que sus antecesores, considerados autoritarios. \u00abNo es igual, es peor\u00bb, recalca Rodolfo Ruiz.<\/p>\n\n\n\n<p>Adem\u00e1s del boicot econ\u00f3mico, los dos medios advierten que el gobierno les ha impuesto un veto informativo: no los convoca a giras ni a ruedas de prensa y a sus reporteros no los dejan preguntar en las conferencias diarias de Barbosa. Aparte, funcionarios y politicos cercanos al mandatario les han dicho que tienen prohibido otorgar entrevistas a esos portales.<\/p>\n\n\n\n<p>En sus \u00abma\u00f1aneras\u00bb, Barbosa ha calificado a e-consulta de \u00abpasqu\u00edn electr\u00f3nico\u00bb y a Ruiz como alguien \u00abfanatizado\u00bb. A los reporteros de ese medio los ha rega\u00f1ado p\u00fablicamente y acusado de \u00abrentarse\u00bb para golpear con sus preguntas. A esto se suman, agrega Ruiz, las 21 demandas contra el periodista, el medio y un extrabajador -siete a cada uno- vigentes desde 2020 y presentadas por funcionarios estatales y pol\u00edticos cercanos al gobernador por supuesto da\u00f1o moral, en las que reclaman indemnizaciones por 37 millones de pesos.&nbsp;<\/p>\n\n\n\n<p><strong>De o\u00eddas<\/strong><\/p>\n\n\n\n<p>Ruiz dice que el encono de Barbosa contra \u00e9l surgi\u00f3 durante las elecciones extraordinarias de 2019, cuando el hoy mandatario buscaba repetir como candidato de Morena. El periodista public\u00f3 en su columna \u00abLa Corte de los Milagros\u00bb los resultados de la encuesta que realiz\u00f3 Morena en 2018 para definir a su candidato. Si bien ese sondeo ubicaba a Barbosa como el m\u00e1s conocido, no obten\u00eda el mejor puntaje en imagen positiva ante los electores, por lo que el columnista propuso que la nueva consulta se hiciera p\u00fablica.<\/p>\n\n\n\n<p>El periodista a\u00f1ade que en esos comicios tambi\u00e9n tuvo desencuentros con Ver\u00f3nica V\u00e9lez Macuil, vocera de Barbosa, quien le pidi\u00f3 que cambiara a la reportera asignada para cubrir la campa\u00f1a, a lo cual \u00e9l se neg\u00f3.<\/p>\n\n\n\n<p>El problema de fondo del gobierno, sostiene Ruiz, es que Barbosa es un mandatario mal informado, ya que \u00abpor la propia limitaci\u00f3n f\u00edsica que tiene, que le impide ver documentos, se informa de o\u00eddas y, as\u00ed, hay colaboradores que le dicen lo que quieren y como quieren\u00bb. Y considera que actualmente el mandatario retom\u00f3 su campa\u00f1a contra ambos medios digitales, en principio, porque han resistido el boicot econ\u00f3mico y la pandemia, y despu\u00e9s, porque ambos publican notas que lo incomodan.<\/p>\n\n\n\n<p>En sus columnas, Ruiz ha detonado recientemente temas como la asignaci\u00f3n directa de contratos a Corporativo Kosmos -empresa acusada de entregar sobornos y usar factureras- para surtir alimentos a diversas dependencias estatales, o el caso de la Intecproof, que incumpli\u00f3 la meta de 380 mil fotomultas mensuales y, aun as\u00ed,&nbsp;el gobierno estatal le paga 21 millones de pesos al mes.<\/p>\n\n\n\n<p>El director de e-consulta pide a Art\u00edculo 19, a la Sociedad Interamericana de Prensa, a la Comisi\u00f3n Interamericana de Derechos Humanos y al Mecanismo de Defensa de Periodistas, entre otras instancias, que se mantengan atentas a lo que ocurre en Puebla y tomen \u00abcartas en el asunto\u00bb, para que las acciones de Barbosa no prosperen.&nbsp;<\/p>\n\n\n\n<p><strong>Amigos<\/strong>&nbsp;<\/p>\n\n\n\n<p>Carolina Fern\u00e1ndez recuerda el d\u00eda que V\u00e9lez Macuil, coordinadora de Comunicaci\u00f3n y Agenda Digital del gobierno de Puebla, le comunic\u00f3 a principios de 2020 que no contratar\u00edan publicidad con ese medio. \u00abNo vamos a renovar contrato, porque t\u00fa decidiste qui\u00e9nes son tus amigos y tus amigos no son los amigos del gobernador\u00bb, le dijo la funcionaria.<\/p>\n\n\n\n<p>Fue claro que el \u00abcastigo\u00bb se refer\u00eda a que El Popular public\u00f3 la columna de Rodolfo Ruiz e hizo convenios publicitarios con el entonces rector de la Benem\u00e9rita Universidad Aut\u00f3noma de Puebla, Alfonso Esparza Ortiz, y con la alcalde de Puebla, Claudia Rivera Vivanco. Adem\u00e1s le public\u00f3 columnas al exdiputado federal Fernando Manzanilla y al exlegislador local Jos\u00e9 Juan Espinosa, todos ellos ubicados por Barbosa como parte de la \u00abbanda de los conejos\u00bb, a quienes acusa de boicotear su gobierno.<\/p>\n\n\n\n<p>La periodista dice que resulta incongruente que el gobierno le reclame por abrir las p\u00e1ginas de El Popular a diversos actores politicos, cuando antes Barbosa se benefici\u00f3 de esa pol\u00edtica editorial. En entrevista, Fern\u00e1ndez dice que al principio confiaba en que el gobierno de la 4T entender\u00eda que el convenio publicitario s\u00f3lo implicaba difusi\u00f3n a eventos oficiales, pero no compromet\u00eda la l\u00ednea editorial. Pronto se dio cuenta de que no era as\u00ed.<\/p>\n\n\n\n<p>En una reuni\u00f3n V\u00e9lez Macuil se dedic\u00f3 a denostar a Rodolfo Ruiz, cuya columna publicaba El Popular desde hac\u00eda 11 a\u00f1os. \u00ab\u00bfMe est\u00e1s sugiriendo que ya no la publique?\u00bb, le pregunt\u00f3. Pero la vocera ataj\u00f3: \u00abNo, en la 4T no nos manejamos as\u00ed\u00bb. Sin embargo, d\u00edas despu\u00e9s El Popular fue demandado&nbsp;por la informaci\u00f3n publicada en la columna de Ruiz.<\/p>\n\n\n\n<p>Esas denuncias se retiraron y la columna de Ruiz dej\u00f3 de publicarse en ese medio, pero los reclamos de la vocera siguieron. Incluso, refiere que V\u00e9lez Macuil se quej\u00f3 con ella porque Abel Cuapa, reportero de ese portal, criticaba a Barbosa en sus redes sociales.<\/p>\n\n\n\n<p>Fern\u00e1ndez Galindo expone que los ataques contra El Popular se convirtieron en un desgaste psicol\u00f3gico y econ\u00f3mico, aunque conf\u00eda que el gobierno no encontrar\u00e1 nada en las auditor\u00edas que emprendi\u00f3.&nbsp;<\/p>\n\n\n\n<p><strong>\u00abLa cargada medi\u00e1tica\u00bb&nbsp;<\/strong><\/p>\n\n\n\n<p>Tras los comicios extraordinarios de 2019, el periodista Jorge Machuca public\u00f3 un libro llamado La cargada medi\u00e1tica. En su investigaci\u00f3n puso en evidencia el giro de 180 grados que dieron los medios poblanos tras la muerte de Martha \u00c9rika Alonso y Moreno Valle. Uno de ellos es Diario Cambio, cuyo director incluso fue contratado por Barbosa como asesor, despu\u00e9s de que ese medio fue uno de los principales art\u00edfices de la \u00abguerra sucia\u00bb de 2018.<\/p>\n\n\n\n<p>\u00abLos medios que m\u00e1s criticaban a Barbosa, los que lo ridiculizaban, que dec\u00edan que era un corrupto, que no estaba ni titulado, que ten\u00eda no s\u00e9 cu\u00e1ntas casas y que se gastaba no s\u00e9 cu\u00e1nto dinero en viajes al extranjero, son los medios que hoy Barbosa tiene comiendo de su mano, que apapachan a Barbosa\u00bb, resume Machuca.<\/p>\n\n\n\n<p>A decir de Rodolfo Ruiz, es claro que en lugar de promover cambios, el morenista capitaliz\u00f3 las estructuras creadas por Moreno Valle, incluidos los medios a su servicio. Tambi\u00e9n, como ocurri\u00f3 en el morenovallismo, han llegado a Puebla nuevos medios. Uno de los m\u00e1s representativos es La Cr\u00f3nica Puebla, propiedad del empresario Javier Pacheco Pensado -hijo de Guillermo Pacheco Pulido, exgobemador interino de Puebla- y del diputado local Juan Pablo Kuri, ambos cercanos a Barbosa.<\/p>\n\n\n\n<p>El peri\u00f3dico 24 Horas era propiedad del morenovallista Eukid Casta\u00f1\u00f3n, pero despu\u00e9s de caer preso lo vendi\u00f3 a \u00c9dgar Nava, empresario marinista que fue subcontratado para surtir las mil patrullas que arrend\u00f3 la administraci\u00f3n de Barbosa.<\/p>\n\n\n\n<p>Otro medio es Contra R\u00e9plica, del empresario radiof\u00f3nico Antonio Grajales, pero que hasta hace unos d\u00edas era dirigido por Mario Alberto Mej\u00eda, uno de los que m\u00e1s atac\u00f3 a Barbosa en 2018 y quien ahora es su columnista \u00abde cabecera\u00bb.<\/p>\n\n\n\n<p>El 26 de diciembre de 2018 Mej\u00eda escribi\u00f3: \u00abCuentan que en el helic\u00f3ptero en el que iban, entre otros, Martha \u00c9rika Alonso y Rafael Moreno Valle, iba un sexto pasajero. Su nombre: Miguel Barbosa Huerta&#8230; Hay cad\u00e1veres que no saben que est\u00e1n muertos. Barbosa no lo sabe\u00bb.<\/p>\n\n\n\n<p>Hace unos d\u00edas, este periodista anunci\u00f3 que abrir\u00eda su propio peri\u00f3dico. Y mientras que medios como e-consulta y El Popular son vetados, los nuevos peri\u00f3dicos obtienen en autom\u00e1tico contratos publicitarios. De \u00e9stos se desconocen montos, pues desde 2020 el gobierno no transparenta su gasto en comunicaci\u00f3n.<\/p>\n\n\n\n<p>Proceso pidi\u00f3 a la oficina de comunicaci\u00f3n del gobierno de Puebla una respuesta a los se\u00f1alamientos de e-consulta y El Popular, pero la dependencia puntualiz\u00f3 que no emitir\u00eda ninguna postura al respecto.<\/p>\n\n\n\n<p>Fuente: https:\/\/www.e-consulta.com\/nota\/2021-11-27\/gobierno\/exhibe-proceso-acoso-del-gobierno-de-puebla-medios-criticos<\/p>\n","protected":false},"excerpt":{"rendered":"<p>De ser de los pocos medios que dieron espacio a Miguel Barbosa en 2018, ahora e-consulta y El Popular padecen [&hellip;]<\/p>\n","protected":false},"author":1,"featured_media":16519,"comment_status":"open","ping_status":"open","sticky":false,"template":"","format":"standard","meta":{"site-sidebar-layout":"default","site-content-layout":"","ast-site-content-layout":"default","site-content-style":"default","site-sidebar-style":"default","ast-global-header-display":"","ast-banner-title-visibility":"","ast-main-header-display":"","ast-hfb-above-header-display":"","ast-hfb-below-header-display":"","ast-hfb-mobile-header-display":"","site-post-title":"","ast-breadcrumbs-content":"","ast-featured-img":"","footer-sml-layout":"","theme-transparent-header-meta":"","adv-header-id-meta":"","stick-header-meta":"","header-above-stick-meta":"","header-main-stick-meta":"","header-below-stick-meta":"","astra-migrate-meta-layouts":"default","ast-page-background-enabled":"default","ast-page-background-meta":{"desktop":{"background-color":"var(--ast-global-color-4)","background-image":"","background-repeat":"repeat","background-position":"center center","background-size":"auto","background-attachment":"scroll","background-type":"","background-media":"","overlay-type":"","overlay-color":"","overlay-opacity":"","overlay-gradient":""},"tablet":{"background-color":"","background-image":"","background-repeat":"repeat","background-position":"center center","background-size":"auto","background-attachment":"scroll","background-type":"","background-media":"","overlay-type":"","overlay-color":"","overlay-opacity":"","overlay-gradient":""},"mobile":{"background-color":"","background-image":"","background-repeat":"repeat","background-position":"center center","background-size":"auto","background-attachment":"scroll","background-type":"","background-media":"","overlay-type":"","overlay-color":"","overlay-opacity":"","overlay-gradient":""}},"ast-content-background-meta":{"desktop":{"background-color":"var(--ast-global-color-5)","background-image":"","background-repeat":"repeat","background-position":"center center","background-size":"auto","background-attachment":"scroll","background-type":"","background-media":"","overlay-type":"","overlay-color":"","overlay-opacity":"","overlay-gradient":""},"tablet":{"background-color":"var(--ast-global-color-5)","background-image":"","background-repeat":"repeat","background-position":"center center","background-size":"auto","background-attachment":"scroll","background-type":"","background-media":"","overlay-type":"","overlay-color":"","overlay-opacity":"","overlay-gradient":""},"mobile":{"background-color":"var(--ast-global-color-5)","background-image":"","background-repeat":"repeat","background-position":"center center","background-size":"auto","background-attachment":"scroll","background-type":"","background-media":"","overlay-type":"","overlay-color":"","overlay-opacity":"","overlay-gradient":""}},"footnotes":""},"categories":[8],"tags":[5618,5619,5620,73,5621],"class_list":["post-16518","post","type-post","status-publish","format-standard","has-post-thumbnail","hentry","category-noticias","tag-e-consulta","tag-el-popular","tag-libertad-de-expresion-puebla","tag-miguel-barbosa","tag-rafael-moreno-valle-rosas"],"_links":{"self":[{"href":"https:\/\/losperiodistas.com.mx\/portal\/wp-json\/wp\/v2\/posts\/16518","targetHints":{"allow":["GET"]}}],"collection":[{"href":"https:\/\/losperiodistas.com.mx\/portal\/wp-json\/wp\/v2\/posts"}],"about":[{"href":"https:\/\/losperiodistas.com.mx\/portal\/wp-json\/wp\/v2\/types\/post"}],"author":[{"embeddable":true,"href":"https:\/\/losperiodistas.com.mx\/portal\/wp-json\/wp\/v2\/users\/1"}],"replies":[{"embeddable":true,"href":"https:\/\/losperiodistas.com.mx\/portal\/wp-json\/wp\/v2\/comments?post=16518"}],"version-history":[{"count":1,"href":"https:\/\/losperiodistas.com.mx\/portal\/wp-json\/wp\/v2\/posts\/16518\/revisions"}],"predecessor-version":[{"id":16520,"href":"https:\/\/losperiodistas.com.mx\/portal\/wp-json\/wp\/v2\/posts\/16518\/revisions\/16520"}],"wp:featuredmedia":[{"embeddable":true,"href":"https:\/\/losperiodistas.com.mx\/portal\/wp-json\/wp\/v2\/media\/16519"}],"wp:attachment":[{"href":"https:\/\/losperiodistas.com.mx\/portal\/wp-json\/wp\/v2\/media?parent=16518"}],"wp:term":[{"taxonomy":"category","embeddable":true,"href":"https:\/\/losperiodistas.com.mx\/portal\/wp-json\/wp\/v2\/categories?post=16518"},{"taxonomy":"post_tag","embeddable":true,"href":"https:\/\/losperiodistas.com.mx\/portal\/wp-json\/wp\/v2\/tags?post=16518"}],"curies":[{"name":"wp","href":"https:\/\/api.w.org\/{rel}","templated":true}]}}