{"id":16500,"date":"2021-11-28T07:32:32","date_gmt":"2021-11-28T13:32:32","guid":{"rendered":"http:\/\/losperiodistas.com.mx\/portal\/?p=16500"},"modified":"2021-11-28T07:33:23","modified_gmt":"2021-11-28T13:33:23","slug":"con-el-primer-domingo-de-adviento-inicia-el-nuevo-ano-liturgico-2021-aci","status":"publish","type":"post","link":"https:\/\/losperiodistas.com.mx\/portal\/con-el-primer-domingo-de-adviento-inicia-el-nuevo-ano-liturgico-2021-aci\/","title":{"rendered":"Con el Primer Domingo de Adviento inicia el Nuevo A\u00f1o Lit\u00fargico 2021 | ACI"},"content":{"rendered":"\n<p><\/p>\n\n\n\n<figure class=\"wp-block-image\"><img decoding=\"async\" src=\"https:\/\/www.aciprensa.com\/imagespp\/primerdomingoad2014.jpg\" alt=\"Con el Primer Domingo de Adviento inicia el Nuevo A\u00f1o Lit\u00fargico 2021\" title=\"Con el Primer Domingo de Adviento inicia el Nuevo A\u00f1o Lit\u00fargico 2021\"\/><\/figure>\n\n\n\n<p class=\"has-vivid-cyan-blue-color has-text-color has-medium-font-size\">ACI PRENSA<\/p>\n\n\n\n<p>El primer domingo de Adviento es el primer d\u00eda del Nuevo A\u00f1o Lit\u00fargico para la Iglesia Cat\u00f3lica y en esta ocasi\u00f3n, en el&nbsp;<a href=\"https:\/\/www.aciprensa.com\/calendario\/calendario.php?dia=29&amp;mes=11&amp;ano=2020\">Evangelio (Lucas 21, 25-28.34-36)<\/a>, Jes\u00fas anima a los fieles a \u201cestar atentos y vigilar\u201d.<\/p>\n\n\n\n<p>Asimismo, las lecturas b\u00edblicas de esta primera semana y la predicaci\u00f3n son una invitaci\u00f3n a estar vigilantes para cuando venga el&nbsp;Se\u00f1or. Por ello, es importante que en las familias se haga un prop\u00f3sito que les permita avanzar en el camino hacia la Navidad.<\/p>\n\n\n\n<p>En un momento propicio o &nbsp;tal vez despu\u00e9s del encendido de la primera vela de la corona de adviento, los miembros del hogar podr\u00edan comenzar revisando las relaciones familiares y terminar pidiendo perd\u00f3n a quienes se ha ofendido, as\u00ed como d\u00e1ndolo a los dem\u00e1s.<\/p>\n\n\n\n<p>Esto debe ser el principio de un renovado a\u00f1o en el que se buscar\u00e1 seguir creciendo en un ambiente de armon\u00eda y amor familiar. Lo cual tambi\u00e9n deber\u00e1 extenderse a los dem\u00e1s grupos con el que cotidianamente uno se relaciona, ya sea en la escuela, el trabajo, el vecindario, etc.<\/p>\n\n\n\n<p>Para terminar, es importante recordar que el A\u00f1o Lit\u00fargico es el conjunto de las celebraciones con las cuales la Iglesia conmemora anualmente el misterio de Cristo.<\/p>\n\n\n\n<p>El tiempo de Adviento, que es el primer per\u00edodo del A\u00f1o Lit\u00fargico, tiene una duraci\u00f3n de cuatro semanas, comienza este domingo 28 de noviembre y se prolonga hasta el 24 de diciembre. Las lecturas son las correspondientes al Ciclo C.<\/p>\n\n\n\n<p>Fuente:   https:\/\/www.aciprensa.com\/noticias\/hoy-se-celebra-el-primer-domingo-de-adviento-y-se-inicia-el-nuevo-ano-liturgico-14016<\/p>\n","protected":false},"excerpt":{"rendered":"<p>ACI PRENSA El primer domingo de Adviento es el primer d\u00eda del Nuevo A\u00f1o Lit\u00fargico para la Iglesia Cat\u00f3lica y [&hellip;]<\/p>\n","protected":false},"author":1,"featured_media":16517,"comment_status":"open","ping_status":"open","sticky":false,"template":"","format":"standard","meta":{"site-sidebar-layout":"default","site-content-layout":"","ast-site-content-layout":"default","site-content-style":"default","site-sidebar-style":"default","ast-global-header-display":"","ast-banner-title-visibility":"","ast-main-header-display":"","ast-hfb-above-header-display":"","ast-hfb-below-header-display":"","ast-hfb-mobile-header-display":"","site-post-title":"","ast-breadcrumbs-content":"","ast-featured-img":"","footer-sml-layout":"","theme-transparent-header-meta":"","adv-header-id-meta":"","stick-header-meta":"","header-above-stick-meta":"","header-main-stick-meta":"","header-below-stick-meta":"","astra-migrate-meta-layouts":"default","ast-page-background-enabled":"default","ast-page-background-meta":{"desktop":{"background-color":"var(--ast-global-color-4)","background-image":"","background-repeat":"repeat","background-position":"center center","background-size":"auto","background-attachment":"scroll","background-type":"","background-media":"","overlay-type":"","overlay-color":"","overlay-opacity":"","overlay-gradient":""},"tablet":{"background-color":"","background-image":"","background-repeat":"repeat","background-position":"center center","background-size":"auto","background-attachment":"scroll","background-type":"","background-media":"","overlay-type":"","overlay-color":"","overlay-opacity":"","overlay-gradient":""},"mobile":{"background-color":"","background-image":"","background-repeat":"repeat","background-position":"center center","background-size":"auto","background-attachment":"scroll","background-type":"","background-media":"","overlay-type":"","overlay-color":"","overlay-opacity":"","overlay-gradient":""}},"ast-content-background-meta":{"desktop":{"background-color":"var(--ast-global-color-5)","background-image":"","background-repeat":"repeat","background-position":"center center","background-size":"auto","background-attachment":"scroll","background-type":"","background-media":"","overlay-type":"","overlay-color":"","overlay-opacity":"","overlay-gradient":""},"tablet":{"background-color":"var(--ast-global-color-5)","background-image":"","background-repeat":"repeat","background-position":"center center","background-size":"auto","background-attachment":"scroll","background-type":"","background-media":"","overlay-type":"","overlay-color":"","overlay-opacity":"","overlay-gradient":""},"mobile":{"background-color":"var(--ast-global-color-5)","background-image":"","background-repeat":"repeat","background-position":"center center","background-size":"auto","background-attachment":"scroll","background-type":"","background-media":"","overlay-type":"","overlay-color":"","overlay-opacity":"","overlay-gradient":""}},"footnotes":""},"categories":[8],"tags":[5616,5617],"class_list":["post-16500","post","type-post","status-publish","format-standard","has-post-thumbnail","hentry","category-noticias","tag-nuevo-ano-liturgico","tag-primer-domingo-de-adviento"],"_links":{"self":[{"href":"https:\/\/losperiodistas.com.mx\/portal\/wp-json\/wp\/v2\/posts\/16500","targetHints":{"allow":["GET"]}}],"collection":[{"href":"https:\/\/losperiodistas.com.mx\/portal\/wp-json\/wp\/v2\/posts"}],"about":[{"href":"https:\/\/losperiodistas.com.mx\/portal\/wp-json\/wp\/v2\/types\/post"}],"author":[{"embeddable":true,"href":"https:\/\/losperiodistas.com.mx\/portal\/wp-json\/wp\/v2\/users\/1"}],"replies":[{"embeddable":true,"href":"https:\/\/losperiodistas.com.mx\/portal\/wp-json\/wp\/v2\/comments?post=16500"}],"version-history":[{"count":1,"href":"https:\/\/losperiodistas.com.mx\/portal\/wp-json\/wp\/v2\/posts\/16500\/revisions"}],"predecessor-version":[{"id":16516,"href":"https:\/\/losperiodistas.com.mx\/portal\/wp-json\/wp\/v2\/posts\/16500\/revisions\/16516"}],"wp:featuredmedia":[{"embeddable":true,"href":"https:\/\/losperiodistas.com.mx\/portal\/wp-json\/wp\/v2\/media\/16517"}],"wp:attachment":[{"href":"https:\/\/losperiodistas.com.mx\/portal\/wp-json\/wp\/v2\/media?parent=16500"}],"wp:term":[{"taxonomy":"category","embeddable":true,"href":"https:\/\/losperiodistas.com.mx\/portal\/wp-json\/wp\/v2\/categories?post=16500"},{"taxonomy":"post_tag","embeddable":true,"href":"https:\/\/losperiodistas.com.mx\/portal\/wp-json\/wp\/v2\/tags?post=16500"}],"curies":[{"name":"wp","href":"https:\/\/api.w.org\/{rel}","templated":true}]}}