{"id":16496,"date":"2021-11-27T07:50:00","date_gmt":"2021-11-27T13:50:00","guid":{"rendered":"http:\/\/losperiodistas.com.mx\/portal\/?p=16496"},"modified":"2021-11-27T07:50:01","modified_gmt":"2021-11-27T13:50:01","slug":"pfizer-asegura-que-en-seis-semanas-podria-tener-lista-la-vacuna-contra-la-nueva-variante-omicron-cope","status":"publish","type":"post","link":"https:\/\/losperiodistas.com.mx\/portal\/pfizer-asegura-que-en-seis-semanas-podria-tener-lista-la-vacuna-contra-la-nueva-variante-omicron-cope\/","title":{"rendered":"Pfizer asegura que en seis semanas podr\u00eda tener lista la vacuna contra la nueva variante \u00f3micron | COPE"},"content":{"rendered":"\n<p style=\"font-size:18px\"><em>La farmac\u00e9utica tambi\u00e9n se\u00f1ala que en 100 d\u00edas podr\u00eda empezar su inoculaci\u00f3n. Los laboratorios pisan el acelerador ante la amenaza de esta nueva variante originada en \u00c1frica<\/em><\/p>\n\n\n\n<p><\/p>\n\n\n\n<figure class=\"wp-block-image size-large\"><img fetchpriority=\"high\" decoding=\"async\" width=\"1024\" height=\"678\" src=\"https:\/\/losperiodistas.com.mx\/portal\/wp-content\/uploads\/2021\/11\/Captura-de-Pantalla-2021-11-27-a-las-7.46.09-1024x678.jpg\" alt=\"\" class=\"wp-image-16497\" srcset=\"https:\/\/losperiodistas.com.mx\/portal\/wp-content\/uploads\/2021\/11\/Captura-de-Pantalla-2021-11-27-a-las-7.46.09-1024x678.jpg 1024w, https:\/\/losperiodistas.com.mx\/portal\/wp-content\/uploads\/2021\/11\/Captura-de-Pantalla-2021-11-27-a-las-7.46.09-300x199.jpg 300w, https:\/\/losperiodistas.com.mx\/portal\/wp-content\/uploads\/2021\/11\/Captura-de-Pantalla-2021-11-27-a-las-7.46.09-768x508.jpg 768w, https:\/\/losperiodistas.com.mx\/portal\/wp-content\/uploads\/2021\/11\/Captura-de-Pantalla-2021-11-27-a-las-7.46.09-1536x1017.jpg 1536w, https:\/\/losperiodistas.com.mx\/portal\/wp-content\/uploads\/2021\/11\/Captura-de-Pantalla-2021-11-27-a-las-7.46.09.jpg 1692w\" sizes=\"(max-width: 1024px) 100vw, 1024px\" \/><\/figure>\n\n\n\n<p class=\"has-vivid-cyan-blue-color has-text-color has-medium-font-size\">REDACCI\u00d3N DIGITAL \/ COPE<\/p>\n\n\n\n<p>La variante ya conocida como &#8216;\u00f3micron&#8217; ha hecho saltar todas las alarmas a nivel mundial por la posibilidad de que sea m\u00e1s contagiosa y pueda esquivar el efecto de los anticuerpos y, por tanto, de las vacunas.\u00a0<strong>Por ahora, no hay datos certeros sobre su perfil gen\u00e9tico, pero si se ha podido apreciar que posee una cantidad inusual de mutaciones.<\/strong><\/p>\n\n\n\n<p>Esta variante ha sido detectada, en primera instancia, en Botswana, Hong Kong, Israel y Sud\u00e1frica, donde su capacidad&nbsp;<strong>de contagio ha superado a la de la variante Delta.<\/strong><\/p>\n\n\n\n<p>La alerta fue dada este jueves por el Instituto Sudafricano de Enfermedades Infecciosas, al descubrir los primeros 22 casos de la nueva variante en Sud\u00e1frica. Por ahora se cuenta con un centenar,&nbsp;<strong>y se esperan m\u00e1s casos en las pr\u00f3ximas jornadas.<\/strong><\/p>\n\n\n\n<p>En este sentido, varios pa\u00edses han suspendido las conexiones a\u00e9reas con las zonas donde se han registrado casos, y tambi\u00e9n los mercados mundiales han experimentado p\u00e9rdidas ante la posibilidad&nbsp;<strong>de que esta nueva variante del coronavirus tenga una incidencia importante.<\/strong><\/p>\n\n\n\n<p>En este sentido, los principales laboratorios ya han puesto en marcha la maquinaria para asegurar que las vacunas sean efectivas ante esta variante. Por ello, desde BioNTech se ha asegurado que se est\u00e1 realizando\u00a0<strong>un estudio con urgencia para comprobar el compartimiento de su vacuna.<\/strong><\/p>\n\n\n\n<p>Una de las ventajas que tienen vacunas como la de Pfizer, de ARN mensajero, es que aunque una variante pueda escapar de su efectividad, en poco tiempo se puede disponer de otra adaptada a las nuevas exigencias.<strong>\u00a0Sobre ello, Pfizer anuncia que en un plazo de seis semanas podr\u00eda tener una vacuna efectiva ante esta variante, que podr\u00eda estar lista para inocular a la poblaci\u00f3n en un plazo de 100 d\u00edas.<\/strong><\/p>\n\n\n\n<p>Por su parte, Moderna alert\u00f3 de que las mutaciones observadas en la variante son \u00abpreocupantes\u00bb&nbsp;<strong>y explic\u00f3 que probar\u00e1 varias dosis de refuerzo de su vacuna para ver cu\u00e1l es la reacci\u00f3n.<\/strong><\/p>\n\n\n\n<p>Johnson &amp; Johnson, que comercializa su vacuna en Europa bajo el nombre de su subsidiaria Janssen, apunt\u00f3 que ya est\u00e1 probando la efectividad de su producto&nbsp;<strong>\u00abcontra la nueva variante de r\u00e1pida propagaci\u00f3n que se identific\u00f3 en el Sur de \u00c1frica\u00bb.<\/strong><\/p>\n\n\n\n<p>Tambi\u00e9n la estadounidense Novavax y la brit\u00e1nica AstraZeneca dijeron estar analizando el efecto de sus vacunas contra esta nueva variante. En paralelo, la Agencia Europea de Medicamentos (EMA) consider\u00f3 este viernes \u00abprematuro\u00bb prever si se necesitar\u00e1 adaptar las vacunas de la covid-19 \u00abcon una composici\u00f3n diferente\u00bb para hacer frente a la nueva variante,\u00a0<strong>sobre la que todav\u00eda la informaci\u00f3n es \u00abinsuficiente\u00bb.<\/strong><\/p>\n\n\n\n<p>Estas declaraciones se producen despu\u00e9s de que la OMS, reunida esta semana de urgencias,&nbsp;<strong>explicase que la variante &#8216;\u00f3micron&#8217; ha sido considerada \u00abuna variante de preocupaci\u00f3n\u00bb.<\/strong><\/p>\n\n\n\n<p>Por su parte Bruselas, con la presidenta de la Comisi\u00f3n Europea al frente, Ursula von der Leyen,<strong>\u00a0ha pedido a los fabricantes de vacunas que adapten cuanto antes sus productos a los efectos de estas variantes.<\/strong><\/p>\n\n\n\n<p>Fuente: https:\/\/www.cope.es\/actualidad\/internacional\/noticias\/pfizer-asegura-que-seis-semanas-podria-tener-lista-vacuna-contra-nueva-variante-omicron-20211127_1645234<\/p>\n","protected":false},"excerpt":{"rendered":"<p>La farmac\u00e9utica tambi\u00e9n se\u00f1ala que en 100 d\u00edas podr\u00eda empezar su inoculaci\u00f3n. Los laboratorios pisan el acelerador ante la amenaza [&hellip;]<\/p>\n","protected":false},"author":1,"featured_media":16497,"comment_status":"open","ping_status":"open","sticky":false,"template":"","format":"standard","meta":{"site-sidebar-layout":"default","site-content-layout":"","ast-site-content-layout":"default","site-content-style":"default","site-sidebar-style":"default","ast-global-header-display":"","ast-banner-title-visibility":"","ast-main-header-display":"","ast-hfb-above-header-display":"","ast-hfb-below-header-display":"","ast-hfb-mobile-header-display":"","site-post-title":"","ast-breadcrumbs-content":"","ast-featured-img":"","footer-sml-layout":"","theme-transparent-header-meta":"","adv-header-id-meta":"","stick-header-meta":"","header-above-stick-meta":"","header-main-stick-meta":"","header-below-stick-meta":"","astra-migrate-meta-layouts":"default","ast-page-background-enabled":"default","ast-page-background-meta":{"desktop":{"background-color":"var(--ast-global-color-4)","background-image":"","background-repeat":"repeat","background-position":"center center","background-size":"auto","background-attachment":"scroll","background-type":"","background-media":"","overlay-type":"","overlay-color":"","overlay-opacity":"","overlay-gradient":""},"tablet":{"background-color":"","background-image":"","background-repeat":"repeat","background-position":"center center","background-size":"auto","background-attachment":"scroll","background-type":"","background-media":"","overlay-type":"","overlay-color":"","overlay-opacity":"","overlay-gradient":""},"mobile":{"background-color":"","background-image":"","background-repeat":"repeat","background-position":"center center","background-size":"auto","background-attachment":"scroll","background-type":"","background-media":"","overlay-type":"","overlay-color":"","overlay-opacity":"","overlay-gradient":""}},"ast-content-background-meta":{"desktop":{"background-color":"var(--ast-global-color-5)","background-image":"","background-repeat":"repeat","background-position":"center center","background-size":"auto","background-attachment":"scroll","background-type":"","background-media":"","overlay-type":"","overlay-color":"","overlay-opacity":"","overlay-gradient":""},"tablet":{"background-color":"var(--ast-global-color-5)","background-image":"","background-repeat":"repeat","background-position":"center center","background-size":"auto","background-attachment":"scroll","background-type":"","background-media":"","overlay-type":"","overlay-color":"","overlay-opacity":"","overlay-gradient":""},"mobile":{"background-color":"var(--ast-global-color-5)","background-image":"","background-repeat":"repeat","background-position":"center center","background-size":"auto","background-attachment":"scroll","background-type":"","background-media":"","overlay-type":"","overlay-color":"","overlay-opacity":"","overlay-gradient":""}},"footnotes":""},"categories":[8],"tags":[5615,5613],"class_list":["post-16496","post","type-post","status-publish","format-standard","has-post-thumbnail","hentry","category-noticias","tag-pfizer-omicron","tag-vacuna-omicron"],"_links":{"self":[{"href":"https:\/\/losperiodistas.com.mx\/portal\/wp-json\/wp\/v2\/posts\/16496","targetHints":{"allow":["GET"]}}],"collection":[{"href":"https:\/\/losperiodistas.com.mx\/portal\/wp-json\/wp\/v2\/posts"}],"about":[{"href":"https:\/\/losperiodistas.com.mx\/portal\/wp-json\/wp\/v2\/types\/post"}],"author":[{"embeddable":true,"href":"https:\/\/losperiodistas.com.mx\/portal\/wp-json\/wp\/v2\/users\/1"}],"replies":[{"embeddable":true,"href":"https:\/\/losperiodistas.com.mx\/portal\/wp-json\/wp\/v2\/comments?post=16496"}],"version-history":[{"count":1,"href":"https:\/\/losperiodistas.com.mx\/portal\/wp-json\/wp\/v2\/posts\/16496\/revisions"}],"predecessor-version":[{"id":16498,"href":"https:\/\/losperiodistas.com.mx\/portal\/wp-json\/wp\/v2\/posts\/16496\/revisions\/16498"}],"wp:featuredmedia":[{"embeddable":true,"href":"https:\/\/losperiodistas.com.mx\/portal\/wp-json\/wp\/v2\/media\/16497"}],"wp:attachment":[{"href":"https:\/\/losperiodistas.com.mx\/portal\/wp-json\/wp\/v2\/media?parent=16496"}],"wp:term":[{"taxonomy":"category","embeddable":true,"href":"https:\/\/losperiodistas.com.mx\/portal\/wp-json\/wp\/v2\/categories?post=16496"},{"taxonomy":"post_tag","embeddable":true,"href":"https:\/\/losperiodistas.com.mx\/portal\/wp-json\/wp\/v2\/tags?post=16496"}],"curies":[{"name":"wp","href":"https:\/\/api.w.org\/{rel}","templated":true}]}}