{"id":16493,"date":"2021-11-27T07:26:21","date_gmt":"2021-11-27T13:26:21","guid":{"rendered":"http:\/\/losperiodistas.com.mx\/portal\/?p=16493"},"modified":"2021-11-27T07:26:23","modified_gmt":"2021-11-27T13:26:23","slug":"efemerides-del-27-de-noviembre-que-paso-un-dia-como-hoy-adn-40","status":"publish","type":"post","link":"https:\/\/losperiodistas.com.mx\/portal\/efemerides-del-27-de-noviembre-que-paso-un-dia-como-hoy-adn-40\/","title":{"rendered":"Efem\u00e9rides del 27 de noviembre: Qu\u00e9 pas\u00f3 un d\u00eda como hoy | ADN 40"},"content":{"rendered":"\n<p style=\"font-size:18px\"><em>El 27 de noviembre se celebra el \u201cD\u00eda Nacional de la Conservaci\u00f3n\u201d. Conoce las efem\u00e9rides de este d\u00eda.<\/em><\/p>\n\n\n\n<p><\/p>\n\n\n\n<figure class=\"wp-block-image size-large\"><img fetchpriority=\"high\" decoding=\"async\" width=\"968\" height=\"545\" src=\"https:\/\/losperiodistas.com.mx\/portal\/wp-content\/uploads\/2021\/11\/efem-nov-27.jpeg\" alt=\"\" class=\"wp-image-16494\" srcset=\"https:\/\/losperiodistas.com.mx\/portal\/wp-content\/uploads\/2021\/11\/efem-nov-27.jpeg 968w, https:\/\/losperiodistas.com.mx\/portal\/wp-content\/uploads\/2021\/11\/efem-nov-27-300x169.jpeg 300w, https:\/\/losperiodistas.com.mx\/portal\/wp-content\/uploads\/2021\/11\/efem-nov-27-768x432.jpeg 768w\" sizes=\"(max-width: 968px) 100vw, 968px\" \/><\/figure>\n\n\n\n<p>ADN 40<\/p>\n\n\n\n<h2 class=\"wp-block-heading\">Qu\u00e9 se conmemora cada 27 de noviembre<\/h2>\n\n\n\n<h2 class=\"wp-block-heading\">D\u00eda Nacional de la Conservaci\u00f3n<\/h2>\n\n\n\n<p>El<strong>&nbsp;27 de noviembre<\/strong>, desde 2021, en M\u00e9xico se celebra este d\u00eda, con el objetivo de proteger el medio ambiente y su diversidad. M\u00e9xico tiene entre el 10 y 12 por ciento de las especies del mundo, y entre el 50 y 60% de las plantas conocidas.<\/p>\n\n\n\n<h2 class=\"wp-block-heading\">Efem\u00e9rides del 27 de noviembre de 2021<\/h2>\n\n\n\n<p>176: El emperador Marco Aurelio concede a su hijo C\u00f3modo el rango de emperador y comandante supremo de las legiones romanas.<\/p>\n\n\n\n<p>1095: En el Concilio de Clermont (Francia), el papa Urbano II convoca a la Primera Cruzada.<\/p>\n\n\n\n<p>1515: Es fundada la ciudad de Cuman\u00e1 (Venezuela), la primera ciudad fundada en Am\u00e9rica.<\/p>\n\n\n\n<figure class=\"wp-block-image\"><img decoding=\"async\" src=\"https:\/\/tvazteca.brightspotcdn.com\/dims4\/default\/adbae47\/2147483647\/strip\/true\/crop\/2560x1920+0+0\/resize\/968x726!\/format\/jpg\/quality\/80\/?url=https%3A%2F%2Ftvazteca.brightspotcdn.com%2F15%2Fb5%2F2ad504f145dcaae32ccef90e4cb8%2Fefemerides-27-de-noviembre-2.jpg\" alt=\"efem\u00e9rides 27 de noviembre 2.jpg\"\/><\/figure>\n\n\n\n<p><br>1520: En el extremo sur de Am\u00e9rica, Fernando de Magallanes cruza el estrecho que lleva su nombre.<\/p>\n\n\n\n<p>1820: En Santa Ana de Trujillo (Venezuela), el general Sim\u00f3n Bol\u00edvar (presidente de la Rep\u00fablica de Gran Colombia) y el general Pablo Morillo (capit\u00e1n de las fuerzas realistas en Venezuela) firman el&nbsp;<em>Tratado de Armisticio y Regularizaci\u00f3n de la Guerra<\/em>.<\/p>\n\n\n\n<p>1838: Se inicia la batalla de San Juan de Ul\u00faa donde las tropas francesas comandadas por el almirante Charles Baudin derrotar\u00e1n a al Ej\u00e9rcito Mexicano al mando de los generales Antonio L\u00f3pez de Santa Anna y Mariano Arista en la fortaleza de San Juan de Ul\u00faa en el estado de Veracruz, M\u00e9xico.<\/p>\n\n\n\n<p>1871: En La Habana (Cuba) el Gobierno colonial hace fusilar a ocho estudiantes de la c\u00e1tedra de Medicina de la Universidad de La Habana.<\/p>\n\n\n\n<p>1895: Alfred Nobel dispone en su testamento que las rentas de su fortuna se distribuyan en los cinco premios Nobel.<\/p>\n\n\n\n<p>1911: Se eleva a precepto constitucional el principio de \u201cNo reelecci\u00f3n\u201d, que proh\u00edbe la reelecci\u00f3n del Presidente y vicepresidente de la Rep\u00fablica.<\/p>\n\n\n\n<p>1915: Alemania lleva a cabo un ataque a\u00e9reo contra Inglaterra.<\/p>\n\n\n\n<p>1916: Inician en Quer\u00e9taro las&nbsp;<em>sesiones del Congreso Constituyente<\/em>.<\/p>\n\n\n\n<figure class=\"wp-block-image\"><img decoding=\"async\" src=\"https:\/\/tvazteca.brightspotcdn.com\/dims4\/default\/0b90b7a\/2147483647\/strip\/true\/crop\/682x482+0+0\/resize\/968x684!\/format\/jpg\/quality\/80\/?url=https%3A%2F%2Ftvazteca.brightspotcdn.com%2F85%2Fdd%2F399e22024ebda883b43f054cbc1c%2Fefemerides-27-de-noviembre-3.jpg\" alt=\"efem\u00e9rides 27 de noviembre 3.jpg\"\/><\/figure>\n\n\n\n<p>1971: El<a href=\"https:\/\/www.adn40.mx\/internacional\/propulsion-nuclear-rusia-nave-gm-especial\" target=\"_blank\" rel=\"noreferrer noopener\">&nbsp;programa sovi\u00e9tico&nbsp;<\/a><em>Mars 2<\/em>&nbsp;intenta el descenso por Marte pero se estrella. Es el primer objeto humano que llega a la superficie del planeta rojo.<\/p>\n\n\n\n<p>1984: Espa\u00f1a y Gran Breta\u00f1a firman la \u201cDeclaraci\u00f3n de Bruselas\u201d, en la cual, por primera vez, la parte brit\u00e1nica admite que se abordar\u00e1n cuestiones de soberan\u00eda sobre el contencioso de Gibraltar.<\/p>\n\n\n\n<p>1992: En Venezuela, las fuerzas militares intentan otro golpe de estado y falla igual que el encabezado por&nbsp;<a href=\"https:\/\/www.adn40.mx\/noticia\/internacional\/notas\/2019-03-06-15-22\/recolectan-firmas-en-eua-para-deportar-a-la-hija-de-hugo-chavez\" target=\"_blank\" rel=\"noreferrer noopener\">Hugo Ch\u00e1vez&nbsp;<\/a>el 4 de febrero.<\/p>\n\n\n\n<p>2014: La inteligencia israel\u00ed frustra un atentado terrorista de Ham\u00e1s en el estadio m\u00e1s importante de Jerusal\u00e9n.<\/p>\n\n\n\n<p>Fuente: https:\/\/www.adn40.mx\/mexico\/efemerides-27-de-noviembre-gm-especial<\/p>\n","protected":false},"excerpt":{"rendered":"<p>El 27 de noviembre se celebra el \u201cD\u00eda Nacional de la Conservaci\u00f3n\u201d. Conoce las efem\u00e9rides de este d\u00eda. ADN 40 [&hellip;]<\/p>\n","protected":false},"author":1,"featured_media":16494,"comment_status":"open","ping_status":"open","sticky":false,"template":"","format":"standard","meta":{"site-sidebar-layout":"default","site-content-layout":"","ast-site-content-layout":"default","site-content-style":"default","site-sidebar-style":"default","ast-global-header-display":"","ast-banner-title-visibility":"","ast-main-header-display":"","ast-hfb-above-header-display":"","ast-hfb-below-header-display":"","ast-hfb-mobile-header-display":"","site-post-title":"","ast-breadcrumbs-content":"","ast-featured-img":"","footer-sml-layout":"","theme-transparent-header-meta":"","adv-header-id-meta":"","stick-header-meta":"","header-above-stick-meta":"","header-main-stick-meta":"","header-below-stick-meta":"","astra-migrate-meta-layouts":"default","ast-page-background-enabled":"default","ast-page-background-meta":{"desktop":{"background-color":"var(--ast-global-color-4)","background-image":"","background-repeat":"repeat","background-position":"center center","background-size":"auto","background-attachment":"scroll","background-type":"","background-media":"","overlay-type":"","overlay-color":"","overlay-opacity":"","overlay-gradient":""},"tablet":{"background-color":"","background-image":"","background-repeat":"repeat","background-position":"center center","background-size":"auto","background-attachment":"scroll","background-type":"","background-media":"","overlay-type":"","overlay-color":"","overlay-opacity":"","overlay-gradient":""},"mobile":{"background-color":"","background-image":"","background-repeat":"repeat","background-position":"center center","background-size":"auto","background-attachment":"scroll","background-type":"","background-media":"","overlay-type":"","overlay-color":"","overlay-opacity":"","overlay-gradient":""}},"ast-content-background-meta":{"desktop":{"background-color":"var(--ast-global-color-5)","background-image":"","background-repeat":"repeat","background-position":"center center","background-size":"auto","background-attachment":"scroll","background-type":"","background-media":"","overlay-type":"","overlay-color":"","overlay-opacity":"","overlay-gradient":""},"tablet":{"background-color":"var(--ast-global-color-5)","background-image":"","background-repeat":"repeat","background-position":"center center","background-size":"auto","background-attachment":"scroll","background-type":"","background-media":"","overlay-type":"","overlay-color":"","overlay-opacity":"","overlay-gradient":""},"mobile":{"background-color":"var(--ast-global-color-5)","background-image":"","background-repeat":"repeat","background-position":"center center","background-size":"auto","background-attachment":"scroll","background-type":"","background-media":"","overlay-type":"","overlay-color":"","overlay-opacity":"","overlay-gradient":""}},"footnotes":""},"categories":[8],"tags":[5611,5609,5610],"class_list":["post-16493","post","type-post","status-publish","format-standard","has-post-thumbnail","hentry","category-noticias","tag-cumana-venezuela","tag-dia-nacional-de-la-conservacion","tag-emperador-comodo"],"_links":{"self":[{"href":"https:\/\/losperiodistas.com.mx\/portal\/wp-json\/wp\/v2\/posts\/16493","targetHints":{"allow":["GET"]}}],"collection":[{"href":"https:\/\/losperiodistas.com.mx\/portal\/wp-json\/wp\/v2\/posts"}],"about":[{"href":"https:\/\/losperiodistas.com.mx\/portal\/wp-json\/wp\/v2\/types\/post"}],"author":[{"embeddable":true,"href":"https:\/\/losperiodistas.com.mx\/portal\/wp-json\/wp\/v2\/users\/1"}],"replies":[{"embeddable":true,"href":"https:\/\/losperiodistas.com.mx\/portal\/wp-json\/wp\/v2\/comments?post=16493"}],"version-history":[{"count":1,"href":"https:\/\/losperiodistas.com.mx\/portal\/wp-json\/wp\/v2\/posts\/16493\/revisions"}],"predecessor-version":[{"id":16495,"href":"https:\/\/losperiodistas.com.mx\/portal\/wp-json\/wp\/v2\/posts\/16493\/revisions\/16495"}],"wp:featuredmedia":[{"embeddable":true,"href":"https:\/\/losperiodistas.com.mx\/portal\/wp-json\/wp\/v2\/media\/16494"}],"wp:attachment":[{"href":"https:\/\/losperiodistas.com.mx\/portal\/wp-json\/wp\/v2\/media?parent=16493"}],"wp:term":[{"taxonomy":"category","embeddable":true,"href":"https:\/\/losperiodistas.com.mx\/portal\/wp-json\/wp\/v2\/categories?post=16493"},{"taxonomy":"post_tag","embeddable":true,"href":"https:\/\/losperiodistas.com.mx\/portal\/wp-json\/wp\/v2\/tags?post=16493"}],"curies":[{"name":"wp","href":"https:\/\/api.w.org\/{rel}","templated":true}]}}