{"id":16489,"date":"2021-11-27T07:21:12","date_gmt":"2021-11-27T13:21:12","guid":{"rendered":"http:\/\/losperiodistas.com.mx\/portal\/?p=16489"},"modified":"2021-11-27T07:50:39","modified_gmt":"2021-11-27T13:50:39","slug":"la-nueva-variante-efecto-del-acopio-de-vacunas-de-los-paises-ricos-amenaza-a-europa-a-las-puertas-de-navidad-publico","status":"publish","type":"post","link":"https:\/\/losperiodistas.com.mx\/portal\/la-nueva-variante-efecto-del-acopio-de-vacunas-de-los-paises-ricos-amenaza-a-europa-a-las-puertas-de-navidad-publico\/","title":{"rendered":"La nueva variante, efecto del acopio de vacunas de los pa\u00edses ricos, amenaza a Europa a las puertas de Navidad | P\u00fablico"},"content":{"rendered":"\n<p style=\"font-size:18px\"><em>La nueva variante, \u00f3micron, es \u00abpreocupante\u00bb, sin embargo, se conocen muy pocos datos y habr\u00e1 que esperar varias semanas para analizarlos y tener conclusiones.<\/em><\/p>\n\n\n\n<p><\/p>\n\n\n\n<figure class=\"wp-block-embed is-type-video is-provider-dailymotion wp-block-embed-dailymotion wp-embed-aspect-16-9 wp-has-aspect-ratio\"><div class=\"wp-block-embed__wrapper\">\n<iframe title=\"La nueva variante del coronavirus por la que Europa se blinda\" frameborder=\"0\" width=\"500\" height=\"281\" src=\"https:\/\/geo.dailymotion.com\/player.html?video=x85wgqg&#038;\" allowfullscreen allow=\"autoplay; fullscreen; picture-in-picture; web-share\"><\/iframe>\n<\/div><\/figure>\n\n\n\n<p><\/p>\n\n\n\n<p class=\"has-vivid-cyan-blue-color has-text-color has-medium-font-size\">BEATRIZ ASUAR GALLEGO \/ P\u00daBLICO<\/p>\n\n\n\n<p id=\"m387-386-388\">B\u00e9lgica ha detectado este viernes el primer caso de la nueva variante sudafricana en una mujer no vacunada que lleg\u00f3 a Europa de Egipto. Esto, posiblemente, signifique que la variante \u00f3micron est\u00e1 en muchos m\u00e1s territorios de los que se han registrado hasta ahora. Los expertos llevan meses avisando de que era muy probable que llegara una nueva variante de las&nbsp;<strong>zonas que tienen bajas coberturas de vacunaci\u00f3n<\/strong>, pero los Gobiernos de los pa\u00edses ricos no hicieron caso a las advertencias y siguieron acaparando vacunas. La inequidad en el reparto de las dosis, junto a la falta de producci\u00f3n, posiblemente provocar\u00e1n que &#8216;sustos&#8217; como el de este viernes se repitan tambi\u00e9n en el futuro.<\/p>\n\n\n\n<p id=\"m392-1-393\">Lo primero que dicen los expertos sobre la variante es que hay que esperar a tener m\u00e1s datos para analizar sus consecuencias. La alarma ha saltado este viernes tras&nbsp;<a href=\"https:\/\/www.publico.es\/sociedad\/variante-africana-efecto-acopio-vacunas-paises-ricos-amenaza-europa-puertas-navidad.html#\">una reuni\u00f3n de urgencia<\/a>&nbsp;de la<strong>&nbsp;Organizaci\u00f3n Mundial de la Salud (OMS)&nbsp;<\/strong>y, como se\u00f1ala el m\u00e9dico e investigador&nbsp;<strong>Salvador Macip<\/strong>, es cierto que es una \u00abvariante preocupante\u00bb que \u00abpuede dar problemas\u00bb, pero esto hay que comprobarlo en la pr\u00e1ctica.<\/p>\n\n\n\n<p id=\"m397-2-398\">Los datos actuales son muy limitados. Lo que se conoce, como explica el epidemi\u00f3logo<strong>&nbsp;Joan Carles March<\/strong>, es que la variante ha aparecido en zonas de Sud\u00e1frica en la que han crecido r\u00e1pidamente los contagios, que ya ha saltado al menos a un pa\u00eds europeo y que parece que tiene hasta 30 mutaciones, que hasta ahora estaban en distintas variables, y que por esto se intuye que pueda transmitirse m\u00e1s r\u00e1pido. Sin embargo,<strong>&nbsp;\u00abno se sabe si es m\u00e1s contagiosa ni si escapa a las vacunas\u00bb<\/strong>, a\u00f1ade. Una de las claves est\u00e1 en la prote\u00edna S (<em>spike<\/em>), que cubre la superficie del SARS-CoV-2 con prolongaciones con forma de corona (de ah\u00ed el nombre coronavirus) y se acopla a las c\u00e9lulas humanas dentro del cuerpo y las invade. Y al acoplarse a las c\u00e9lulas, se puede generar que se centre en la respuesta inmune.<\/p>\n\n\n\n<figure class=\"wp-block-pullquote\"><blockquote><p>Se tendr\u00e1n que esperar unas cuatro semanas para tener claras las consecuencias de la nueva variante<\/p><\/blockquote><\/figure>\n\n\n\n<p id=\"m407-4-408\">Y ese ser\u00eda el peor escenario. \u00abEl gran temor con cada variante es que sean m\u00e1s resistente a la inmunidad que dan las vacunas porque eso generar\u00eda la necesidad de dosis nuevas y m\u00e1s producci\u00f3n\u00bb, a\u00f1ade&nbsp;<strong>Jos\u00e9 Luis Mart\u00ednez Olmos<\/strong>, exsecretario general de Sanidad.<\/p>\n\n\n\n<p id=\"m412-5-413\">Pero hay que mirar esto con calma. De hecho, en este punto coinciden tanto los expertos citados como el epidemi\u00f3logo&nbsp;<strong>Pedro Gull\u00f3n&nbsp;<\/strong>que, adem\u00e1s, avisa del riesgo de jugar con el miedo con cada variante. La consecuencia es que puede pasar como ocurre en el cuento de<em>&nbsp;Pedro y el lobo<\/em>&nbsp;y que, de tanto que se diga que una variante es m\u00e1s peligrosa, cuando realmente llegue ya nadie se lo crea.<\/p>\n\n\n\n<p id=\"m417-6-418\">Por esto, hay que esperar a m\u00e1s datos para sacar conclusiones. Los sistemas de salud ya est\u00e1n trabajando en ello pero al menos habr\u00e1 que esperar unas cuatro semanas para tener una \u00abfotograf\u00eda exacta\u00bb, explica&nbsp;<strong>Mart\u00ednez Olmos<\/strong>.<\/p>\n\n\n\n<p id=\"m422-7-423\">Sin embargo, aunque a\u00fan no se conozcan las consecuencias sanitarias, s\u00ed se han notado ya las econ\u00f3micas \u2014m\u00e1s generadas por el miedo que por lo que se conoce a nivel cient\u00edfico\u2014.&nbsp;<a href=\"https:\/\/www.publico.es\/economia\/desplome-bolsas-nivel-global-temor-nueva-variante-covid.html\">Las bolsas de todo el mundo han sufrido un desplome.<\/a>&nbsp;El Ibex 35 ha registrado una ca\u00edda del 4,96%, la mayor desde el 11 junio de 2020.<\/p>\n\n\n\n<p id=\"m427-8-428\">Mientras que los Gobiernos han empezado a cerrar fronteras, que es algo que el exsecretario general de Sanidad y March entienden y comparten, pero que tambi\u00e9n genera dudas sobre la forma en la que se hace porque, como argumenta Macip, es muy dif\u00edcil saber los pa\u00edses que estar\u00edan en la lista negra y roja, sobre todo despu\u00e9s del caso detectado en B\u00e9lgica. De hecho, los expertos asumen que ya se ha expandido por Europa. Por esto, la eficacia real de cerrar el espacio a\u00e9reo no se presenta como una soluci\u00f3n.<\/p>\n\n\n\n<p id=\"m432-9-433\">Por otro lado, Gull\u00f3n se\u00f1ala que hay cierto \u00absesgo\u00bb a la hora de cerrar fronteras por parte de Europa y, en ese sentido, recuerda que no se cerraron cuando se conoci\u00f3 que la variante Delta Plus estaba en Reino Unido.<\/p>\n\n\n\n<h2 class=\"wp-block-heading\" id=\"m437-10-438\">\u00bfConsecuencia de la desigualdad de las vacunas?<\/h2>\n\n\n\n<p id=\"m442-11-443\">Los expertos en Salud P\u00fablica llevan meses avisando del riesgo de que lleguen nuevas variantes de zonas de Sud\u00e1frica, donde la cobertura de vacunaci\u00f3n es muy baja. Como se refleja en el siguiente mapa de&nbsp;<em>Our World in Data<\/em>, el mundo est\u00e1 dividido: los pa\u00edses ricos tienen altas tasas y pensando en inocular ya las terceras dosis, mientras que los pobres ni siquiera han vacunado a todos sus mayores o sanitarios.<\/p>\n\n\n\n<figure class=\"wp-block-image size-large\"><img fetchpriority=\"high\" decoding=\"async\" width=\"1024\" height=\"934\" src=\"https:\/\/losperiodistas.com.mx\/portal\/wp-content\/uploads\/2021\/11\/Captura-de-Pantalla-2021-11-27-a-las-7.18.52-1024x934.jpg\" alt=\"\" class=\"wp-image-16490\" srcset=\"https:\/\/losperiodistas.com.mx\/portal\/wp-content\/uploads\/2021\/11\/Captura-de-Pantalla-2021-11-27-a-las-7.18.52-1024x934.jpg 1024w, https:\/\/losperiodistas.com.mx\/portal\/wp-content\/uploads\/2021\/11\/Captura-de-Pantalla-2021-11-27-a-las-7.18.52-300x274.jpg 300w, https:\/\/losperiodistas.com.mx\/portal\/wp-content\/uploads\/2021\/11\/Captura-de-Pantalla-2021-11-27-a-las-7.18.52-768x701.jpg 768w, https:\/\/losperiodistas.com.mx\/portal\/wp-content\/uploads\/2021\/11\/Captura-de-Pantalla-2021-11-27-a-las-7.18.52-396x360.jpg 396w, https:\/\/losperiodistas.com.mx\/portal\/wp-content\/uploads\/2021\/11\/Captura-de-Pantalla-2021-11-27-a-las-7.18.52.jpg 1326w\" sizes=\"(max-width: 1024px) 100vw, 1024px\" \/><figcaption>https:\/\/ourworldindata.org\/grapher\/daily-covid-vaccination-doses-per-capita?tab=map<\/figcaption><\/figure>\n\n\n\n<p id=\"m442-11-443\"><\/p>\n\n\n\n<p id=\"m452-13-453\">Mart\u00ednez Olmos se\u00f1ala que hay un problema de capacidad de producci\u00f3n de vacunas para inmunizar a todo el mundo y que, por eso, habr\u00e1 que mantener precauciones todav\u00eda durante muchos meses.<\/p>\n\n\n\n<p id=\"m457-14-458\">Sin embargo, tambi\u00e9n reconoce que la inequidad es grave y que se tiene que corregir. De hecho, como a\u00f1ade Gull\u00f3n, si no se hace esto es muy probable que sigamos teniendo &#8216;sustos&#8217; como este porque es \u00abconsecuencia\u00bb de que se deje que el virus se transmita por determinados lugares.<\/p>\n\n\n\n<h2 class=\"wp-block-heading\" id=\"m462-15-463\">\u00bfY qu\u00e9 hay que hacer ahora?<\/h2>\n\n\n\n<p id=\"m467-16-468\">Tras la experiencia de las otras variantes, Mart\u00ednez Olmos cree que es muy posible que ya est\u00e9 circulando la nueva variante por toda Europa. Y, ante esto, es muy probable que se tengan que tomar<strong>&nbsp;m\u00e1s restricciones antes de la Navidad<\/strong>. Espa\u00f1a tiene a su favor la alta cobertura de vacunaci\u00f3n y que tiene una incidencia que va incrementando, pero que no llega a ser tan alta como la de otros pa\u00edses como Alemania. Sin embargo, todo apunta a que se tendr\u00e1 que volver a recurrir a limitaciones de aforos u horarios, seg\u00fan lo marcado en el sem\u00e1foro de Sanidad, opina el experto.<\/p>\n\n\n\n<p id=\"m472-17-473\">Por otro lado, la secuenciaci\u00f3n de las variantes es fundamental. Espa\u00f1a no es uno de los pa\u00edses que mejor lo hace. Reino Unido, Estados Unidos y Sud\u00e1frica s\u00ed destacan por ello. Para el futuro, llegar a tener mejor secuenciaci\u00f3n es fundamental y esto tiene que ser un objetivo de los Gobiernos y de los sistemas de salud.<\/p>\n\n\n\n<p>Fuente: https:\/\/www.publico.es\/sociedad\/variante-africana-efecto-acopio-vacunas-paises-ricos-amenaza-europa-puertas-navidad.html<\/p>\n","protected":false},"excerpt":{"rendered":"<p>La nueva variante, \u00f3micron, es \u00abpreocupante\u00bb, sin embargo, se conocen muy pocos datos y habr\u00e1 que esperar varias semanas para [&hellip;]<\/p>\n","protected":false},"author":1,"featured_media":16491,"comment_status":"open","ping_status":"open","sticky":false,"template":"","format":"standard","meta":{"site-sidebar-layout":"default","site-content-layout":"","ast-site-content-layout":"default","site-content-style":"default","site-sidebar-style":"default","ast-global-header-display":"","ast-banner-title-visibility":"","ast-main-header-display":"","ast-hfb-above-header-display":"","ast-hfb-below-header-display":"","ast-hfb-mobile-header-display":"","site-post-title":"","ast-breadcrumbs-content":"","ast-featured-img":"","footer-sml-layout":"","theme-transparent-header-meta":"","adv-header-id-meta":"","stick-header-meta":"","header-above-stick-meta":"","header-main-stick-meta":"","header-below-stick-meta":"","astra-migrate-meta-layouts":"default","ast-page-background-enabled":"default","ast-page-background-meta":{"desktop":{"background-color":"var(--ast-global-color-4)","background-image":"","background-repeat":"repeat","background-position":"center center","background-size":"auto","background-attachment":"scroll","background-type":"","background-media":"","overlay-type":"","overlay-color":"","overlay-opacity":"","overlay-gradient":""},"tablet":{"background-color":"","background-image":"","background-repeat":"repeat","background-position":"center center","background-size":"auto","background-attachment":"scroll","background-type":"","background-media":"","overlay-type":"","overlay-color":"","overlay-opacity":"","overlay-gradient":""},"mobile":{"background-color":"","background-image":"","background-repeat":"repeat","background-position":"center center","background-size":"auto","background-attachment":"scroll","background-type":"","background-media":"","overlay-type":"","overlay-color":"","overlay-opacity":"","overlay-gradient":""}},"ast-content-background-meta":{"desktop":{"background-color":"var(--ast-global-color-5)","background-image":"","background-repeat":"repeat","background-position":"center center","background-size":"auto","background-attachment":"scroll","background-type":"","background-media":"","overlay-type":"","overlay-color":"","overlay-opacity":"","overlay-gradient":""},"tablet":{"background-color":"var(--ast-global-color-5)","background-image":"","background-repeat":"repeat","background-position":"center center","background-size":"auto","background-attachment":"scroll","background-type":"","background-media":"","overlay-type":"","overlay-color":"","overlay-opacity":"","overlay-gradient":""},"mobile":{"background-color":"var(--ast-global-color-5)","background-image":"","background-repeat":"repeat","background-position":"center center","background-size":"auto","background-attachment":"scroll","background-type":"","background-media":"","overlay-type":"","overlay-color":"","overlay-opacity":"","overlay-gradient":""}},"footnotes":""},"categories":[8],"tags":[5584,507,5608],"class_list":["post-16489","post","type-post","status-publish","format-standard","has-post-thumbnail","hentry","category-noticias","tag-coronavirus-b-1-1-529","tag-oms","tag-vacunas-covid-africa"],"_links":{"self":[{"href":"https:\/\/losperiodistas.com.mx\/portal\/wp-json\/wp\/v2\/posts\/16489","targetHints":{"allow":["GET"]}}],"collection":[{"href":"https:\/\/losperiodistas.com.mx\/portal\/wp-json\/wp\/v2\/posts"}],"about":[{"href":"https:\/\/losperiodistas.com.mx\/portal\/wp-json\/wp\/v2\/types\/post"}],"author":[{"embeddable":true,"href":"https:\/\/losperiodistas.com.mx\/portal\/wp-json\/wp\/v2\/users\/1"}],"replies":[{"embeddable":true,"href":"https:\/\/losperiodistas.com.mx\/portal\/wp-json\/wp\/v2\/comments?post=16489"}],"version-history":[{"count":2,"href":"https:\/\/losperiodistas.com.mx\/portal\/wp-json\/wp\/v2\/posts\/16489\/revisions"}],"predecessor-version":[{"id":16499,"href":"https:\/\/losperiodistas.com.mx\/portal\/wp-json\/wp\/v2\/posts\/16489\/revisions\/16499"}],"wp:featuredmedia":[{"embeddable":true,"href":"https:\/\/losperiodistas.com.mx\/portal\/wp-json\/wp\/v2\/media\/16491"}],"wp:attachment":[{"href":"https:\/\/losperiodistas.com.mx\/portal\/wp-json\/wp\/v2\/media?parent=16489"}],"wp:term":[{"taxonomy":"category","embeddable":true,"href":"https:\/\/losperiodistas.com.mx\/portal\/wp-json\/wp\/v2\/categories?post=16489"},{"taxonomy":"post_tag","embeddable":true,"href":"https:\/\/losperiodistas.com.mx\/portal\/wp-json\/wp\/v2\/tags?post=16489"}],"curies":[{"name":"wp","href":"https:\/\/api.w.org\/{rel}","templated":true}]}}