{"id":16475,"date":"2021-11-27T09:33:01","date_gmt":"2021-11-27T15:33:01","guid":{"rendered":"http:\/\/losperiodistas.com.mx\/portal\/?p=16475"},"modified":"2021-11-27T06:33:13","modified_gmt":"2021-11-27T12:33:13","slug":"italia-da-asilo-a-la-nina-afgana-que-fue-un-icono-de-los-refugiados-hace-30-anos-el-pais","status":"publish","type":"post","link":"https:\/\/losperiodistas.com.mx\/portal\/italia-da-asilo-a-la-nina-afgana-que-fue-un-icono-de-los-refugiados-hace-30-anos-el-pais\/","title":{"rendered":"Italia da asilo a la \u2018ni\u00f1a afgana\u2019 que fue un icono de los refugiados hace 30 a\u00f1os | El Pa\u00eds"},"content":{"rendered":"\n<p style=\"font-size:18px\"><em>Sharbat Gula, inmortalizada con 12 a\u00f1os en la portada de \u2018National Geographic\u2019, pidi\u00f3 salir de su pa\u00eds tras la toma del poder por los talibanes<\/em><\/p>\n\n\n\n<p><\/p>\n\n\n\n<figure class=\"wp-block-image size-large\"><img fetchpriority=\"high\" decoding=\"async\" width=\"1024\" height=\"727\" src=\"https:\/\/losperiodistas.com.mx\/portal\/wp-content\/uploads\/2021\/11\/Captura-de-Pantalla-2021-11-27-a-las-6.30.38-1024x727.jpg\" alt=\"\" class=\"wp-image-16476\" srcset=\"https:\/\/losperiodistas.com.mx\/portal\/wp-content\/uploads\/2021\/11\/Captura-de-Pantalla-2021-11-27-a-las-6.30.38-1024x727.jpg 1024w, https:\/\/losperiodistas.com.mx\/portal\/wp-content\/uploads\/2021\/11\/Captura-de-Pantalla-2021-11-27-a-las-6.30.38-300x213.jpg 300w, https:\/\/losperiodistas.com.mx\/portal\/wp-content\/uploads\/2021\/11\/Captura-de-Pantalla-2021-11-27-a-las-6.30.38-768x546.jpg 768w, https:\/\/losperiodistas.com.mx\/portal\/wp-content\/uploads\/2021\/11\/Captura-de-Pantalla-2021-11-27-a-las-6.30.38-1536x1091.jpg 1536w, https:\/\/losperiodistas.com.mx\/portal\/wp-content\/uploads\/2021\/11\/Captura-de-Pantalla-2021-11-27-a-las-6.30.38-2048x1455.jpg 2048w\" sizes=\"(max-width: 1024px) 100vw, 1024px\" \/><figcaption>Sharbat Gula, durante un encuentro en noviembre de 2016 con el presidente afgano Ashraf Ghani, en Kabul. SHAH MARAI (AFP)<\/figcaption><\/figure>\n\n\n\n<p class=\"has-vivid-cyan-blue-color has-text-color has-medium-font-size\">AGENCIAS \/ EL PA\u00cdS<\/p>\n\n\n\n<p>La afgana Sharbat Gula, emblema de los refugiados tras ser&nbsp;<a href=\"https:\/\/elpais.com\/elpais\/2014\/12\/15\/eps\/1418667316_233687.html\" target=\"_blank\" rel=\"noreferrer noopener\">inmortalizada hace m\u00e1s de 30 a\u00f1os por Steve McCurry<\/a>&nbsp;en la portada de la revista&nbsp;<em>National Geographic&nbsp;<\/em>cuando ten\u00eda 12 a\u00f1os, lleg\u00f3 este jueves a Roma en el marco de un programa de asilo y evacuaci\u00f3n tras&nbsp;<a href=\"https:\/\/elpais.com\/internacional\/2021-11-04\/los-talibanes-bloquean-la-actividad-de-las-trabajadoras-humanitarias-en-afganistan.html\" target=\"_blank\" rel=\"noreferrer noopener\">el regreso de los talibanes<\/a>.<\/p>\n\n\n\n<p>\u201cLa ciudadana afgana Sharbat Gula acaba de llegar a Roma\u201d, anuncia en un comunicado la jefatura de Gobierno, tras recordar que fue fotografiada a finales del 1984 en un campo de refugiados en Pakist\u00e1n, convirti\u00e9ndose en un s\u00edmbolo mundial del sufrimiento y la inestabilidad pol\u00edtica y social de esa regi\u00f3n.<\/p>\n\n\n\n<figure class=\"wp-block-image\"><img decoding=\"async\" src=\"https:\/\/imagenes.elpais.com\/resizer\/humhI2PeYaQ9odDAxYLINdNUxis=\/414x0\/cloudfront-eu-central-1.images.arcpublishing.com\/prisa\/VQB7WGJK77YRDY6VD6MYP25AKM.jpg\" alt=\"Sharbat Gula, retratada por Steve McCurry en 1984.\"\/><figcaption>Sharbat Gula, retratada por Steve McCurry en 1984.STEVE MCCURRY<\/figcaption><\/figure>\n\n\n\n<p>Sharbat Gula, que ahora tiene 49 a\u00f1os, pidi\u00f3 salir de su pa\u00eds tras la toma del poder por los talibanes en agosto y el Gobierno italiano \u201cfacilit\u00f3 y organiz\u00f3\u201d su traslado a Italia, como parte del programa para la evacuaci\u00f3n de ciudadanos afganos y el plan para su recepci\u00f3n e integraci\u00f3n, explica el comunicado. La foto de hace tres d\u00e9cadas \u201clleg\u00f3 a simbolizar las vicisitudes y los conflictos de esa etapa hist\u00f3rica que atravesaba Afganist\u00e1n y su pueblo\u201d, seg\u00fan la oficina de prensa del primer ministro Mario Draghi.<\/p>\n\n\n\n<p>M\u00c1S INFORMACI\u00d3N <a href=\"https:\/\/elpais.com\/internacional\/2021-11-22\/los-talibanes-piden-a-las-televisiones-afganas-que-no-emitan-peliculas-en-las-que-salgan-mujeres.html?rel=mas_sumario\">Los talibanes exigen a las televisiones afganas que no emitan pel\u00edculas en las que salgan mujeres<\/a><\/p>\n\n\n\n<p>Sharbat Gula<a href=\"https:\/\/elpais.com\/internacional\/2016\/10\/26\/actualidad\/1477488115_583228.html\" target=\"_blank\" rel=\"noreferrer noopener\">&nbsp;lleg\u00f3 a Pakist\u00e1n<\/a>&nbsp;como hu\u00e9rfana cuatro o cinco a\u00f1os despu\u00e9s de la invasi\u00f3n sovi\u00e9tica de Afganist\u00e1n en 1979 junto con los miles de afganos que hu\u00edan de las zonas de combate en la frontera.<\/p>\n\n\n\n<p>Su imagen volvi\u00f3 a dar la vuelta al mundo cuando el fot\u00f3grafo Steve McCurry volvi\u00f3 a buscarla en 2002 y comprob\u00f3 la vida dif\u00edcil que segu\u00eda teniendo, por lo que la propuso de nuevo como protagonista de la portada de National Geographic.<\/p>\n\n\n\n<p>Gula, analfabeta y madre de cuatro hijos, ignoraba que millones de personas hab\u00edan visto su foto, ni que su imagen hab\u00eda desatado una movilizaci\u00f3n internacional a favor de los refugiados. En 2016 hab\u00eda sido enviada a Afganist\u00e1n, pa\u00eds al que no quer\u00eda regresar, al considerarlo poco seguro.<\/p>\n\n\n\n<p><em>Sigue toda la informaci\u00f3n internacional en\u00a0<\/em><a href=\"https:\/\/www.facebook.com\/elpaisinternacional\"><em>Facebook<\/em><\/a><em>\u00a0y\u00a0<\/em><a href=\"https:\/\/twitter.com\/elpais_inter\"><em>Twitter<\/em><\/a><em>, o en\u00a0<\/em><a href=\"https:\/\/plus.elpais.com\/newsletters\/lnp\/1\/334\"><em>nuestra newsletter semanal<\/em><\/a><em>.<\/em><\/p>\n\n\n\n<p>Fuente: https:\/\/elpais.com\/internacional\/2021-11-26\/italia-da-asilo-a-la-nina-afgana-que-fue-un-icono-de-los-refugiados-hace-30-anos.html<\/p>\n","protected":false},"excerpt":{"rendered":"<p>Sharbat Gula, inmortalizada con 12 a\u00f1os en la portada de \u2018National Geographic\u2019, pidi\u00f3 salir de su pa\u00eds tras la toma [&hellip;]<\/p>\n","protected":false},"author":1,"featured_media":16476,"comment_status":"open","ping_status":"open","sticky":false,"template":"","format":"standard","meta":{"site-sidebar-layout":"default","site-content-layout":"","ast-site-content-layout":"default","site-content-style":"default","site-sidebar-style":"default","ast-global-header-display":"","ast-banner-title-visibility":"","ast-main-header-display":"","ast-hfb-above-header-display":"","ast-hfb-below-header-display":"","ast-hfb-mobile-header-display":"","site-post-title":"","ast-breadcrumbs-content":"","ast-featured-img":"","footer-sml-layout":"","theme-transparent-header-meta":"","adv-header-id-meta":"","stick-header-meta":"","header-above-stick-meta":"","header-main-stick-meta":"","header-below-stick-meta":"","astra-migrate-meta-layouts":"default","ast-page-background-enabled":"default","ast-page-background-meta":{"desktop":{"background-color":"var(--ast-global-color-4)","background-image":"","background-repeat":"repeat","background-position":"center center","background-size":"auto","background-attachment":"scroll","background-type":"","background-media":"","overlay-type":"","overlay-color":"","overlay-opacity":"","overlay-gradient":""},"tablet":{"background-color":"","background-image":"","background-repeat":"repeat","background-position":"center center","background-size":"auto","background-attachment":"scroll","background-type":"","background-media":"","overlay-type":"","overlay-color":"","overlay-opacity":"","overlay-gradient":""},"mobile":{"background-color":"","background-image":"","background-repeat":"repeat","background-position":"center center","background-size":"auto","background-attachment":"scroll","background-type":"","background-media":"","overlay-type":"","overlay-color":"","overlay-opacity":"","overlay-gradient":""}},"ast-content-background-meta":{"desktop":{"background-color":"var(--ast-global-color-5)","background-image":"","background-repeat":"repeat","background-position":"center center","background-size":"auto","background-attachment":"scroll","background-type":"","background-media":"","overlay-type":"","overlay-color":"","overlay-opacity":"","overlay-gradient":""},"tablet":{"background-color":"var(--ast-global-color-5)","background-image":"","background-repeat":"repeat","background-position":"center center","background-size":"auto","background-attachment":"scroll","background-type":"","background-media":"","overlay-type":"","overlay-color":"","overlay-opacity":"","overlay-gradient":""},"mobile":{"background-color":"var(--ast-global-color-5)","background-image":"","background-repeat":"repeat","background-position":"center center","background-size":"auto","background-attachment":"scroll","background-type":"","background-media":"","overlay-type":"","overlay-color":"","overlay-opacity":"","overlay-gradient":""}},"footnotes":""},"categories":[8],"tags":[5599,5598],"class_list":["post-16475","post","type-post","status-publish","format-standard","has-post-thumbnail","hentry","category-noticias","tag-refugiados-afganistan","tag-sharbat-gula"],"_links":{"self":[{"href":"https:\/\/losperiodistas.com.mx\/portal\/wp-json\/wp\/v2\/posts\/16475","targetHints":{"allow":["GET"]}}],"collection":[{"href":"https:\/\/losperiodistas.com.mx\/portal\/wp-json\/wp\/v2\/posts"}],"about":[{"href":"https:\/\/losperiodistas.com.mx\/portal\/wp-json\/wp\/v2\/types\/post"}],"author":[{"embeddable":true,"href":"https:\/\/losperiodistas.com.mx\/portal\/wp-json\/wp\/v2\/users\/1"}],"replies":[{"embeddable":true,"href":"https:\/\/losperiodistas.com.mx\/portal\/wp-json\/wp\/v2\/comments?post=16475"}],"version-history":[{"count":1,"href":"https:\/\/losperiodistas.com.mx\/portal\/wp-json\/wp\/v2\/posts\/16475\/revisions"}],"predecessor-version":[{"id":16477,"href":"https:\/\/losperiodistas.com.mx\/portal\/wp-json\/wp\/v2\/posts\/16475\/revisions\/16477"}],"wp:featuredmedia":[{"embeddable":true,"href":"https:\/\/losperiodistas.com.mx\/portal\/wp-json\/wp\/v2\/media\/16476"}],"wp:attachment":[{"href":"https:\/\/losperiodistas.com.mx\/portal\/wp-json\/wp\/v2\/media?parent=16475"}],"wp:term":[{"taxonomy":"category","embeddable":true,"href":"https:\/\/losperiodistas.com.mx\/portal\/wp-json\/wp\/v2\/categories?post=16475"},{"taxonomy":"post_tag","embeddable":true,"href":"https:\/\/losperiodistas.com.mx\/portal\/wp-json\/wp\/v2\/tags?post=16475"}],"curies":[{"name":"wp","href":"https:\/\/api.w.org\/{rel}","templated":true}]}}