{"id":16472,"date":"2021-11-27T06:28:44","date_gmt":"2021-11-27T12:28:44","guid":{"rendered":"http:\/\/losperiodistas.com.mx\/portal\/?p=16472"},"modified":"2021-11-27T06:28:46","modified_gmt":"2021-11-27T12:28:46","slug":"lo-virtual-y-lo-presencial-en-el-regreso-de-la-feria-del-libro-de-guadalajara-el-pais","status":"publish","type":"post","link":"https:\/\/losperiodistas.com.mx\/portal\/lo-virtual-y-lo-presencial-en-el-regreso-de-la-feria-del-libro-de-guadalajara-el-pais\/","title":{"rendered":"Lo virtual y lo presencial en el regreso de la Feria del Libro de Guadalajara | El Pa\u00eds"},"content":{"rendered":"\n<p style=\"font-size:18px\"><em>Un repaso de lo que los lectores podr\u00e1n ver en sus computadoras o en vivo en la edici\u00f3n 35 de la feria m\u00e1s grande del idioma espa\u00f1ol que regresa este a\u00f1o en formato semi-presencial<\/em><\/p>\n\n\n\n<p><\/p>\n\n\n\n<figure class=\"wp-block-image size-large\"><img fetchpriority=\"high\" decoding=\"async\" width=\"1024\" height=\"576\" src=\"https:\/\/losperiodistas.com.mx\/portal\/wp-content\/uploads\/2021\/11\/Captura-de-Pantalla-2021-11-27-a-las-6.26.29-1024x576.jpg\" alt=\"\" class=\"wp-image-16473\" srcset=\"https:\/\/losperiodistas.com.mx\/portal\/wp-content\/uploads\/2021\/11\/Captura-de-Pantalla-2021-11-27-a-las-6.26.29-1024x576.jpg 1024w, https:\/\/losperiodistas.com.mx\/portal\/wp-content\/uploads\/2021\/11\/Captura-de-Pantalla-2021-11-27-a-las-6.26.29-300x169.jpg 300w, https:\/\/losperiodistas.com.mx\/portal\/wp-content\/uploads\/2021\/11\/Captura-de-Pantalla-2021-11-27-a-las-6.26.29-768x432.jpg 768w, https:\/\/losperiodistas.com.mx\/portal\/wp-content\/uploads\/2021\/11\/Captura-de-Pantalla-2021-11-27-a-las-6.26.29-1536x863.jpg 1536w, https:\/\/losperiodistas.com.mx\/portal\/wp-content\/uploads\/2021\/11\/Captura-de-Pantalla-2021-11-27-a-las-6.26.29-2048x1151.jpg 2048w\" sizes=\"(max-width: 1024px) 100vw, 1024px\" \/><figcaption>Visitantes de la feria internacional del libro de la ciudad de Guadalajara en la edici\u00f3n 2019. HECTOR GUERRERO<\/figcaption><\/figure>\n\n\n\n<p><\/p>\n\n\n\n<p class=\"has-vivid-cyan-blue-color has-text-color has-medium-font-size\">CAMILA OSORIO \/ EL PA\u00cdS<\/p>\n\n\n\n<p>Despu\u00e9s de haber mudado a autores y editoriales a un formato completamente virtual el a\u00f1o pasado, la Feria del Libro de Guadalajara (FIL) regresa este s\u00e1bado 27 de noviembre, en&nbsp;<a href=\"https:\/\/elpais.com\/mexico\/2021-10-18\/sergio-ramirez-laura-restrepo-camila-sosa-y-john-boyne-la-fil-de-guadalajara-2021-regresa-a-la-presencialidad.html\">su edici\u00f3n n\u00famero 35,&nbsp;<\/a>con una versi\u00f3n semi-presencial en la que los lectores podr\u00e1n, durante una semana, escuchar a autores, pol\u00edticos o periodistas en vivo desde Guadalajara o en sus pantallas. Como lo explic\u00f3 recientemente a&nbsp;<a href=\"https:\/\/elpais.com\/cultura\/2021-11-14\/marisol-schultz-no-hay-nada-que-de-mas-miedo-a-los-gobiernos-que-la-palabra-escrita.html\">EL PA\u00cdS la directora de la FIL, Marisol Schultz,<\/a>&nbsp;el formato 100% virtual del a\u00f1o pasado fue costoso para las finanzas de la feria pero muy exitoso para los lectores: si en un a\u00f1o \u2018normal\u2019 pod\u00edan asistir a la FIL 828.000 personas, el a\u00f1o pasado 21 millones de personas en varios pa\u00edses del mundo se unieron a ver sus eventos por redes sociales o canales de televisi\u00f3n p\u00fablica. \u201cTodav\u00eda nos parece incre\u00edble, pero fue real\u201d, dijo Schultz.<\/p>\n\n\n\n<p>Este a\u00f1o el 70% de los eventos de la FIL ser\u00e1n presenciales y el 30% ser\u00e1n en formato virtual (<a href=\"https:\/\/www.fil.com.mx\/prog\/indice.asp\" target=\"_blank\" rel=\"noreferrer noopener\">en su p\u00e1gina web se pueden consultar todos los eventos<\/a>). No podr\u00e1n asistir los 828.000 lectores de siempre, pero esperan que al menos vayan 225.000 personas a los eventos en Guadalajara, que durar\u00e1n nueve d\u00edas. Algunos de estos tendr\u00e1n versi\u00f3n presencial y virtual simult\u00e1neamente, como las premiaciones el s\u00e1bado en la ma\u00f1ana a la<a href=\"https:\/\/elpais.com\/internacional\/2021-08-29\/en-estos-momentos-la-letra-esta-genitalizada-diamela-eltit.html\">&nbsp;escritora chilena Damiela Eltit<\/a>&nbsp;por su obra como novelista y acad\u00e9mica \u2013premio de Literatura en Lenguas Romances \u2013 y&nbsp;<a href=\"https:\/\/elpais.com\/mexico\/2021-11-01\/fernanda-trias-gana-el-sor-juana-ines-de-la-cruz-en-la-fil-de-guadalajara.html\">el mi\u00e9rcoles en la tarde a la uruguaya Fernanda Tr\u00edas<\/a>, premio Sor Juana In\u00e9s de la Cruz este a\u00f1o por&nbsp;<a href=\"https:\/\/elpais.com\/cultura\/2021-01-06\/fernanda-trias-consumimos-hasta-destruirnos-a-nosotros-mismos.html\">su novela&nbsp;<em>Mugre Rosa<\/em><\/a>.<\/p>\n\n\n\n<p>Otros eventos en este formato h\u00edbrido incluir\u00e1n una conversaci\u00f3n entre la escritora argentina Claudia Pi\u00f1eiro y la colombiana Laura Restrepo sobre \u2018exorcismos literarios\u2019; una mesa sobre cuentistas en la que estar\u00e1n la ecuatoriana M\u00f3nica Ojeda y el mexicano Alberto Chimal; o un conversatorio entre varios j\u00f3venes lectores y la escritora feminista argentina Camila Sosa Villada, autora de&nbsp;<em>Las Malas&nbsp;<\/em>y&nbsp;<a href=\"https:\/\/elpais.com\/cultura\/2020-11-02\/la-argentina-camila-sosa-villada-premio-sor-juana-ines-de-la-cruz-por-las-malas.html\">premiada el a\u00f1o pasado con el premio Sor Juana In\u00e9s de la Cruz de la FIL<\/a>. Otro de esos eventos semi-virtual y semi-presencial ser\u00e1 con el escritor nicarag\u00fcense Sergio Ram\u00edrez \u2013<a href=\"https:\/\/elpais.com\/internacional\/2021-09-12\/sergio-ramirez-la-orden-de-arresto-es-una-condena-para-que-no-vuelva-a-nicaragua.html\">exiliado este a\u00f1o de su pa\u00eds despu\u00e9s de publicar<\/a>&nbsp;la novela&nbsp;<em>Tongolele no sab\u00eda bailar\u2013&nbsp;<\/em>quien estar\u00e1 en una mesa con representantes de la Asociaci\u00f3n de Editores Internacionales (<em>International Publishers Association<\/em>) para discutir las diferentes formas de censura que utilizan los gobiernos o otros organismos privados.<\/p>\n\n\n\n<p>En la virtualidad, exclusivamente, estar\u00e1n arrancando la feria el s\u00e1bado los tres hombres espa\u00f1oles que se hicieron pasar por una mujer llamada Carmen Mola, presentando&nbsp;<a href=\"https:\/\/elpais.com\/cultura\/2021-10-15\/el-millonario-premio-planeta-desvela-la-identidad-de-la-superventas-carmen-mola.html\"><em>La Bestia,&nbsp;<\/em>la novela con la que ganaron el premio Planeta y se vieron obligados a revelar su triple identidad<\/a>. Para los seguidores del cambio clim\u00e1tico, tambi\u00e9n estar\u00e1 desde su computador la famosa&nbsp;<a href=\"https:\/\/elpais.com\/television\/2020-11-11\/jane-goodall-se-lo-hemos-puesto-facil-al-coronavirus.html\">et\u00f3loga Jane Goodall<\/a>, especialista en chimpanc\u00e9s y optimista sobre las posibilidades que a\u00fan tenemos para salvar el planeta. El escritor estadounidense Paul Auster estar\u00e1 hablando por la pantalla sobre su libro&nbsp;<a href=\"https:\/\/www.fil.com.mx\/prog\/resultados.asp?r=0&amp;idsr=0&amp;f=0&amp;n=Paul&amp;a=Auster&amp;e=2021&amp;lan=1&amp;b=3&amp;ids=0\" target=\"_blank\" rel=\"noreferrer noopener\"><em>La llama inmortal de Stephen Crane<\/em><\/a><em>,&nbsp;<\/em>y la chilena Isabel Allende hablar\u00e1 en otra mesa virtual sobre su \u00faltima novela,&nbsp;<em>Mujeres del alma m\u00eda<\/em>. Otro de los eventos virtuales m\u00e1s interesantes ser\u00e1&nbsp;<a href=\"https:\/\/elpais.com\/internacional\/2021-07-03\/chile-inicia-este-domingo-una-etapa-de-dialogo-en-igualdad-de-condiciones-y-de-derechos.html?utm_medium=Social&amp;utm_source=Twitter&amp;ssm=TW_CM_AME#Echobox=1625339997\">con la l\u00edder mapuche Elisa Lonc\u00f3n<\/a>, actual presidente de la Convenci\u00f3n Constitucional en Chile y doctora en Ling\u00fc\u00edstica, quien estar\u00e1 hablando en una mesa sobre lenguas originarias en la literatura.<\/p>\n\n\n\n<p>Para quienes asistan presencialmente habr\u00e1 reglas estrictas para controlar el riesgo de contagios: mascarillas obligatorias, confirmaci\u00f3n de asistencia previa, horarios estrictos para que los p\u00fablicos de distintas mesas no se aglomeren. Pero los enmascarados podr\u00e1n asistir a algunas mesas libres de&nbsp;<em>streaming<\/em>, como la presentaci\u00f3n de la novela&nbsp;<a href=\"https:\/\/www.fil.com.mx\/prog\/resultados.asp?r=4&amp;idsr=34&amp;f=0&amp;e=2021&amp;ids=0\" target=\"_blank\" rel=\"noreferrer noopener\"><em>Como polvo en el viento<\/em><\/a>del cubano Leonardo Padura,&nbsp;<a href=\"https:\/\/elpais.com\/cultura\/2021-09-27\/alejandro-zambra-escribir-se-semeja-mas-que-nada-a-desaparecer.html\"><em>Poeta Chileno<\/em><\/a>del chileno Alejandro Zambra, el an\u00e1lisis&nbsp;<a href=\"https:\/\/www.fil.com.mx\/prog\/resultados.asp?r=6&amp;idsr=0&amp;f=0&amp;n=&amp;a=&amp;c=&amp;ids=0&amp;e=2021&amp;pg=3&amp;b=1&amp;tipo=0\" target=\"_blank\" rel=\"noreferrer noopener\"><em>Cr\u00edtica al poder presidencial<\/em><\/a>del mexicano Enrique Krauze, o el libro&nbsp;<em>17 minutos: entrevista con el dictador<\/em>&nbsp;del famoso periodista de Univisi\u00f3n que no pudo terminar su entrevista al presidente de Venezuela Nicol\u00e1s Maduro, Jorge Ramos. Una presencia que promete atraer muchos lectores (o mejor, fans) es la presentaci\u00f3n que har\u00e1 en la feria&nbsp;<a href=\"https:\/\/elpais.com\/cultura\/2021-11-14\/miguel-bose-para-mi-ha-sido-mas-dificil-ser-hijo-que-padre.html\">Miguel Bos\u00e9 de su nuevo libro autobiogr\u00e1fico&nbsp;<em>El Hijo del Capit\u00e1n Trueno<\/em><\/a><em>.<\/em><\/p>\n\n\n\n<p>Per\u00fa es el pa\u00eds invitado este a\u00f1o a la FIL, una invitaci\u00f3n que no pas\u00f3 sin controversias cuando el nuevo gobierno de Pedro Castillo cambi\u00f3<a href=\"https:\/\/elpais.com\/cultura\/2021-09-23\/el-nuevo-gobierno-de-peru-genera-polemica-al-modificar-su-delegacion-oficial-para-la-fil-guadalajara.html\">&nbsp;la lista de la delegaci\u00f3n<\/a>&nbsp;que ir\u00eda a Guadalajara excluyendo a siete escritores reconocidos (como Gabriela Wiener o Karina Pacheco) y en protesta renunciaron a ir otros m\u00e1s (como Santiago Roncagliolo o Juan Carlos Cort\u00e1zar).<\/p>\n\n\n\n<p>A\u00fan as\u00ed, en la FIL estar\u00e1n reconocidos m\u00fasicos \u2013 la cumbia de&nbsp;<em>Los Mirlos&nbsp;<\/em>y&nbsp;<em>Novalima<\/em>, o el rap de Renata Flores\u2013 adem\u00e1s de escritores como Oscar Colchado, autor de&nbsp;<em>Rosa Cuchillo,&nbsp;<\/em>una novela sobre la guerra contra el Sendero Luminoso en los Andes y con ecos de&nbsp;<em>Pedro P\u00e1ramo&nbsp;<\/em>de Juan Rulfo. Tambi\u00e9n estar\u00e1n el cuentista Richard Parra, quien gan\u00f3 este a\u00f1o Premio Nacional de Literatura de Per\u00fa por su libro de cuentos&nbsp;<em>Resina,&nbsp;<\/em>del 2019; la novelista Miluska Benavides, quien fue nombrada este a\u00f1o por la&nbsp;<a href=\"https:\/\/elpais.com\/cultura\/2021-04-07\/granta-consagra-la-literatura-del-espanol-diverso.html\">revista brit\u00e1nica&nbsp;<em>Granta<\/em>&nbsp;<\/a>como una de las mejores narradoras en espa\u00f1ol menores de 35 a\u00f1os; y escritoras que han tenido menos visibilidad internacional pero est\u00e1n cambiando la historia nacional del pa\u00eds, como Cha\u2019ska Ninawaman y Dina Ananco Ahuananchi, dos poetas que han publicado su trabajo en quechua y en la lengua de la amazon\u00eda peruana wampis.&nbsp;<em>Sanchiu<\/em>, de Ananco, es el primer poemario en wampis en toda la historia literaria del Per\u00fa.<\/p>\n\n\n\n<p><a href=\"https:\/\/plus.elpais.com\/newsletters\/lnp\/1\/348\"><strong>Suscr\u00edbase aqu\u00ed<\/strong><\/a>a la\u00a0<em>newsletter<\/em>\u00a0de EL PA\u00cdS M\u00e9xico y reciba todas las claves informativas de la actualidad de este pa\u00eds<\/p>\n\n\n\n<p>Fuente: https:\/\/elpais.com\/mexico\/2021-11-27\/lo-virtual-y-lo-presencial-en-el-regreso-de-la-feria-del-libro-de-guadalajara.html<\/p>\n","protected":false},"excerpt":{"rendered":"<p>Un repaso de lo que los lectores podr\u00e1n ver en sus computadoras o en vivo en la edici\u00f3n 35 de [&hellip;]<\/p>\n","protected":false},"author":1,"featured_media":16473,"comment_status":"open","ping_status":"open","sticky":false,"template":"","format":"standard","meta":{"site-sidebar-layout":"default","site-content-layout":"","ast-site-content-layout":"default","site-content-style":"default","site-sidebar-style":"default","ast-global-header-display":"","ast-banner-title-visibility":"","ast-main-header-display":"","ast-hfb-above-header-display":"","ast-hfb-below-header-display":"","ast-hfb-mobile-header-display":"","site-post-title":"","ast-breadcrumbs-content":"","ast-featured-img":"","footer-sml-layout":"","theme-transparent-header-meta":"","adv-header-id-meta":"","stick-header-meta":"","header-above-stick-meta":"","header-main-stick-meta":"","header-below-stick-meta":"","astra-migrate-meta-layouts":"default","ast-page-background-enabled":"default","ast-page-background-meta":{"desktop":{"background-color":"var(--ast-global-color-4)","background-image":"","background-repeat":"repeat","background-position":"center center","background-size":"auto","background-attachment":"scroll","background-type":"","background-media":"","overlay-type":"","overlay-color":"","overlay-opacity":"","overlay-gradient":""},"tablet":{"background-color":"","background-image":"","background-repeat":"repeat","background-position":"center center","background-size":"auto","background-attachment":"scroll","background-type":"","background-media":"","overlay-type":"","overlay-color":"","overlay-opacity":"","overlay-gradient":""},"mobile":{"background-color":"","background-image":"","background-repeat":"repeat","background-position":"center center","background-size":"auto","background-attachment":"scroll","background-type":"","background-media":"","overlay-type":"","overlay-color":"","overlay-opacity":"","overlay-gradient":""}},"ast-content-background-meta":{"desktop":{"background-color":"var(--ast-global-color-5)","background-image":"","background-repeat":"repeat","background-position":"center center","background-size":"auto","background-attachment":"scroll","background-type":"","background-media":"","overlay-type":"","overlay-color":"","overlay-opacity":"","overlay-gradient":""},"tablet":{"background-color":"var(--ast-global-color-5)","background-image":"","background-repeat":"repeat","background-position":"center center","background-size":"auto","background-attachment":"scroll","background-type":"","background-media":"","overlay-type":"","overlay-color":"","overlay-opacity":"","overlay-gradient":""},"mobile":{"background-color":"var(--ast-global-color-5)","background-image":"","background-repeat":"repeat","background-position":"center center","background-size":"auto","background-attachment":"scroll","background-type":"","background-media":"","overlay-type":"","overlay-color":"","overlay-opacity":"","overlay-gradient":""}},"footnotes":""},"categories":[8],"tags":[5596,5597],"class_list":["post-16472","post","type-post","status-publish","format-standard","has-post-thumbnail","hentry","category-noticias","tag-fil-2021","tag-marisol-schultz"],"_links":{"self":[{"href":"https:\/\/losperiodistas.com.mx\/portal\/wp-json\/wp\/v2\/posts\/16472","targetHints":{"allow":["GET"]}}],"collection":[{"href":"https:\/\/losperiodistas.com.mx\/portal\/wp-json\/wp\/v2\/posts"}],"about":[{"href":"https:\/\/losperiodistas.com.mx\/portal\/wp-json\/wp\/v2\/types\/post"}],"author":[{"embeddable":true,"href":"https:\/\/losperiodistas.com.mx\/portal\/wp-json\/wp\/v2\/users\/1"}],"replies":[{"embeddable":true,"href":"https:\/\/losperiodistas.com.mx\/portal\/wp-json\/wp\/v2\/comments?post=16472"}],"version-history":[{"count":1,"href":"https:\/\/losperiodistas.com.mx\/portal\/wp-json\/wp\/v2\/posts\/16472\/revisions"}],"predecessor-version":[{"id":16474,"href":"https:\/\/losperiodistas.com.mx\/portal\/wp-json\/wp\/v2\/posts\/16472\/revisions\/16474"}],"wp:featuredmedia":[{"embeddable":true,"href":"https:\/\/losperiodistas.com.mx\/portal\/wp-json\/wp\/v2\/media\/16473"}],"wp:attachment":[{"href":"https:\/\/losperiodistas.com.mx\/portal\/wp-json\/wp\/v2\/media?parent=16472"}],"wp:term":[{"taxonomy":"category","embeddable":true,"href":"https:\/\/losperiodistas.com.mx\/portal\/wp-json\/wp\/v2\/categories?post=16472"},{"taxonomy":"post_tag","embeddable":true,"href":"https:\/\/losperiodistas.com.mx\/portal\/wp-json\/wp\/v2\/tags?post=16472"}],"curies":[{"name":"wp","href":"https:\/\/api.w.org\/{rel}","templated":true}]}}