{"id":1625,"date":"2020-11-29T01:01:45","date_gmt":"2020-11-29T07:01:45","guid":{"rendered":"http:\/\/losperiodistas.com.mx\/portal\/?p=1625"},"modified":"2020-11-29T01:01:45","modified_gmt":"2020-11-29T07:01:45","slug":"dos-anos-de-gobierno-y-la-cuarta-transformacion-no-se-ve-munoz-ledo","status":"publish","type":"post","link":"https:\/\/losperiodistas.com.mx\/portal\/dos-anos-de-gobierno-y-la-cuarta-transformacion-no-se-ve-munoz-ledo\/","title":{"rendered":"Dos a\u00f1os de gobierno y la Cuarta Transformaci\u00f3n no se ve: Mu\u00f1oz Ledo"},"content":{"rendered":"\n<p style=\"font-size:18px\"><em>Compa\u00f1ero de ruta de AMLO desde que ambos bregaban en la oposici\u00f3n \u2013y hoy convertido en uno de sus principales cr\u00edticos dentro de la 4T\u2013, Mu\u00f1oz Ledo lamenta que en el gobierno prevalezca la \u201carbitrariedad\u201d al aplicar pol\u00edticas p\u00fablicas y que Morena en San L\u00e1zaro sea \u00abun eco vil del Ejecutivo\u00bb.<\/em><\/p>\n\n\n\n<p class=\"has-vivid-cyan-blue-color has-text-color has-medium-font-size\">NELDY SAN MARTIN\/ REVISTA PROCESO<\/p>\n\n\n\n<p><strong>Dos a\u00f1os despu\u00e9s de que Andr\u00e9s Manuel L\u00f3pez Obrador tom\u00f3 posesi\u00f3n como presidente de M\u00e9xico, \u201cla gente de abajo \u2013que tiene muy buena voluntad y mucha fe\u2013 sigue creyendo en la Cuarta Transformaci\u00f3n\u201d, pero \u00e9sta simplemente no se ve, se\u00f1ala el diputado Porfirio Mu\u00f1oz Ledo. Compa\u00f1ero de ruta del mandatario desde que ambos bregaban en la oposici\u00f3n \u2013y hoy convertido en uno de sus principales cr\u00edticos dentro de las filas de la 4T\u2013, Mu\u00f1oz Ledo lamenta que en el gobierno prevalezca la \u201carbitrariedad\u201d al aplicar pol\u00edticas p\u00fablicas y que la bancada de Morena en San L\u00e1zaro sea \u201cun eco servil del Ejecutivo\u201d.<\/strong><\/p>\n\n\n\n<p>CIUDAD DE M\u00c9XICO (proceso).- En el primer tercio del sexenio del presidente Andr\u00e9s Manuel L\u00f3pez Obrador, el diputado federal Porfirio Mu\u00f1oz Ledo, uno de sus mayores cr\u00edticos dentro de las filas de Morena, no ve la Cuarta Transformaci\u00f3n ni pasos contundentes hacia el fin del neoliberalismo.<\/p>\n\n\n\n<h5 class=\"wp-block-heading\">NOTICIAS RELACIONADAS<\/h5>\n\n\n\n<ul class=\"wp-block-list\"><li><a href=\"https:\/\/www.proceso.com.mx\/nacional\/2020\/11\/3\/la-4t-se-declara-contra-el-neoliberalismo-pero-reproduce-sus-practicas-ocasiona-retrocesos-victor-toledo-252029.html\">La 4t se declara contra el neoliberalismo, pero reproduce sus pr\u00e1cticas y ocasiona retrocesos: V\u00edctor Toledo<\/a><\/li><li><a href=\"https:\/\/www.proceso.com.mx\/nacional\/2020\/9\/24\/pedimos-lealtad-ciegas-al-proyecto-de-la-4t-amlo-ante-dichos-de-jaime-cardenas-249863.html\">Pedimos lealtad a ciegas al proyecto de la 4T: AMLO ante dichos de Jaime C\u00e1rdenas<\/a><\/li><\/ul>\n\n\n\n<p>Observa, en cambio, decisiones de pol\u00edtica p\u00fablica en las que prima \u201cla arbitrariedad\u201d sobre la raz\u00f3n. Y pone como ejemplos la imposici\u00f3n de un \u201cpresupuesto recesivo\u201d y la eliminaci\u00f3n a rajatabla de 109 fideicomisos p\u00fablicos.<\/p>\n\n\n\n<p>En el estudio de su residencia en las Lomas de Chapultepec, repleto de libros y varias fotos entre las que se encuentra una con Fidel Castro y otras con su amigo de anta\u00f1o Andr\u00e9s Manuel L\u00f3pez Obrador, el legislador lamenta que&nbsp;<a href=\"https:\/\/morena.si\/\">Morena&nbsp;<\/a>haya adoptado un pensamiento \u00fanico y que la bancada en San L\u00e1zaro se haya convertido en \u201cun eco servil del Ejecutivo\u201d.<\/p>\n\n\n\n<p>\u201cDicen los estatutos del partido, en sus principios, que no debe haber pensamiento \u00fanico, que se vale la disidencia si hay un objetivo com\u00fan. Entonces, si no hay pensamiento \u00fanico, tampoco debe de haber orden \u00fanico\u201d, reflexiona.<\/p>\n\n\n\n<p>Cuando se le pregunta si considera que en el gobierno hay tufos autoritarios, el excandidato presidencial habla del s\u00edmbolo que representa Andr\u00e9s Manuel L\u00f3pez Obrador, el s\u00edmbolo de un movimiento opositor al que acordaron apoyar en cada elecci\u00f3n presidencial desde 2006, pero dice que una vez en el gobierno ten\u00eda que haber un funcionamiento org\u00e1nico de las instituciones, con divisi\u00f3n de poderes, con federalismo.<\/p>\n\n\n\n<p>\u201cLos problemas que tiene el pa\u00eds exigen la primac\u00eda de la raz\u00f3n no de la arbitrariedad, porque si no, no vamos a salir. La primac\u00eda de la raz\u00f3n significa que si t\u00fa reacomodas el gasto p\u00fablico tiene que ser por una reforma cuidadosa. Para reformar al Estado t\u00fa no amputas esto, dices todos los fideicomisos fuera, todos, no, sino que analizas, adelgazas, no amputas\u201d, reflexiona el pol\u00edtico, estudioso de la reforma del Estado.<\/p>\n\n\n\n<p>Mu\u00f1oz Ledo explica que un Estado m\u00e1s compacto, mejor organizado, menos clientelar, conlleva una mayor inversi\u00f3n p\u00fablica para equilibrar la econom\u00eda del pa\u00eds, pero en cambio se ha optado por rigidizar el gasto p\u00fablico.<\/p>\n\n\n\n<p>Fragmento de la entrevista publicada en la edici\u00f3n 2300 del semanario\u00a0<strong>Proceso<\/strong>, cuya\u00a0<a href=\"https:\/\/publicacionesdigitales.proceso.com.mx\/library\">versi\u00f3n digital\u00a0<\/a>puedes adquirir aqu\u00ed.\u00a0\u00a0<\/p>\n\n\n\n<p>Fuente: https:\/\/www.proceso.com.mx\/reportajes\/2020\/11\/28\/dos-anos-de-gobierno-la-cuarta-transformacion-no-se-ve-munoz-ledo-253560.html<\/p>\n","protected":false},"excerpt":{"rendered":"<p>Compa\u00f1ero de ruta de AMLO desde que ambos bregaban en la oposici\u00f3n \u2013y hoy convertido en uno de sus principales [&hellip;]<\/p>\n","protected":false},"author":1,"featured_media":1626,"comment_status":"open","ping_status":"open","sticky":false,"template":"","format":"standard","meta":{"site-sidebar-layout":"default","site-content-layout":"","ast-site-content-layout":"default","site-content-style":"default","site-sidebar-style":"default","ast-global-header-display":"","ast-banner-title-visibility":"","ast-main-header-display":"","ast-hfb-above-header-display":"","ast-hfb-below-header-display":"","ast-hfb-mobile-header-display":"","site-post-title":"","ast-breadcrumbs-content":"","ast-featured-img":"","footer-sml-layout":"","theme-transparent-header-meta":"","adv-header-id-meta":"","stick-header-meta":"","header-above-stick-meta":"","header-main-stick-meta":"","header-below-stick-meta":"","astra-migrate-meta-layouts":"default","ast-page-background-enabled":"default","ast-page-background-meta":{"desktop":{"background-color":"var(--ast-global-color-4)","background-image":"","background-repeat":"repeat","background-position":"center center","background-size":"auto","background-attachment":"scroll","background-type":"","background-media":"","overlay-type":"","overlay-color":"","overlay-opacity":"","overlay-gradient":""},"tablet":{"background-color":"","background-image":"","background-repeat":"repeat","background-position":"center center","background-size":"auto","background-attachment":"scroll","background-type":"","background-media":"","overlay-type":"","overlay-color":"","overlay-opacity":"","overlay-gradient":""},"mobile":{"background-color":"","background-image":"","background-repeat":"repeat","background-position":"center center","background-size":"auto","background-attachment":"scroll","background-type":"","background-media":"","overlay-type":"","overlay-color":"","overlay-opacity":"","overlay-gradient":""}},"ast-content-background-meta":{"desktop":{"background-color":"var(--ast-global-color-5)","background-image":"","background-repeat":"repeat","background-position":"center center","background-size":"auto","background-attachment":"scroll","background-type":"","background-media":"","overlay-type":"","overlay-color":"","overlay-opacity":"","overlay-gradient":""},"tablet":{"background-color":"var(--ast-global-color-5)","background-image":"","background-repeat":"repeat","background-position":"center center","background-size":"auto","background-attachment":"scroll","background-type":"","background-media":"","overlay-type":"","overlay-color":"","overlay-opacity":"","overlay-gradient":""},"mobile":{"background-color":"var(--ast-global-color-5)","background-image":"","background-repeat":"repeat","background-position":"center center","background-size":"auto","background-attachment":"scroll","background-type":"","background-media":"","overlay-type":"","overlay-color":"","overlay-opacity":"","overlay-gradient":""}},"footnotes":""},"categories":[8],"tags":[],"class_list":["post-1625","post","type-post","status-publish","format-standard","has-post-thumbnail","hentry","category-noticias"],"_links":{"self":[{"href":"https:\/\/losperiodistas.com.mx\/portal\/wp-json\/wp\/v2\/posts\/1625","targetHints":{"allow":["GET"]}}],"collection":[{"href":"https:\/\/losperiodistas.com.mx\/portal\/wp-json\/wp\/v2\/posts"}],"about":[{"href":"https:\/\/losperiodistas.com.mx\/portal\/wp-json\/wp\/v2\/types\/post"}],"author":[{"embeddable":true,"href":"https:\/\/losperiodistas.com.mx\/portal\/wp-json\/wp\/v2\/users\/1"}],"replies":[{"embeddable":true,"href":"https:\/\/losperiodistas.com.mx\/portal\/wp-json\/wp\/v2\/comments?post=1625"}],"version-history":[{"count":1,"href":"https:\/\/losperiodistas.com.mx\/portal\/wp-json\/wp\/v2\/posts\/1625\/revisions"}],"predecessor-version":[{"id":1627,"href":"https:\/\/losperiodistas.com.mx\/portal\/wp-json\/wp\/v2\/posts\/1625\/revisions\/1627"}],"wp:featuredmedia":[{"embeddable":true,"href":"https:\/\/losperiodistas.com.mx\/portal\/wp-json\/wp\/v2\/media\/1626"}],"wp:attachment":[{"href":"https:\/\/losperiodistas.com.mx\/portal\/wp-json\/wp\/v2\/media?parent=1625"}],"wp:term":[{"taxonomy":"category","embeddable":true,"href":"https:\/\/losperiodistas.com.mx\/portal\/wp-json\/wp\/v2\/categories?post=1625"},{"taxonomy":"post_tag","embeddable":true,"href":"https:\/\/losperiodistas.com.mx\/portal\/wp-json\/wp\/v2\/tags?post=1625"}],"curies":[{"name":"wp","href":"https:\/\/api.w.org\/{rel}","templated":true}]}}