{"id":16234,"date":"2021-11-23T08:56:33","date_gmt":"2021-11-23T14:56:33","guid":{"rendered":"http:\/\/losperiodistas.com.mx\/portal\/?p=16234"},"modified":"2021-11-23T08:56:34","modified_gmt":"2021-11-23T14:56:34","slug":"muere-el-escritor-noah-gordon-autor-de-el-medico-rtve","status":"publish","type":"post","link":"https:\/\/losperiodistas.com.mx\/portal\/muere-el-escritor-noah-gordon-autor-de-el-medico-rtve\/","title":{"rendered":"Muere el escritor Noah Gordon, autor de &#8216;El M\u00e9dico&#8217; | RTVE"},"content":{"rendered":"\n<p style=\"font-size:18px\"><em>Ha fallecido en su casa a los 95 a\u00f1os, seg\u00fan ha confirmado su familia. El novelista plasm\u00f3 su afecto por la cultura espa\u00f1ola en las obras\u00a0El \u00faltimo jud\u00edo\u00a0y\u00a0La bodega<\/em><\/p>\n\n\n\n<figure class=\"wp-block-image size-large\"><img fetchpriority=\"high\" decoding=\"async\" width=\"1024\" height=\"576\" src=\"https:\/\/losperiodistas.com.mx\/portal\/wp-content\/uploads\/2021\/11\/Captura-de-Pantalla-2021-11-23-a-las-8.54.11-1024x576.jpg\" alt=\"\" class=\"wp-image-16235\" srcset=\"https:\/\/losperiodistas.com.mx\/portal\/wp-content\/uploads\/2021\/11\/Captura-de-Pantalla-2021-11-23-a-las-8.54.11-1024x576.jpg 1024w, https:\/\/losperiodistas.com.mx\/portal\/wp-content\/uploads\/2021\/11\/Captura-de-Pantalla-2021-11-23-a-las-8.54.11-300x169.jpg 300w, https:\/\/losperiodistas.com.mx\/portal\/wp-content\/uploads\/2021\/11\/Captura-de-Pantalla-2021-11-23-a-las-8.54.11-768x432.jpg 768w, https:\/\/losperiodistas.com.mx\/portal\/wp-content\/uploads\/2021\/11\/Captura-de-Pantalla-2021-11-23-a-las-8.54.11-1536x864.jpg 1536w, https:\/\/losperiodistas.com.mx\/portal\/wp-content\/uploads\/2021\/11\/Captura-de-Pantalla-2021-11-23-a-las-8.54.11-2048x1153.jpg 2048w\" sizes=\"(max-width: 1024px) 100vw, 1024px\" \/><\/figure>\n\n\n\n<p class=\"has-vivid-cyan-blue-color has-text-color has-medium-font-size\">RTVE.ES<\/p>\n\n\n\n<p>El escritor estadounidense de origen jud\u00edo,&nbsp;<strong>Noah Gordon<\/strong>, c\u00e9lebre por ser&nbsp;<a href=\"https:\/\/www.rtve.es\/play\/audios\/biblioteca-basica\/biblioteca-basica-medico-noah-gordon-4-11718\/4823856\/\">el autor de la novela&nbsp;<em>El M\u00e9dico<\/em><\/a>, entre otros&nbsp;<em>best-sellers&nbsp;<\/em>como&nbsp;<em>El rabino<\/em>&nbsp;o&nbsp;<em>El \u00faltimo jud\u00edo<\/em>,&nbsp;<strong>ha muerto este lunes a los 95 a\u00f1os en su casa<\/strong>, seg\u00fan ha confirmado su familia.<\/p>\n\n\n\n<p>En un&nbsp;<a href=\"https:\/\/noahgordon.com\/es\/\">comunicado en su p\u00e1gina web<\/a>, la familia ha destacado que&nbsp;Gordon celebr\u00f3 recientemente su cumplea\u00f1os \u00abcon mucha alegr\u00eda y agradecido por la larga y fruct\u00edfera vida que ha vivido\u00bb.<\/p>\n\n\n\n<p>\u00abDeja un gran vac\u00edo y su memoria permanecer\u00e1 para siempre en su amada familia. La vida y el trabajo de Noah han tocado las vidas de millones de lectores en todo el mundo.&nbsp;<strong>Su obra contin\u00faa viva<\/strong>\u00ab, han compartido.<\/p>\n\n\n\n<h3 class=\"wp-block-heading\"><strong>Periodista apasionado por la historia y la medicina<\/strong><\/h3>\n\n\n\n<p>Pese a que&nbsp;fue presionado por sus padres para estudiar Medicina, Noah Gordon fue licenciado en Periodismo por la Universidad de Boston, profesi\u00f3n a la que dedic\u00f3 su vida antes de comenzar a escribir sus primeras novelas.&nbsp;Su reconocimiento en el \u00e1mbito literario lleg\u00f3 con&nbsp;<em>El M\u00e9dico<\/em>&nbsp;(1986), que<a href=\"https:\/\/www.rtve.es\/noticias\/20131219\/medico-exitosa-novela-noah-gordon-llega-gran-pantalla-casi-30-anos-despues\/827920.shtml\">fue adaptada al cine en 2013<\/a>&nbsp;y cuya&nbsp;saga complet\u00f3 con&nbsp;<em>Cham\u00e1n<\/em>&nbsp;(1992) y&nbsp;<em>La doctora Cole&nbsp;<\/em>(1996).<\/p>\n\n\n\n<p>A lo largo de su vida, el escritor de novelas\u00a0<strong>ha recibido galardones internacionales<\/strong>\u00a0como el premio Euskadi de Plata en 1992 y en 1995; el Premio Bocaccio en 2001 o el Premio de la ciudad de Zaragoza 2006 por el conjunto de sus obras hist\u00f3ricas.<\/p>\n\n\n\n<figure class=\"wp-block-embed is-type-rich is-provider-twitter wp-block-embed-twitter\"><div class=\"wp-block-embed__wrapper\">\n<blockquote class=\"twitter-tweet\" data-width=\"500\" data-dnt=\"true\"><p lang=\"es\" dir=\"ltr\">Nos produce una tristeza inmensa el fallecimiento de Noah Gordon a los 95 a\u00f1os. Nos deja un legado literario maravilloso, del que no podemos estar m\u00e1s orgullosos como su editorial en espa\u00f1ol. Desde <a href=\"https:\/\/twitter.com\/RocaEditorial?ref_src=twsrc%5Etfw\">@RocaEditorial<\/a> mandamos todo el calor y cari\u00f1o a la familia. <a href=\"https:\/\/t.co\/Uh5gjR69tu\">pic.twitter.com\/Uh5gjR69tu<\/a><\/p>&mdash; Roca Editorial (@RocaEditorial) <a href=\"https:\/\/twitter.com\/RocaEditorial\/status\/1462903254761811972?ref_src=twsrc%5Etfw\">November 22, 2021<\/a><\/blockquote><script async src=\"https:\/\/platform.twitter.com\/widgets.js\" charset=\"utf-8\"><\/script>\n<\/div><\/figure>\n\n\n\n<p>De origen jud\u00edo por parte materna, el estadounidense tambi\u00e9n triunf\u00f3 con la publicaci\u00f3n de\u00a0<em>El \u00faltimo jud\u00edo<\/em>\u00a0(1999)\u00a0que reconstruye los acontecimientos hist\u00f3ricos sucedidos en el siglo XV en Espa\u00f1a. Su obra se completa en 2007 con\u00a0<em>La Bodega<\/em>, novela ambientada en la Catalu\u00f1a de finales del siglo XIX con la que el autor quiso plasmar\u00a0<strong>su afecto por la cultura espa\u00f1ola y vitivin\u00edcola<\/strong>.<\/p>\n\n\n\n<p>Fuente: https:\/\/www.rtve.es\/noticias\/20211122\/muere-noah-gordon-escritor-medico\/2232520.shtml<\/p>\n","protected":false},"excerpt":{"rendered":"<p>Ha fallecido en su casa a los 95 a\u00f1os, seg\u00fan ha confirmado su familia. El novelista plasm\u00f3 su afecto por [&hellip;]<\/p>\n","protected":false},"author":1,"featured_media":16235,"comment_status":"open","ping_status":"open","sticky":false,"template":"","format":"standard","meta":{"site-sidebar-layout":"default","site-content-layout":"","ast-site-content-layout":"default","site-content-style":"default","site-sidebar-style":"default","ast-global-header-display":"","ast-banner-title-visibility":"","ast-main-header-display":"","ast-hfb-above-header-display":"","ast-hfb-below-header-display":"","ast-hfb-mobile-header-display":"","site-post-title":"","ast-breadcrumbs-content":"","ast-featured-img":"","footer-sml-layout":"","theme-transparent-header-meta":"","adv-header-id-meta":"","stick-header-meta":"","header-above-stick-meta":"","header-main-stick-meta":"","header-below-stick-meta":"","astra-migrate-meta-layouts":"default","ast-page-background-enabled":"default","ast-page-background-meta":{"desktop":{"background-color":"var(--ast-global-color-4)","background-image":"","background-repeat":"repeat","background-position":"center center","background-size":"auto","background-attachment":"scroll","background-type":"","background-media":"","overlay-type":"","overlay-color":"","overlay-opacity":"","overlay-gradient":""},"tablet":{"background-color":"","background-image":"","background-repeat":"repeat","background-position":"center center","background-size":"auto","background-attachment":"scroll","background-type":"","background-media":"","overlay-type":"","overlay-color":"","overlay-opacity":"","overlay-gradient":""},"mobile":{"background-color":"","background-image":"","background-repeat":"repeat","background-position":"center center","background-size":"auto","background-attachment":"scroll","background-type":"","background-media":"","overlay-type":"","overlay-color":"","overlay-opacity":"","overlay-gradient":""}},"ast-content-background-meta":{"desktop":{"background-color":"var(--ast-global-color-5)","background-image":"","background-repeat":"repeat","background-position":"center center","background-size":"auto","background-attachment":"scroll","background-type":"","background-media":"","overlay-type":"","overlay-color":"","overlay-opacity":"","overlay-gradient":""},"tablet":{"background-color":"var(--ast-global-color-5)","background-image":"","background-repeat":"repeat","background-position":"center center","background-size":"auto","background-attachment":"scroll","background-type":"","background-media":"","overlay-type":"","overlay-color":"","overlay-opacity":"","overlay-gradient":""},"mobile":{"background-color":"var(--ast-global-color-5)","background-image":"","background-repeat":"repeat","background-position":"center center","background-size":"auto","background-attachment":"scroll","background-type":"","background-media":"","overlay-type":"","overlay-color":"","overlay-opacity":"","overlay-gradient":""}},"footnotes":""},"categories":[8],"tags":[5497,5498],"class_list":["post-16234","post","type-post","status-publish","format-standard","has-post-thumbnail","hentry","category-noticias","tag-noah-gordon","tag-novela-el-medico"],"_links":{"self":[{"href":"https:\/\/losperiodistas.com.mx\/portal\/wp-json\/wp\/v2\/posts\/16234","targetHints":{"allow":["GET"]}}],"collection":[{"href":"https:\/\/losperiodistas.com.mx\/portal\/wp-json\/wp\/v2\/posts"}],"about":[{"href":"https:\/\/losperiodistas.com.mx\/portal\/wp-json\/wp\/v2\/types\/post"}],"author":[{"embeddable":true,"href":"https:\/\/losperiodistas.com.mx\/portal\/wp-json\/wp\/v2\/users\/1"}],"replies":[{"embeddable":true,"href":"https:\/\/losperiodistas.com.mx\/portal\/wp-json\/wp\/v2\/comments?post=16234"}],"version-history":[{"count":1,"href":"https:\/\/losperiodistas.com.mx\/portal\/wp-json\/wp\/v2\/posts\/16234\/revisions"}],"predecessor-version":[{"id":16236,"href":"https:\/\/losperiodistas.com.mx\/portal\/wp-json\/wp\/v2\/posts\/16234\/revisions\/16236"}],"wp:featuredmedia":[{"embeddable":true,"href":"https:\/\/losperiodistas.com.mx\/portal\/wp-json\/wp\/v2\/media\/16235"}],"wp:attachment":[{"href":"https:\/\/losperiodistas.com.mx\/portal\/wp-json\/wp\/v2\/media?parent=16234"}],"wp:term":[{"taxonomy":"category","embeddable":true,"href":"https:\/\/losperiodistas.com.mx\/portal\/wp-json\/wp\/v2\/categories?post=16234"},{"taxonomy":"post_tag","embeddable":true,"href":"https:\/\/losperiodistas.com.mx\/portal\/wp-json\/wp\/v2\/tags?post=16234"}],"curies":[{"name":"wp","href":"https:\/\/api.w.org\/{rel}","templated":true}]}}