{"id":16231,"date":"2021-11-23T08:51:03","date_gmt":"2021-11-23T14:51:03","guid":{"rendered":"http:\/\/losperiodistas.com.mx\/portal\/?p=16231"},"modified":"2021-11-23T08:51:05","modified_gmt":"2021-11-23T14:51:05","slug":"hablando-de-pavo-como-el-pajaro-de-accion-de-gracias-obtuvo-su-nombre-y-luego-lo-presto-para-filmar-fracasos-the-conversation","status":"publish","type":"post","link":"https:\/\/losperiodistas.com.mx\/portal\/hablando-de-pavo-como-el-pajaro-de-accion-de-gracias-obtuvo-su-nombre-y-luego-lo-presto-para-filmar-fracasos-the-conversation\/","title":{"rendered":"\u00a1Hablando de pavo! C\u00f3mo el p\u00e1jaro de Acci\u00f3n de Gracias obtuvo su nombre (y luego lo prest\u00f3 para filmar fracasos) | The Conversation"},"content":{"rendered":"\n<figure class=\"wp-block-image size-large\"><img fetchpriority=\"high\" decoding=\"async\" width=\"1024\" height=\"510\" src=\"https:\/\/losperiodistas.com.mx\/portal\/wp-content\/uploads\/2021\/11\/Captura-de-Pantalla-2021-11-23-a-las-8.43.26-1024x510.jpg\" alt=\"\" class=\"wp-image-16232\" srcset=\"https:\/\/losperiodistas.com.mx\/portal\/wp-content\/uploads\/2021\/11\/Captura-de-Pantalla-2021-11-23-a-las-8.43.26-1024x510.jpg 1024w, https:\/\/losperiodistas.com.mx\/portal\/wp-content\/uploads\/2021\/11\/Captura-de-Pantalla-2021-11-23-a-las-8.43.26-300x149.jpg 300w, https:\/\/losperiodistas.com.mx\/portal\/wp-content\/uploads\/2021\/11\/Captura-de-Pantalla-2021-11-23-a-las-8.43.26-768x382.jpg 768w, https:\/\/losperiodistas.com.mx\/portal\/wp-content\/uploads\/2021\/11\/Captura-de-Pantalla-2021-11-23-a-las-8.43.26-1536x765.jpg 1536w, https:\/\/losperiodistas.com.mx\/portal\/wp-content\/uploads\/2021\/11\/Captura-de-Pantalla-2021-11-23-a-las-8.43.26-2048x1020.jpg 2048w\" sizes=\"(max-width: 1024px) 100vw, 1024px\" \/><figcaption>No todo el mundo es fan\u00e1tico del D\u00eda del Pavo.\u00a0 <a href=\"https:\/\/www.gettyimages.com\/detail\/photo\/free-range-bronze-turkeys-royalty-free-image\/1282776886?adppopup=true\">E4C a trav\u00e9s de Getty Images<\/a><\/figcaption><\/figure>\n\n\n\n<p><\/p>\n\n\n\n<p class=\"has-vivid-cyan-blue-color has-text-color has-medium-font-size\">JACK LYNCH \/ THE CONVERSATION<\/p>\n\n\n\n<p>El \u201cD\u00eda de Meleagris Gallopavo\u201d es un poco complicado.&nbsp;Quiz\u00e1s por eso, en este D\u00eda de Acci\u00f3n de Gracias, la mayor\u00eda de la gente optar\u00e1 por el \u00abD\u00eda del Pavo\u00bb, menos ornitol\u00f3gicamente preciso.<\/p>\n\n\n\n<p>Y as\u00ed como el pavo es una carne vers\u00e1til, \u00a1piense en esas opciones sobrantes!&nbsp;&#8211; tambi\u00e9n lo es la palabra \u00abpavo\u00bb, que puede referirse a todo, desde el p\u00e1jaro en s\u00ed hasta un&nbsp;<a href=\"https:\/\/theconversation.com\/us\/topics\/turkey-2915\">populoso pa\u00eds euroasi\u00e1tico<\/a>&nbsp;o&nbsp;<a href=\"https:\/\/editorial.rottentomatoes.com\/guide\/worst-movies-of-all-time\/\">fracasos de pel\u00edculas<\/a>&nbsp;.<\/p>\n\n\n\n<p>Como&nbsp;<a href=\"https:\/\/sasn.rutgers.edu\/about-us\/faculty-staff\/jack-lynch\">erudito que estudia los or\u00edgenes de las palabras<\/a>&nbsp;, me encanta el \u201cpavo parlante\u201d, no solo c\u00f3mo se le dio nombre al p\u00e1jaro, sino tambi\u00e9n c\u00f3mo la palabra ha evolucionado con el tiempo.&nbsp;Pero comencemos con lo que se ha convertido en la pieza central de la mayor\u00eda de las cenas del D\u00eda de Acci\u00f3n de Gracias.<\/p>\n\n\n\n<p>El&nbsp;<a href=\"https:\/\/www.fs.fed.us\/database\/feis\/animals\/bird\/mega\/all.html\">pavo norteamericano<\/a>&nbsp;, el tipo que muchas familias se repartir\u00e1n este D\u00eda de Acci\u00f3n de Gracias, fue&nbsp;<a href=\"https:\/\/www.science.org\/content\/article\/taming-turkey\">domesticado en M\u00e9xico hace unos 2.000 a\u00f1os<\/a>&nbsp;.<\/p>\n\n\n\n<p>Los europeos vislumbraron sus primeros pavos alrededor de 1500, cuando los exploradores espa\u00f1oles llegaron a Am\u00e9rica y los trajeron de regreso a la madre patria.&nbsp;En la d\u00e9cada de 1520, los pavos se&nbsp;<a href=\"https:\/\/www.theatlantic.com\/international\/archive\/2015\/11\/turkey-history-world-thanksgiving\/417849\/\">estaban criando en Espa\u00f1a<\/a>&nbsp;, y pronto el manjar apareci\u00f3 en las mesas de los ricos de toda Europa.<\/p>\n\n\n\n<h2 class=\"wp-block-heading\">\u00a1Oh, dinde!<\/h2>\n\n\n\n<p>Pero, \u00bfc\u00f3mo llamar a la nueva importaci\u00f3n?&nbsp;Los europeos del Nuevo Mundo se sintieron abrumados por las nuevas plantas y animales que vieron, y a menudo usaban nombres familiares para especies desconocidas.&nbsp;Los espa\u00f1oles, por ejemplo, pensaban que los pavos parec\u00edan pavos reales, por lo que usaron la palabra espa\u00f1ola \u00bb&nbsp;<a href=\"https:\/\/www.spanishdict.com\/translate\/pavo\">pavos<\/a>&nbsp;\u00ab.&nbsp;Los franceses los llamaron \u00abpoules d&#8217;Indes\u00bb o pollos indios, m\u00e1s tarde abreviado como \u00bb&nbsp;<a href=\"https:\/\/en.wiktionary.org\/wiki\/dinde\">dinde<\/a>&nbsp;\u00ab.<\/p>\n\n\n\n<p>Para los ingleses, las aves estadounidenses reci\u00e9n descubiertas se parec\u00edan a la gallina de Guinea, un ave originaria de \u00c1frica pero que fue introducida en Europa por comerciantes \u00e1rabes y turcos en los siglos XIV y XV.<\/p>\n\n\n\n<p>Y es en este punto de la historia que el pavo moderno recibe su nombre.<\/p>\n\n\n\n<p>El&nbsp;<a href=\"https:\/\/www.bbc.co.uk\/religion\/religions\/islam\/history\/ottomanempire_1.shtml\">Imperio Otomano<\/a>&nbsp;estaba entonces en su apogeo.&nbsp;Los turcos \u00e9tnicos, con sede en Constantinopla (ahora Estambul), dirig\u00edan el imperio que abarcaba el Cercano Oriente, Oriente Medio y \u00c1frica del Norte.&nbsp;Como resultado, para muchos europeos, cualquier persona de \u00abOriente\u00bb era un \u00abturco\u00bb.<\/p>\n\n\n\n<p>Debido a que los otomanos dominaban el comercio en el Mediterr\u00e1neo oriental, muchos productos que llegaban a Europa se consideraban \u00abturcos\u00bb.&nbsp;As\u00ed que una piedra preciosa de Persia se llam\u00f3 \u00abpiedra de Turqu\u00eda\u00bb, y la versi\u00f3n francesa de ese nombre, \u00abpierre turquesa\u00bb, nos dio la palabra \u00bb&nbsp;<a href=\"https:\/\/www.merriam-webster.com\/dictionary\/turquoise\">turquesa<\/a>&nbsp;\u00ab.<\/p>\n\n\n\n<p>De la misma manera, la gallina de Guinea africana, introducida por comerciantes turcos, se convirti\u00f3 en un \u00abgallo de pavo\u00bb o \u00abgallina de pavo\u00bb.&nbsp;Con el tiempo, esto se redujo a solo \u00abpavo\u00bb.<\/p>\n\n\n\n<h2 class=\"wp-block-heading\">\u00a1Eso s\u00ed que es una fiesta!<\/h2>\n\n\n\n<p>Durante el tiempo que los pavos del Nuevo Mundo han estado en Europa, han aparecido en comidas de celebraci\u00f3n.&nbsp;La palabra inglesa aparece por primera vez impresa en&nbsp;<a href=\"https:\/\/books.google.com\/books?id=aTJRAQAAMAAJ&amp;newbks=1&amp;newbks_redir=0&amp;dq=Dugdale%20Origines%20Juridiciales&amp;pg=PA131#v=onepage&amp;q&amp;f=false\">un relato de un banquete<\/a>&nbsp;organizado por el pol\u00edtico John Prideaux en 1555: El men\u00fa inclu\u00eda 38 ciervos rojos, 43 faisanes, 50 pasteles de membrillo, 63 cisnes, 114 palomas, 120 conejos, 840 alondras, 325 galones de Vino de Burdeos y \u201cTurkies 2. valorados en 4 chelines.&nbsp;una pieza.\u00bb<\/p>\n\n\n\n<p>Sin embargo, la cena de pavo m\u00e1s famosa de la historia se&nbsp;<a href=\"https:\/\/theconversation.com\/what-the-first-thanksgiving-dinner-actually-looked-like-85714\">sirvi\u00f3 en Plymouth Plantation en 1621<\/a>&nbsp;, cuando 50 peregrinos que sobrevivieron a un a\u00f1o de dificultades brutales se unieron a 90 nativos americanos para una fiesta de tres d\u00edas.&nbsp;Turqu\u00eda no fue el \u00fanico plato que se sirvi\u00f3.&nbsp;Escribiendo en su&nbsp;<a href=\"https:\/\/www.mass.gov\/info-details\/bradfords-manuscript-of-plimoth-plantation\">Historia de la plantaci\u00f3n de Plymouth<\/a>&nbsp;, el gobernador William Bradford se\u00f1al\u00f3 que los nativos americanos tra\u00edan \u00abbacalao, lubina y otros pescados\u00bb, y otros tra\u00edan \u00absuciedad de agua\u00bb y venado.&nbsp;Pero qued\u00f3 especialmente impresionado con la \u00abgran reserva de turcos salvajes\u00bb.<\/p>\n\n\n\n<p>El p\u00e1jaro se ha asociado tanto con las cenas de celebraci\u00f3n de la \u00e9poca de la cosecha que hemos estado llamando el \u00abD\u00eda del Pavo\u00bb de Acci\u00f3n de Gracias desde al menos 1870.<\/p>\n\n\n\n<p>Mientras tanto, la palabra ha seguido encontrando nuevos usos, apareciendo con&nbsp;<a href=\"https:\/\/greensdictofslang.com\/entry\/hwibi6q\">decenas de significados<\/a>&nbsp;.&nbsp;En 1839, el Southern Literary Messenger, una revista editada por Edgar Allen Poe, inform\u00f3 sobre un nuevo tipo de danza, llamada \u00abturkey-trot\u00bb por sus movimientos espasm\u00f3dicos.<\/p>\n\n\n\n<p>En 1920, el Departamento de Salud de Nueva York inform\u00f3 que \u00abalgunos adictos dejan de tomar opi\u00e1ceos voluntariamente y &#8216;lo sufren&#8217; &#8230; lo que en su jerga se llama tomar &#8216;&nbsp;<a href=\"https:\/\/greensdictofslang.com\/entry\/5k7gmoa\">pavo fr\u00edo<\/a>&nbsp;&#8216;\u00bb.<\/p>\n\n\n\n<p>La reputaci\u00f3n de estupidez del pavo provoc\u00f3 otros significados.&nbsp;El legendario columnista de chismes&nbsp;<a href=\"https:\/\/www.pbs.org\/wnet\/americanmasters\/walter-winchell-biographical-timeline\/15619\/#podcastsubscribe\">Walter Winchell<\/a>&nbsp;les dijo a los lectores de&nbsp;<a href=\"https:\/\/www.nytimes.com\/1993\/11\/25\/opinion\/click-click-gobble-gobble.html\">Vanity Fair en 1927<\/a>&nbsp;acerca de una nueva jerga del mundo del espect\u00e1culo: \u00ab&#8216;Un pavo'\u00bb, inform\u00f3, \u00abes una producci\u00f3n de tercera categor\u00eda\u00bb.<\/p>\n\n\n\n<p>Desde entonces, las pel\u00edculas que fracasan con la cr\u00edtica o en la taquilla se han llamado pavos.<\/p>\n\n\n\n<p>Otro sentido despectivo lleg\u00f3 en la d\u00e9cada de 1950, cuando Turqu\u00eda se convirti\u00f3 en un nombre para \u00abuna persona est\u00fapida, lenta, inepta o in\u00fatil\u00bb.&nbsp;Eso, a su vez, probablemente llev\u00f3 al surgimiento del \u00bb&nbsp;<a href=\"https:\/\/www.discogs.com\/release\/3378674-Ohio-Players-Jive-Turkey-Part-1-Streakin-Cheek-To-Cheek\">jive turkey<\/a>&nbsp;\u00ab, que apareci\u00f3 por primera vez en el discurso afroamericano a principios de la d\u00e9cada de 1970, definido por el&nbsp;<a href=\"https:\/\/spitalfieldslife.com\/2011\/02\/24\/jonathon-green-lexicographer\/\">lexic\u00f3grafo de<\/a>&nbsp;jergas&nbsp;<a href=\"https:\/\/spitalfieldslife.com\/2011\/02\/24\/jonathon-green-lexicographer\/\">Jonathon Green<\/a>&nbsp;como \u00bb&nbsp;<a href=\"https:\/\/greensdictofslang.com\/entry\/kenrl3q#uv4asfq\">una persona insincera, enga\u00f1osa y deshonesta<\/a>&nbsp;\u00ab.<\/p>\n\n\n\n<h2 class=\"wp-block-heading\">\u00bfJive o hablando francamente?<\/h2>\n\n\n\n<p>\u00bfY qu\u00e9 hay de \u00abhablar pavo\u00bb?&nbsp;Bueno, eso puede significar cosas bastante contradictorias.<\/p>\n\n\n\n<p>Un diccionario de 1859 lo define como \u00abHablar de una manera tonta, decir tonter\u00edas\u00bb.&nbsp;Se le atribuye un significado similar a otra palabra relacionada con el pavo, \u00bb&nbsp;<a href=\"https:\/\/www.merriam-webster.com\/dictionary\/gobbledygook\">galimat\u00edas<\/a>&nbsp;\u00ab.<\/p>\n\n\n\n<p>Otra definici\u00f3n encontrada en 1889 \u00abAmericanismos, viejos y nuevos\u00bb ten\u00eda \u00bb&nbsp;<a href=\"https:\/\/books.google.com\/books?id=OQY1AQAAMAAJ&amp;newbks=1&amp;newbks_redir=0&amp;dq=%22when%20plain%20English%20would%22%20%22turkey%22&amp;pg=PA543#v=onepage&amp;q&amp;f=false\">hablar pavo<\/a>&nbsp;\u00bb que significa \u00abPara usar palabras que suenen altas, cuando el ingl\u00e9s simple funcionar\u00eda igual de bien o mejor\u00bb.<\/p>\n\n\n\n<p>[&nbsp;<em>Obtenga lo mejor de The Conversation, todos los fines de semana.&nbsp;<\/em><a href=\"https:\/\/memberservices.theconversation.com\/newsletters\/?source=inline-weeklybest\">Suscr\u00edbase a nuestro bolet\u00edn semanal<\/a>&nbsp;.]<\/p>\n\n\n\n<p>El significado m\u00e1s familiar de \u00abhablar pavo\u00bb, en el que es un sustituto de \u00abhablar francamente\u00bb, a menudo se dice que proviene de una broma que alguna vez fue popular.&nbsp;Un hombre blanco y un indio americano, cuenta la historia, pasan un d\u00eda cazando juntos y logran atrapar un pavo y un buitre algo menos generoso.&nbsp;El tortuoso hombre blanco propone una divisi\u00f3n del bot\u00edn de \u00abcara-yo-gano-cruz-t\u00fa-pierdes\u00bb.&nbsp;\u201cYo me quedo con el pavo y t\u00fa con el buitre\u201d, dice, \u201co, si lo prefieres, t\u00fa con el buitre y yo con el pavo\u201d.&nbsp;El indio americano frustrado responde, por lo general en alguna versi\u00f3n del ingl\u00e9s pidgin c\u00f3mico, \u00abMe hablas como un buitre y no hablas pavo\u00bb.<\/p>\n\n\n\n<p>Aquellos que\u00a0<a href=\"http:\/\/www.worldwidewords.org\/qa\/qa-tal1.htm\">estudian historias de palabras<\/a>\u00a0son esc\u00e9pticos ante historias como esta, ya que la mayor\u00eda se inventan despu\u00e9s de los hechos.\u00a0Lo m\u00e1s probable es que el \u201chablar pavo\u201d provenga de una conversaci\u00f3n agradable en la cena de Acci\u00f3n de Gracias, o tal vez de negociaciones entre los nativos americanos y los colonos europeos sobre el costo de las aves de corral.\u00a0Sin embargo, sea cual sea el origen, cuando \u00abhablamos de pavo\u00bb, estamos participando en el tipo de discurso directo y honesto que el intrigante cazador le neg\u00f3 a su compa\u00f1ero de caza.<\/p>\n\n\n\n<p><a href=\"https:\/\/theconversation.com\/profiles\/jack-lynch-1290992\">Jack Lynch<\/a> Profesor de ingl\u00e9s, Rutgers University &#8211; Newark<\/p>\n\n\n\n<p>Fuente: https:\/\/theconversation.com\/talking-turkey-how-the-thanksgiving-bird-got-its-name-and-then-lent-it-to-film-flops-171925<\/p>\n","protected":false},"excerpt":{"rendered":"<p>JACK LYNCH \/ THE CONVERSATION El \u201cD\u00eda de Meleagris Gallopavo\u201d es un poco complicado.&nbsp;Quiz\u00e1s por eso, en este D\u00eda de [&hellip;]<\/p>\n","protected":false},"author":1,"featured_media":16232,"comment_status":"open","ping_status":"open","sticky":false,"template":"","format":"standard","meta":{"site-sidebar-layout":"default","site-content-layout":"","ast-site-content-layout":"default","site-content-style":"default","site-sidebar-style":"default","ast-global-header-display":"","ast-banner-title-visibility":"","ast-main-header-display":"","ast-hfb-above-header-display":"","ast-hfb-below-header-display":"","ast-hfb-mobile-header-display":"","site-post-title":"","ast-breadcrumbs-content":"","ast-featured-img":"","footer-sml-layout":"","theme-transparent-header-meta":"","adv-header-id-meta":"","stick-header-meta":"","header-above-stick-meta":"","header-main-stick-meta":"","header-below-stick-meta":"","astra-migrate-meta-layouts":"default","ast-page-background-enabled":"default","ast-page-background-meta":{"desktop":{"background-color":"var(--ast-global-color-4)","background-image":"","background-repeat":"repeat","background-position":"center center","background-size":"auto","background-attachment":"scroll","background-type":"","background-media":"","overlay-type":"","overlay-color":"","overlay-opacity":"","overlay-gradient":""},"tablet":{"background-color":"","background-image":"","background-repeat":"repeat","background-position":"center center","background-size":"auto","background-attachment":"scroll","background-type":"","background-media":"","overlay-type":"","overlay-color":"","overlay-opacity":"","overlay-gradient":""},"mobile":{"background-color":"","background-image":"","background-repeat":"repeat","background-position":"center center","background-size":"auto","background-attachment":"scroll","background-type":"","background-media":"","overlay-type":"","overlay-color":"","overlay-opacity":"","overlay-gradient":""}},"ast-content-background-meta":{"desktop":{"background-color":"var(--ast-global-color-5)","background-image":"","background-repeat":"repeat","background-position":"center center","background-size":"auto","background-attachment":"scroll","background-type":"","background-media":"","overlay-type":"","overlay-color":"","overlay-opacity":"","overlay-gradient":""},"tablet":{"background-color":"var(--ast-global-color-5)","background-image":"","background-repeat":"repeat","background-position":"center center","background-size":"auto","background-attachment":"scroll","background-type":"","background-media":"","overlay-type":"","overlay-color":"","overlay-opacity":"","overlay-gradient":""},"mobile":{"background-color":"var(--ast-global-color-5)","background-image":"","background-repeat":"repeat","background-position":"center center","background-size":"auto","background-attachment":"scroll","background-type":"","background-media":"","overlay-type":"","overlay-color":"","overlay-opacity":"","overlay-gradient":""}},"footnotes":""},"categories":[8],"tags":[5496,5494,5495],"class_list":["post-16231","post","type-post","status-publish","format-standard","has-post-thumbnail","hentry","category-noticias","tag-dia-de-accion-de-gracias","tag-el-dia-del-pavo","tag-gallopavo"],"_links":{"self":[{"href":"https:\/\/losperiodistas.com.mx\/portal\/wp-json\/wp\/v2\/posts\/16231","targetHints":{"allow":["GET"]}}],"collection":[{"href":"https:\/\/losperiodistas.com.mx\/portal\/wp-json\/wp\/v2\/posts"}],"about":[{"href":"https:\/\/losperiodistas.com.mx\/portal\/wp-json\/wp\/v2\/types\/post"}],"author":[{"embeddable":true,"href":"https:\/\/losperiodistas.com.mx\/portal\/wp-json\/wp\/v2\/users\/1"}],"replies":[{"embeddable":true,"href":"https:\/\/losperiodistas.com.mx\/portal\/wp-json\/wp\/v2\/comments?post=16231"}],"version-history":[{"count":1,"href":"https:\/\/losperiodistas.com.mx\/portal\/wp-json\/wp\/v2\/posts\/16231\/revisions"}],"predecessor-version":[{"id":16233,"href":"https:\/\/losperiodistas.com.mx\/portal\/wp-json\/wp\/v2\/posts\/16231\/revisions\/16233"}],"wp:featuredmedia":[{"embeddable":true,"href":"https:\/\/losperiodistas.com.mx\/portal\/wp-json\/wp\/v2\/media\/16232"}],"wp:attachment":[{"href":"https:\/\/losperiodistas.com.mx\/portal\/wp-json\/wp\/v2\/media?parent=16231"}],"wp:term":[{"taxonomy":"category","embeddable":true,"href":"https:\/\/losperiodistas.com.mx\/portal\/wp-json\/wp\/v2\/categories?post=16231"},{"taxonomy":"post_tag","embeddable":true,"href":"https:\/\/losperiodistas.com.mx\/portal\/wp-json\/wp\/v2\/tags?post=16231"}],"curies":[{"name":"wp","href":"https:\/\/api.w.org\/{rel}","templated":true}]}}