{"id":16225,"date":"2021-11-23T08:31:50","date_gmt":"2021-11-23T14:31:50","guid":{"rendered":"http:\/\/losperiodistas.com.mx\/portal\/?p=16225"},"modified":"2021-11-23T08:31:51","modified_gmt":"2021-11-23T14:31:51","slug":"regreso-a-clases-no-ha-causado-repunte-de-contagios-asegura-lopez-gatell-el-heraldo-de-mexico","status":"publish","type":"post","link":"https:\/\/losperiodistas.com.mx\/portal\/regreso-a-clases-no-ha-causado-repunte-de-contagios-asegura-lopez-gatell-el-heraldo-de-mexico\/","title":{"rendered":"Regreso a clases no ha causado repunte de contagios; asegura L\u00f3pez-Gatell | El Heraldo de M\u00e9xico"},"content":{"rendered":"\n<p style=\"font-size:18px\"><em>Asegur\u00f3 que en la mayor\u00eda de los menores de edad, el Covid-19 se presenta como una enfermedad leve<\/em><\/p>\n\n\n\n<figure class=\"wp-block-image size-large\"><img fetchpriority=\"high\" decoding=\"async\" width=\"1024\" height=\"578\" src=\"https:\/\/losperiodistas.com.mx\/portal\/wp-content\/uploads\/2021\/11\/Captura-de-Pantalla-2021-11-23-a-las-8.13.16-1024x578.jpg\" alt=\"\" class=\"wp-image-16226\" srcset=\"https:\/\/losperiodistas.com.mx\/portal\/wp-content\/uploads\/2021\/11\/Captura-de-Pantalla-2021-11-23-a-las-8.13.16-1024x578.jpg 1024w, https:\/\/losperiodistas.com.mx\/portal\/wp-content\/uploads\/2021\/11\/Captura-de-Pantalla-2021-11-23-a-las-8.13.16-300x169.jpg 300w, https:\/\/losperiodistas.com.mx\/portal\/wp-content\/uploads\/2021\/11\/Captura-de-Pantalla-2021-11-23-a-las-8.13.16-768x434.jpg 768w, https:\/\/losperiodistas.com.mx\/portal\/wp-content\/uploads\/2021\/11\/Captura-de-Pantalla-2021-11-23-a-las-8.13.16-1536x868.jpg 1536w, https:\/\/losperiodistas.com.mx\/portal\/wp-content\/uploads\/2021\/11\/Captura-de-Pantalla-2021-11-23-a-las-8.13.16.jpg 1742w\" sizes=\"(max-width: 1024px) 100vw, 1024px\" \/><\/figure>\n\n\n\n<p class=\"has-vivid-cyan-blue-color has-text-color has-medium-font-size\">RODRIGO MENDOZA GONZ\u00c1LEZ \/ EL HERALDO DE M\u00c9XICO<\/p>\n\n\n\n<p>El titular de la Subsecretar\u00eda de Prevenci\u00f3n y Promoci\u00f3n de la Salud,&nbsp;<strong>Hugo L\u00f3pez-Gatell<\/strong>, destac\u00f3&nbsp;<a href=\"https:\/\/heraldodemexico.com.mx\/nacional\/2021\/11\/23\/en-vivo-la-mananera-de-amlo-hoy-martes-23-de-noviembre-356254.html\">durante la Ma\u00f1anera<\/a>&nbsp;que no se ha presentado ni un&nbsp;<strong>repunte de contagios por Covid-19<\/strong>&nbsp;tras la apertura de&nbsp;las&nbsp;<strong>escuelas<\/strong>.<\/p>\n\n\n\n<p>Agreg\u00f3 que desde que se&nbsp;<strong>abrieron las escuelas el 30 de agosto<\/strong>, en ning\u00fan momento se ha presentado alg\u00fan repunte en la&nbsp;<strong>poblaci\u00f3n escolar de cinco a 17 a\u00f1os de edad&nbsp;<\/strong>por lo que hay una reducci\u00f3n sostenida de los casos en dicho sector cuyos contagios se presentan solo en el 10 por ciento de la comunidad escolar.<\/p>\n\n\n\n<p>Lo anterior L\u00f3pez-Gatell lo traduce como\u00a0<strong>un m\u00ednimo impacto de la apertura de las escuela<\/strong>s sobre los contagios. Inform\u00f3 que tienen un\u00a0<strong>sistema de informaci\u00f3n para el alertamiento inmediato de contagios\u00a0<\/strong>compartido con la\u00a0<strong>Secretar\u00eda de Educaci\u00f3n P\u00fablica<\/strong>\u00a0el cual indica que\u00a0<strong>solo el 0.07 por ciento de las escuelas del 67 por ciento\u00a0<\/strong>que han abierto han tenido alguna clase de afectaci\u00f3n.<\/p>\n\n\n\n<figure class=\"wp-block-image\"><img decoding=\"async\" src=\"https:\/\/heraldodemexico.com.mx\/u\/fotografias\/m\/2021\/11\/23\/f768x1-447466_447593_0.png\" alt=\"pandemia\"\/><figcaption>Casos de Covid-19 en las escuelas. Foto: Especial<\/figcaption><\/figure>\n\n\n\n<p>Detall\u00f3 que los casos que est\u00e1n dentro de ese 10 por ciento es en alg\u00fan sal\u00f3n que tiene un paciente enfermo o que se presenta en m\u00e1s de un sal\u00f3n en toda la escuela, asegur\u00f3, lo cual confirma que en la poblaci\u00f3n menor de edad el Covid-19 se presenta como<strong>&nbsp;una enfermedad leve.<\/strong><\/p>\n\n\n\n<p>En&nbsp;<strong>Chihuahua<\/strong>&nbsp;y en&nbsp;<strong>Veracruz<\/strong>&nbsp;son los estados que concentran el mayor n\u00famero de casos de alumnos contagiados los cuales se presentaron en las<strong>&nbsp;escuelas de ocho y siete planteles<\/strong>, respectivamente.&nbsp;<\/p>\n\n\n\n<h2 class=\"wp-block-heading\">Sigue la vacunaci\u00f3n contra el Covid-19<\/h2>\n\n\n\n<p>Hugo L\u00f3pez-Gatell inform\u00f3 que la curva epid\u00e9mica a la semana 46 se registra una<strong>&nbsp;reducci\u00f3n de contagios de menos 17 por ciento<\/strong>. Agreg\u00f3 que&nbsp;<strong>hay menos de 20 mil casos activos de contagios por Covid-19<\/strong>&nbsp;y la ocupaci\u00f3n de unidades Covid-19 es m\u00ednima y presenta un 90 por ciento de reducci\u00f3n hospitalaria.<\/p>\n\n\n\n<p>Asegur\u00f3 que la vacuna ayuda contra la hospitalizaci\u00f3n y defunciones por coronavirus. Al momento, se han\u00a0<strong>aplicado m\u00e1s de 131 millones de vacunas Covid-19<\/strong>, lo que representa casi 76 millones de personas adultas que han sido inoculadas.<\/p>\n\n\n\n<p>Fuente: https:\/\/heraldodemexico.com.mx\/nacional\/2021\/11\/23\/no-se-ha-presentado-ni-un-repunte-de-contagios-por-covid-19-en-las-escuelas-lopez-gatell-356263.html<\/p>\n","protected":false},"excerpt":{"rendered":"<p>Asegur\u00f3 que en la mayor\u00eda de los menores de edad, el Covid-19 se presenta como una enfermedad leve RODRIGO MENDOZA [&hellip;]<\/p>\n","protected":false},"author":1,"featured_media":16226,"comment_status":"open","ping_status":"open","sticky":false,"template":"","format":"standard","meta":{"site-sidebar-layout":"default","site-content-layout":"","ast-site-content-layout":"default","site-content-style":"default","site-sidebar-style":"default","ast-global-header-display":"","ast-banner-title-visibility":"","ast-main-header-display":"","ast-hfb-above-header-display":"","ast-hfb-below-header-display":"","ast-hfb-mobile-header-display":"","site-post-title":"","ast-breadcrumbs-content":"","ast-featured-img":"","footer-sml-layout":"","theme-transparent-header-meta":"","adv-header-id-meta":"","stick-header-meta":"","header-above-stick-meta":"","header-main-stick-meta":"","header-below-stick-meta":"","astra-migrate-meta-layouts":"default","ast-page-background-enabled":"default","ast-page-background-meta":{"desktop":{"background-color":"var(--ast-global-color-4)","background-image":"","background-repeat":"repeat","background-position":"center center","background-size":"auto","background-attachment":"scroll","background-type":"","background-media":"","overlay-type":"","overlay-color":"","overlay-opacity":"","overlay-gradient":""},"tablet":{"background-color":"","background-image":"","background-repeat":"repeat","background-position":"center center","background-size":"auto","background-attachment":"scroll","background-type":"","background-media":"","overlay-type":"","overlay-color":"","overlay-opacity":"","overlay-gradient":""},"mobile":{"background-color":"","background-image":"","background-repeat":"repeat","background-position":"center center","background-size":"auto","background-attachment":"scroll","background-type":"","background-media":"","overlay-type":"","overlay-color":"","overlay-opacity":"","overlay-gradient":""}},"ast-content-background-meta":{"desktop":{"background-color":"var(--ast-global-color-5)","background-image":"","background-repeat":"repeat","background-position":"center center","background-size":"auto","background-attachment":"scroll","background-type":"","background-media":"","overlay-type":"","overlay-color":"","overlay-opacity":"","overlay-gradient":""},"tablet":{"background-color":"var(--ast-global-color-5)","background-image":"","background-repeat":"repeat","background-position":"center center","background-size":"auto","background-attachment":"scroll","background-type":"","background-media":"","overlay-type":"","overlay-color":"","overlay-opacity":"","overlay-gradient":""},"mobile":{"background-color":"var(--ast-global-color-5)","background-image":"","background-repeat":"repeat","background-position":"center center","background-size":"auto","background-attachment":"scroll","background-type":"","background-media":"","overlay-type":"","overlay-color":"","overlay-opacity":"","overlay-gradient":""}},"footnotes":""},"categories":[8],"tags":[5493],"class_list":["post-16225","post","type-post","status-publish","format-standard","has-post-thumbnail","hentry","category-noticias","tag-covid-mexico-repunte"],"_links":{"self":[{"href":"https:\/\/losperiodistas.com.mx\/portal\/wp-json\/wp\/v2\/posts\/16225","targetHints":{"allow":["GET"]}}],"collection":[{"href":"https:\/\/losperiodistas.com.mx\/portal\/wp-json\/wp\/v2\/posts"}],"about":[{"href":"https:\/\/losperiodistas.com.mx\/portal\/wp-json\/wp\/v2\/types\/post"}],"author":[{"embeddable":true,"href":"https:\/\/losperiodistas.com.mx\/portal\/wp-json\/wp\/v2\/users\/1"}],"replies":[{"embeddable":true,"href":"https:\/\/losperiodistas.com.mx\/portal\/wp-json\/wp\/v2\/comments?post=16225"}],"version-history":[{"count":1,"href":"https:\/\/losperiodistas.com.mx\/portal\/wp-json\/wp\/v2\/posts\/16225\/revisions"}],"predecessor-version":[{"id":16227,"href":"https:\/\/losperiodistas.com.mx\/portal\/wp-json\/wp\/v2\/posts\/16225\/revisions\/16227"}],"wp:featuredmedia":[{"embeddable":true,"href":"https:\/\/losperiodistas.com.mx\/portal\/wp-json\/wp\/v2\/media\/16226"}],"wp:attachment":[{"href":"https:\/\/losperiodistas.com.mx\/portal\/wp-json\/wp\/v2\/media?parent=16225"}],"wp:term":[{"taxonomy":"category","embeddable":true,"href":"https:\/\/losperiodistas.com.mx\/portal\/wp-json\/wp\/v2\/categories?post=16225"},{"taxonomy":"post_tag","embeddable":true,"href":"https:\/\/losperiodistas.com.mx\/portal\/wp-json\/wp\/v2\/tags?post=16225"}],"curies":[{"name":"wp","href":"https:\/\/api.w.org\/{rel}","templated":true}]}}