{"id":16215,"date":"2021-11-23T07:38:40","date_gmt":"2021-11-23T13:38:40","guid":{"rendered":"http:\/\/losperiodistas.com.mx\/portal\/?p=16215"},"modified":"2021-11-23T07:38:42","modified_gmt":"2021-11-23T13:38:42","slug":"efemerides-del-23-de-noviembre-que-paso-un-dia-como-hoy-adn-40","status":"publish","type":"post","link":"https:\/\/losperiodistas.com.mx\/portal\/efemerides-del-23-de-noviembre-que-paso-un-dia-como-hoy-adn-40\/","title":{"rendered":"Efem\u00e9rides del 23 de noviembre: Qu\u00e9 pas\u00f3 un d\u00eda como hoy | ADN 40"},"content":{"rendered":"\n<p style=\"font-size:18px\"><em>El 23 de noviembre se celebra el \u201cD\u00eda Internacional de la palabra\u201d. Conoce las efem\u00e9rides de este d\u00eda.<\/em><\/p>\n\n\n\n<p><\/p>\n\n\n\n<figure class=\"wp-block-image size-large\"><img fetchpriority=\"high\" decoding=\"async\" width=\"968\" height=\"545\" src=\"https:\/\/losperiodistas.com.mx\/portal\/wp-content\/uploads\/2021\/11\/efeme-nov-23.jpeg\" alt=\"\" class=\"wp-image-16216\" srcset=\"https:\/\/losperiodistas.com.mx\/portal\/wp-content\/uploads\/2021\/11\/efeme-nov-23.jpeg 968w, https:\/\/losperiodistas.com.mx\/portal\/wp-content\/uploads\/2021\/11\/efeme-nov-23-300x169.jpeg 300w, https:\/\/losperiodistas.com.mx\/portal\/wp-content\/uploads\/2021\/11\/efeme-nov-23-768x432.jpeg 768w\" sizes=\"(max-width: 968px) 100vw, 968px\" \/><\/figure>\n\n\n\n<p><\/p>\n\n\n\n<p class=\"has-vivid-cyan-blue-color has-text-color has-medium-font-size\">ADN 40<\/p>\n\n\n\n<p>\u00bfSabes qu\u00e9 pas\u00f3 un d\u00eda como hoy? Conoce los principales hechos hist\u00f3ricos y los fen\u00f3menos naturales que marcaron las<strong>&nbsp;efem\u00e9rides&nbsp;<\/strong>de este<strong>&nbsp;23 de noviembre<\/strong>&nbsp;de 2021.<\/p>\n\n\n\n<h2 class=\"wp-block-heading\">Qu\u00e9 se conmemora cada 23 de noviembre<\/h2>\n\n\n\n<h2 class=\"wp-block-heading\">D\u00eda Internacional de la Palabra<\/h2>\n\n\n\n<p>El&nbsp;<strong>23 de noviembre<\/strong>&nbsp;se celebra con el objetivo de fomentar el di\u00e1logo y la paz entre las naciones del mundo, orientado hacia el avance pac\u00edfico de la sociedad mundial sin discriminaciones pol\u00edticas ni religiosas. En tal sentido, la palabra es la clave del entendimiento entre los pa\u00edses.<\/p>\n\n\n\n<h2 class=\"wp-block-heading\">D\u00eda de la Armada Nacional<\/h2>\n\n\n\n<p>Este d\u00eda se celebra desde 1991, para conmemorar la fecha en que la reci\u00e9n integrada\u00a0<em>Marina de Guerra mexicana<\/em>, logr\u00f3 hacer efectiva la rendici\u00f3n de las tropas espa\u00f1olas que se resist\u00edan a reconocer la Independencia de M\u00e9xico.<\/p>\n\n\n\n<figure class=\"wp-block-image\"><img decoding=\"async\" src=\"https:\/\/tvazteca.brightspotcdn.com\/dims4\/default\/c3d710e\/2147483647\/strip\/true\/crop\/800x554+0+0\/resize\/968x670!\/format\/jpg\/quality\/80\/?url=https%3A%2F%2Ftvazteca.brightspotcdn.com%2F04%2F28%2F5a125426594425d55d597626270d%2Fpemex.jpg\" alt=\"Saul Lopez\"\/><figcaption>FOTO: SEMAR \/CUARTOSCURO.COM<\/figcaption><\/figure>\n\n\n\n<h2 class=\"wp-block-heading\">Efem\u00e9rides del 23 de noviembre de 2021<\/h2>\n\n\n\n<p>1642: En M\u00e9xico empieza el gobierno del virrey Conde de Salvatierra.<\/p>\n\n\n\n<p>1825: En M\u00e9xico, Pedro S\u00e1inz logr\u00f3 la rendici\u00f3n del \u00faltimo reducto de las tropas espa\u00f1olas en territorio mexicano.<\/p>\n\n\n\n<p>1852: En Francia, el Moniteur anuncia la elecci\u00f3n de Napole\u00f3n III como emperador de Francia.<\/p>\n\n\n\n<p><br>1855: Se expide la Ley sobre administraci\u00f3n de justicia y org\u00e1nica de los \u2018Tribunales de la naci\u00f3n, del distrito y territorios, conocida como \u2018Ley Ju\u00e1rez\u2019.<\/p>\n\n\n\n<p>1861: El presidente Ju\u00e1rez deroga el decreto del 17 de julio que establec\u00eda la moratoria de pagos de la deuda exterior.<\/p>\n\n\n\n<p>1883: Nace Jos\u00e9 Clemente Orozco, destacado pintor de la escuela muralista mexicana.<\/p>\n\n\n\n<p>1912: En Santiago de Cali (Colombia) se funda el primer equipo de f\u00fatbol profesional colombiano:<em>&nbsp;El Deportivo Cali<\/em>.<\/p>\n\n\n\n<figure class=\"wp-block-image\"><img decoding=\"async\" src=\"https:\/\/tvazteca.brightspotcdn.com\/dims4\/default\/7924808\/2147483647\/strip\/true\/crop\/3264x2448+0+0\/resize\/968x726!\/format\/jpg\/quality\/80\/?url=https%3A%2F%2Ftvazteca.brightspotcdn.com%2Fc2%2F0c%2F14a0a4474c2bb9c797055e6cf879%2Fefemerides-23-de-noviembre-2.jpg\" alt=\"efem\u00e9rides 23 de noviembre 2.jpg\"\/><\/figure>\n\n\n\n<p>1914: Se retiran de Veracruz las \u00faltimas tropas estadounidenses de ocupaci\u00f3n que quedaban en la ciudad.<\/p>\n\n\n\n<p>1924: Edwin Hubble publica su descubrimiento de la galaxia de Andr\u00f3meda. De esta manera, se demostr\u00f3 que la V\u00eda L\u00e1ctea no era la \u00fanica galaxia del universo.<\/p>\n\n\n\n<p>1946: La armada francesa abre fuego sobre Hai Phong (Vietnam matando a 6000 civiles).<\/p>\n\n\n\n<p>1955: Las Islas Cocos son transferidas del control del Reino Unido a Australia.<\/p>\n\n\n\n<p>1959: El general y presidente de Francia Charles de Gaulle, declara en un hist\u00f3rico discurso su visi\u00f3n de Europa, \u201cdesde el Atl\u00e1ntico hasta los Urales\u201d.<\/p>\n\n\n\n<p>1963: En Reino Unido, el canal BBC Television estrena el primer episodio de&nbsp;<em>Doctor Who<\/em>, la serie de televisi\u00f3n de ciencia ficci\u00f3n m\u00e1s longeva de la historia.<\/p>\n\n\n\n<p>1967: En los Estados Unidos, atletas negros estadounidenses deciden boicotear los Juegos Ol\u00edmpicos de 1968 para protestar contra el apartheid estadounidense.<\/p>\n\n\n\n<p>1983: La Uni\u00f3n Sovi\u00e9tica interrumpe oficialmente las negociaciones con Estados Unidos sobre reducci\u00f3n de armamento nuclear de alcance medio.<\/p>\n\n\n\n<p>1991: En Londres,&nbsp;<a href=\"https:\/\/www.adn40.mx\/noticia\/es-tendencia\/notas\/2019-11-14-17-21\/lanzan-app-para-cantar-como-freddie-mercury\"><u>Freddie Mercury<\/u>&nbsp;<\/a>anuncia al mundo que es portador del virus VIH.<\/p>\n\n\n\n<figure class=\"wp-block-image\"><img decoding=\"async\" src=\"https:\/\/tvazteca.brightspotcdn.com\/dims4\/default\/839f980\/2147483647\/strip\/true\/crop\/1200x639+0+0\/resize\/968x515!\/format\/jpg\/quality\/80\/?url=https%3A%2F%2Ftvazteca.brightspotcdn.com%2Fa1%2F7e%2F0f95bf4ec07660a6a2f511885b64%2Ffreddiemercuryfotoespecial-2278202.jpg\" alt=\"Freddie Mercury Foto Especial\"\/><figcaption>Freddie Mercury Foto Especial<\/figcaption><\/figure>\n\n\n\n<p>1991: Se establece por decreto presidencial el \u2018D\u00eda de la Armada Nacional\u2019.<\/p>\n\n\n\n<p>2005: En Liberia, Ellen Johnson Sirleaf es elegida presidenta y se convierte en la primera l\u00edder femenina de la historia de \u00c1frica.<\/p>\n\n\n\n<p>2010:<a href=\"https:\/\/www.adn40.mx\/noticia\/es-tendencia\/notas\/2020-02-01-06-00\/video-asi-sera-el-parque-tematico-de-nintendo-en-japon\">&nbsp;<u>Nintendo<\/u>&nbsp;<\/a>lanza el juego<em>&nbsp;Super Mario Galaxy&nbsp;<\/em>2, la secuela de<em>&nbsp;Super Mario Galaxy<\/em>.<\/p>\n\n\n\n<p>2011: En el marco de la\u00a0<em>Primavera \u00c1rabe<\/em>, despu\u00e9s de once meses de protestas en Yemen, el presidente Ali Abdullah Saleh acepta el acuerdo de transferir el poder del vicepresidente, a cambio inmunidad legal.<\/p>\n\n\n\n<p>Fuente: https:\/\/www.adn40.mx\/mexico\/efemerides-23-de-noviembre-gm-especial<\/p>\n","protected":false},"excerpt":{"rendered":"<p>El 23 de noviembre se celebra el \u201cD\u00eda Internacional de la palabra\u201d. Conoce las efem\u00e9rides de este d\u00eda. ADN 40 [&hellip;]<\/p>\n","protected":false},"author":1,"featured_media":16216,"comment_status":"open","ping_status":"open","sticky":false,"template":"","format":"standard","meta":{"site-sidebar-layout":"default","site-content-layout":"","ast-site-content-layout":"default","site-content-style":"default","site-sidebar-style":"default","ast-global-header-display":"","ast-banner-title-visibility":"","ast-main-header-display":"","ast-hfb-above-header-display":"","ast-hfb-below-header-display":"","ast-hfb-mobile-header-display":"","site-post-title":"","ast-breadcrumbs-content":"","ast-featured-img":"","footer-sml-layout":"","theme-transparent-header-meta":"","adv-header-id-meta":"","stick-header-meta":"","header-above-stick-meta":"","header-main-stick-meta":"","header-below-stick-meta":"","astra-migrate-meta-layouts":"default","ast-page-background-enabled":"default","ast-page-background-meta":{"desktop":{"background-color":"var(--ast-global-color-4)","background-image":"","background-repeat":"repeat","background-position":"center center","background-size":"auto","background-attachment":"scroll","background-type":"","background-media":"","overlay-type":"","overlay-color":"","overlay-opacity":"","overlay-gradient":""},"tablet":{"background-color":"","background-image":"","background-repeat":"repeat","background-position":"center center","background-size":"auto","background-attachment":"scroll","background-type":"","background-media":"","overlay-type":"","overlay-color":"","overlay-opacity":"","overlay-gradient":""},"mobile":{"background-color":"","background-image":"","background-repeat":"repeat","background-position":"center center","background-size":"auto","background-attachment":"scroll","background-type":"","background-media":"","overlay-type":"","overlay-color":"","overlay-opacity":"","overlay-gradient":""}},"ast-content-background-meta":{"desktop":{"background-color":"var(--ast-global-color-5)","background-image":"","background-repeat":"repeat","background-position":"center center","background-size":"auto","background-attachment":"scroll","background-type":"","background-media":"","overlay-type":"","overlay-color":"","overlay-opacity":"","overlay-gradient":""},"tablet":{"background-color":"var(--ast-global-color-5)","background-image":"","background-repeat":"repeat","background-position":"center center","background-size":"auto","background-attachment":"scroll","background-type":"","background-media":"","overlay-type":"","overlay-color":"","overlay-opacity":"","overlay-gradient":""},"mobile":{"background-color":"var(--ast-global-color-5)","background-image":"","background-repeat":"repeat","background-position":"center center","background-size":"auto","background-attachment":"scroll","background-type":"","background-media":"","overlay-type":"","overlay-color":"","overlay-opacity":"","overlay-gradient":""}},"footnotes":""},"categories":[8],"tags":[5491],"class_list":["post-16215","post","type-post","status-publish","format-standard","has-post-thumbnail","hentry","category-noticias","tag-dia-internacional-de-la-palabra"],"_links":{"self":[{"href":"https:\/\/losperiodistas.com.mx\/portal\/wp-json\/wp\/v2\/posts\/16215","targetHints":{"allow":["GET"]}}],"collection":[{"href":"https:\/\/losperiodistas.com.mx\/portal\/wp-json\/wp\/v2\/posts"}],"about":[{"href":"https:\/\/losperiodistas.com.mx\/portal\/wp-json\/wp\/v2\/types\/post"}],"author":[{"embeddable":true,"href":"https:\/\/losperiodistas.com.mx\/portal\/wp-json\/wp\/v2\/users\/1"}],"replies":[{"embeddable":true,"href":"https:\/\/losperiodistas.com.mx\/portal\/wp-json\/wp\/v2\/comments?post=16215"}],"version-history":[{"count":1,"href":"https:\/\/losperiodistas.com.mx\/portal\/wp-json\/wp\/v2\/posts\/16215\/revisions"}],"predecessor-version":[{"id":16217,"href":"https:\/\/losperiodistas.com.mx\/portal\/wp-json\/wp\/v2\/posts\/16215\/revisions\/16217"}],"wp:featuredmedia":[{"embeddable":true,"href":"https:\/\/losperiodistas.com.mx\/portal\/wp-json\/wp\/v2\/media\/16216"}],"wp:attachment":[{"href":"https:\/\/losperiodistas.com.mx\/portal\/wp-json\/wp\/v2\/media?parent=16215"}],"wp:term":[{"taxonomy":"category","embeddable":true,"href":"https:\/\/losperiodistas.com.mx\/portal\/wp-json\/wp\/v2\/categories?post=16215"},{"taxonomy":"post_tag","embeddable":true,"href":"https:\/\/losperiodistas.com.mx\/portal\/wp-json\/wp\/v2\/tags?post=16215"}],"curies":[{"name":"wp","href":"https:\/\/api.w.org\/{rel}","templated":true}]}}