{"id":16205,"date":"2021-11-22T14:14:02","date_gmt":"2021-11-22T20:14:02","guid":{"rendered":"http:\/\/losperiodistas.com.mx\/portal\/?p=16205"},"modified":"2021-11-22T14:14:03","modified_gmt":"2021-11-22T20:14:03","slug":"harry-potter-que-fue-del-elenco-20-anos-despues-de-la-primera-pelicula-sobre-el-famoso-mago-bbc","status":"publish","type":"post","link":"https:\/\/losperiodistas.com.mx\/portal\/harry-potter-que-fue-del-elenco-20-anos-despues-de-la-primera-pelicula-sobre-el-famoso-mago-bbc\/","title":{"rendered":"Harry Potter: qu\u00e9 fue del elenco 20 a\u00f1os despu\u00e9s de la primera pel\u00edcula sobre el famoso mago | BBC"},"content":{"rendered":"\n<figure class=\"wp-block-image size-large\"><img fetchpriority=\"high\" decoding=\"async\" width=\"1024\" height=\"569\" src=\"https:\/\/losperiodistas.com.mx\/portal\/wp-content\/uploads\/2021\/11\/Captura-de-Pantalla-2021-11-22-a-las-21.09.46-1024x569.png\" alt=\"\" class=\"wp-image-16206\" srcset=\"https:\/\/losperiodistas.com.mx\/portal\/wp-content\/uploads\/2021\/11\/Captura-de-Pantalla-2021-11-22-a-las-21.09.46-1024x569.png 1024w, https:\/\/losperiodistas.com.mx\/portal\/wp-content\/uploads\/2021\/11\/Captura-de-Pantalla-2021-11-22-a-las-21.09.46-300x167.png 300w, https:\/\/losperiodistas.com.mx\/portal\/wp-content\/uploads\/2021\/11\/Captura-de-Pantalla-2021-11-22-a-las-21.09.46-768x427.png 768w, https:\/\/losperiodistas.com.mx\/portal\/wp-content\/uploads\/2021\/11\/Captura-de-Pantalla-2021-11-22-a-las-21.09.46.png 1284w\" sizes=\"(max-width: 1024px) 100vw, 1024px\" \/><figcaption>Emma Watson, Daniel Radcliffe y Rupert Grint fueron las principales estrellas de toda la franquicia cinematogr\u00e1fica.<\/figcaption><\/figure>\n\n\n\n<p><\/p>\n\n\n\n<p class=\"has-vivid-cyan-blue-color has-text-color has-medium-font-size\">ALEX TAYLOR \/ BBC NEWS<\/p>\n\n\n\n<p><strong>El elenco original de la serie de pel\u00edculas de Harry Potter se reunir\u00e1 en la pantalla para celebrar el vig\u00e9simo aniversario de la primera pel\u00edcula, \u00abHarry Potter y la piedra filosofal\u00bb.<\/strong><\/p>\n\n\n\n<p>El especial de HBO Max, titulado&nbsp;<em><strong>Return to Hogwarts&nbsp;<\/strong><\/em>(\u00abRegreso a Hogwarts\u00bb),<strong>&nbsp;se lanzar\u00e1 el 1 de enero<\/strong>, dijo la cadena.<\/p>\n\n\n\n<p>Las estrellas de la franquicia,&nbsp;<strong>Daniel Radcliffe, Rupert Grint y Emma Watson<\/strong>, y sus compa\u00f1eros de reparto, se reunir\u00e1n junto al director de la primera pel\u00edcula, Chris Columbus, en un encuentro para discutir las ocho pel\u00edculas de la saga en profundidad.<\/p>\n\n\n\n<p>Cuando eran ni\u00f1os, el tr\u00edo vio sus vidas transformadas por sus papeles m\u00e1gicos como Harry Potter (Radcliffe), Ron Weasley (Grint) y Hermione Granger (Watson) en la adaptaci\u00f3n a la pantalla grande de\u00a0<strong>la exitosa serie de libros de fantas\u00eda para ni\u00f1os de JK Rowling.<\/strong><\/p>\n\n\n\n<p>La autora no figura en la lista para aparecer en el evento especial.<\/p>\n\n\n\n<p>El anuncio se produjo&nbsp;<strong>exactamente 20 a\u00f1os<\/strong><strong>&nbsp;d<\/strong><strong>espu\u00e9s del lanzamiento de la primera pel\u00edcula<\/strong>&nbsp;el 16 de noviembre de 2001. La \u00faltima entrega,<em>&nbsp;\u00ab<\/em>Harry Potter y las reliquias de la muerte: parte 2&#8243;, lleg\u00f3 a los cines en 2011.<\/p>\n\n\n\n<p>Entonces, mientras esperas tu carta de aceptaci\u00f3n de Hogwarts dos d\u00e9cadas despu\u00e9s, esto es lo que las estrellas principales y otros del elenco han estado haciendo desde que irrumpieron en escena como estrellas j\u00f3venes.<\/p>\n\n\n\n<h2 class=\"wp-block-heading\" id=\"Daniel-Radcliffe-Harry-Potter\">Daniel Radcliffe &#8211; Harry Potter<\/h2>\n\n\n\n<figure class=\"wp-block-image\"><img decoding=\"async\" src=\"https:\/\/ichef.bbci.co.uk\/news\/640\/cpsprodpb\/748B\/production\/_121753892_dedaf0aa-90bc-4d88-92b5-131f29538df7.jpg\" alt=\"Daniel Radcliffe\"\/><\/figure>\n\n\n\n<p>Visto por primera vez en la pantalla grande a los 12 a\u00f1os como el rostro con gafas de la franquicia de Harry Potter, Radcliffe ten\u00eda un parecido sorprendente con el personaje principal de Rowling.<\/p>\n\n\n\n<p>R\u00e1pidamente se convirti\u00f3 en sin\u00f3nimo de su papel del ni\u00f1o y, siendo la figura central de la multimillonaria franquicia, pronto se vio catalogado como<strong>&nbsp;uno de los actores menores de 30 a\u00f1os mejor pagados.<\/strong><\/p>\n\n\n\n<p>Radcliffe se burl\u00f3 de su posici\u00f3n interpret\u00e1ndose a s\u00ed mismo como una inc\u00f3moda superestrella adolescente repleta de hormonas en un episodio de 2006 de la serie de comedia&nbsp;<em>Extras&nbsp;<\/em>de Ricky Gervais.<\/p>\n\n\n\n<p>M\u00e1s adelante asumi\u00f3 papeles atrevidos en el escenario y la pantalla.<\/p>\n\n\n\n<p>Esto incluy\u00f3 interpretar a Alan Strang en la producci\u00f3n teatral del West End&nbsp;<em><strong>Equus<\/strong><\/em><strong>&nbsp;de Peter Shaffer<\/strong>&nbsp;en 2007, que lo oblig\u00f3 a realizar algunas escenas de desnudo y simular sexo con un caballo.<\/p>\n\n\n\n<p>\u00abEs un papel incre\u00edble para un actor joven. Est\u00e1 asumiendo un gran riesgo\u00bb, dijo el tambi\u00e9n actor brit\u00e1nico Richard E. Grant sobre el entonces Radcliffe de 17 a\u00f1os.<\/p>\n\n\n\n<p>Despu\u00e9s de la \u00faltima pel\u00edcula de Harry Potter en 2011, Radcliffe protagoniz\u00f3 las pel\u00edculas \u00abLa mujer de negro\u00bb y \u00abAmores aesinos<em>\u00ab<\/em><em>.<\/em><\/p>\n\n\n\n<p>Luego en 2015 se uni\u00f3 al elenco de pantalla de conjunto de&nbsp;<em>The Modern Ocean&nbsp;<\/em>de Shane Carruth, junto a Anne Hathaway y Keanu Reeves. Pero la epopeya sigue sin hacerse.<\/p>\n\n\n\n<p>El actor, de 32 a\u00f1os ahora,&nbsp;<strong>se ha alejado principalmente de los \u00e9xitos de taquilla<\/strong>; y en su lugar ha asumido papeles en proyectos cinematogr\u00e1ficos m\u00e1s peque\u00f1os, como la pel\u00edcula de acci\u00f3n&nbsp;<em>Guns Akimbo<\/em>,&nbsp;<em>Victor Frankenstein<\/em>&nbsp;y\u00bbEscape de Pretoria\u00bb.<\/p>\n\n\n\n<p>El a\u00f1o pasado tambi\u00e9n apareci\u00f3 en el especial interactivo de Netflix para la comedia&nbsp;<em>Unbreakable Kimmy Schmidt.<\/em><\/p>\n\n\n\n<h2 class=\"wp-block-heading\" id=\"Emma-Watson\">Emma Watson<\/h2>\n\n\n\n<figure class=\"wp-block-image\"><img decoding=\"async\" src=\"https:\/\/ichef.bbci.co.uk\/news\/640\/cpsprodpb\/9B9B\/production\/_121753893_3cb1e9b1-9247-435a-b738-8bdf352d4497.jpg\" alt=\"Emma Watson\"\/><\/figure>\n\n\n\n<p>Como la m\u00e1s joven del tr\u00edo principal,&nbsp;<strong>E<\/strong><strong>mma Watson ten\u00eda solo 11 a\u00f1os cuando se le vio por primera vez en la pantalla como Hermione Granger.<\/strong><\/p>\n\n\n\n<p>Su carrera m\u00e1s all\u00e1 de Harry Potter ha sido variada, protagonizando la aclamada pel\u00edcula<em>\u00ab<\/em>Las ventajas de ser invisible\u00bb, la adaptaci\u00f3n cinematogr\u00e1fica de 2019 de \u00abMujercitas\u00bb, y retratando a Bella en el remake de acci\u00f3n en vivo de 2017 de \u00abLa bella y la bestia\u00bb.<\/p>\n\n\n\n<p>Sin embargo, Watson tambi\u00e9n ha aparecido en los titulares fuera de la actuaci\u00f3n.<\/p>\n\n\n\n<p>Describi\u00e9ndose a s\u00ed misma como una \u00abbuena\u00a0<em>nerd<\/em>\u00ab,\u00a0<strong>se matricul\u00f3 para estudiar literatura inglesa en Brown<\/strong>, la universidad de la Ivy League de los EE.UU. en 2009.<\/p>\n\n\n\n<figure class=\"wp-block-embed is-type-rich is-provider-twitter wp-block-embed-twitter\"><div class=\"wp-block-embed__wrapper\">\n<blockquote class=\"twitter-tweet\" data-width=\"500\" data-dnt=\"true\"><p lang=\"zxx\" dir=\"ltr\">! <a href=\"http:\/\/t.co\/Ts1nej4xve\">pic.twitter.com\/Ts1nej4xve<\/a><\/p>&mdash; Emma Watson (@EmmaWatson) <a href=\"https:\/\/twitter.com\/EmmaWatson\/status\/470595940538404864?ref_src=twsrc%5Etfw\">May 25, 2014<\/a><\/blockquote><script async src=\"https:\/\/platform.twitter.com\/widgets.js\" charset=\"utf-8\"><\/script>\n<\/div><\/figure>\n\n\n\n<p>Hablando sobre su vida estudiantil siendo una estrella mundial en una entrevista con&nbsp;<em>The Sunday Times<\/em>, dijo: \u00abEl primer d\u00eda entr\u00e9 en la cantina y todos se quedaron completamente en silencio y se dieron la vuelta para mirarme\u2026 Tuve que decirme a m\u00ed misma &#8216;est\u00e1 bien, puedes hacerlo'\u00bb.<\/p>\n\n\n\n<p>Despu\u00e9s de tomarse un a\u00f1o para terminar el rodaje de \u00abLas reliquias de la muerte\u00bb,&nbsp;<strong>la actriz se gradu\u00f3 en 2014.<\/strong><\/p>\n\n\n\n<p>Activista apasionada, el papel de Watson como embajadora de la Buena Voluntad de las mujeres de la ONU la convirti\u00f3 en&nbsp;<strong>una de las 100 personas m\u00e1s influyentes&nbsp;<\/strong>de la revista&nbsp;<em>Time&nbsp;<\/em>en 2015.<\/p>\n\n\n\n<p>Ella defendi\u00f3 ser una mujer soltera cuando cumpli\u00f3 30 a\u00f1os; y se manifest\u00f3 contra la \u00abafluencia de mensajes subliminales\u00bb que la sociedad le ha impuesto a las mujeres durante una entrevista con<em>&nbsp;British Vogue&nbsp;<\/em>en 2019.<\/p>\n\n\n\n<p>El a\u00f1o pasado neg\u00f3 que planeaba dejar la actuaci\u00f3n.<\/p>\n\n\n\n<h2 class=\"wp-block-heading\" id=\"Rupert-Grint-Ron-Weasley\">Rupert Grint &#8211; Ron Weasley<\/h2>\n\n\n\n<figure class=\"wp-block-image\"><img decoding=\"async\" src=\"https:\/\/ichef.bbci.co.uk\/news\/640\/cpsprodpb\/C2AB\/production\/_121753894_7294a2c4-63f8-472f-aa7f-861b41a959d4.jpg\" alt=\"Rupert Grint\"\/><\/figure>\n\n\n\n<p>El papel de Grint como el adorable y p\u00edcaro Ron hizo que muchos lo quisieran,&nbsp;<strong>pero&nbsp;<\/strong><strong>el actor<\/strong><strong>&nbsp;se ha distanciado en gran medida de las pel\u00edculas<\/strong>&nbsp;despu\u00e9s del final de la serie de Harry Potter.<\/p>\n\n\n\n<p>Una aparici\u00f3n en el video musical de\u00a0<em>Lego House<\/em>\u00a0de Ed Sheeran en 2011 marc\u00f3 una vuelta a la vida p\u00fablica, seguida de papeles cinematogr\u00e1ficos como\u00a0<em>Into the White<\/em>\u00a0y<em>\u00a0Moonwalkers<\/em>\u00a0de 2015, entre otros.<\/p>\n\n\n\n<p>Pero adem\u00e1s de peque\u00f1os papeles intermitentes en programas como&nbsp;<em>Snatc<\/em><em>h<\/em>,&nbsp;<em>The ABC Murders<\/em>&nbsp;y&nbsp;<em>Servant<\/em>,&nbsp;<strong>Grint se ha centrado principalmente en invertir sus ahorros en una amplia cartera de propiedades<\/strong>, estimada en 24 millones de libras esterlinas (unos $32,3 millones) seg\u00fan la revista<em>&nbsp;Hello!<\/em><\/p>\n\n\n\n<p>La estrella, de 33 a\u00f1os, tambi\u00e9n lleg\u00f3 a los titulares el a\u00f1o pasado cuando&nbsp;<strong>revel\u00f3 inesperadamente que era padre<\/strong>. Una foto con su hija marc\u00f3 tambi\u00e9n su debut en Instagram.<\/p>\n\n\n\n<p>Llam\u00e1ndose a s\u00ed mismo&nbsp;<em>Grint on the Gram&nbsp;<\/em>(juego de palabras con Instagram), brome\u00f3 diciendo que ten\u00eda \u00absolo 10 a\u00f1os de retraso\u00bb cuando se registr\u00f3 en la red social.<\/p>\n\n\n\n<h2 class=\"wp-block-heading\" id=\"Tom-Felton-Draco-Malfoy\">Tom Felton &#8211; Draco Malfoy<\/h2>\n\n\n\n<figure class=\"wp-block-image\"><img decoding=\"async\" src=\"https:\/\/ichef.bbci.co.uk\/news\/640\/cpsprodpb\/E9BB\/production\/_121753895_33778440-0148-4042-b9ee-ecd6b6c67f17.jpg\" alt=\"Tom Felton\"\/><\/figure>\n\n\n\n<p>Despu\u00e9s de culminar su papel como el estudiante mat\u00f3n de Hogwarts, Felton salt\u00f3 directamente a otra producci\u00f3n de gran presupuesto, interpretando igualmente al villano Dodge Landon en \u00abEl planeta de los simios\u00bben 2011.<\/p>\n\n\n\n<p><strong>Desde entonces se ha centrado m\u00e1s en proyectos de televisi\u00f3n<\/strong>: asumi\u00f3 papeles en&nbsp;<em>Murder in the First<\/em>,&nbsp;<em>The Flash<\/em>&nbsp;y apareci\u00f3 como Logan en la serie original de YouTube&nbsp;<em>Origin<\/em>.<\/p>\n\n\n\n<p><strong>Felton tambi\u00e9n ha dedicado tiempo a otra pasi\u00f3n art\u00edstica: la m\u00fasica<\/strong>. Apareci\u00f3 en el video de&nbsp;<em>Empty Space<\/em>&nbsp;de James Arthur en 2018 y ha lanzado varias de sus propias pistas desde 2008, incluido el sencillo<em>&nbsp;YoOhoO&nbsp;<\/em>a principios de este a\u00f1o.<\/p>\n\n\n\n<p>Felton, de 34 a\u00f1os, contin\u00faa orgulloso de su pasado de Harry Potter, respondiendo a los fan\u00e1ticos en las redes sociales como si fuese Draco, e incluso renunciado a su lealtad a Slytherin al vestirse como Harry Potter para Halloween el mes pasado.<\/p>\n\n\n\n<p>\u00ab\u00bfAs\u00ed que es el regreso a la escuela?\u00bb, escribi\u00f3 en Twitter tras el anuncio de la reuni\u00f3n.<\/p>\n\n\n\n<h2 class=\"wp-block-heading\" id=\"Matthew-Lewis-Neville-Longbottom\">Matthew Lewis &#8211; Neville Longbottom<\/h2>\n\n\n\n<figure class=\"wp-block-image\"><img decoding=\"async\" src=\"https:\/\/ichef.bbci.co.uk\/news\/640\/cpsprodpb\/110CB\/production\/_121753896_f299bb34-2604-4d3c-ab42-bea48a22dee8.jpg\" alt=\"Matthew Lewis\"\/><\/figure>\n\n\n\n<p>Desde que interpret\u00f3 al torpe y despistado h\u00e9roe Neville Longbottom, uno de los favoritos de los fan\u00e1ticos,&nbsp;<strong>Lewis ha asumido varios papeles en televisi\u00f3n, cine y teatro.<\/strong><\/p>\n\n\n\n<p>Apareci\u00f3 en los programas de la BBC&nbsp;<em>Happy Valley<\/em>&nbsp;y<em>&nbsp;Death in Paradise<\/em>&nbsp;antes de conseguir un papel en la pel\u00edcula rom\u00e1ntica \u00abYo antes de ti\u00bb de 2016. Actualmente aparece en<em>&nbsp;All Creatures Great Small&nbsp;<\/em>de la televisi\u00f3n brit\u00e1nica.<\/p>\n\n\n\n<p>Sin embargo, la franquicia de Harry Potter ha mantenido un impacto positivo en su vida.&nbsp;<strong>Se cas\u00f3 con su novia Angela Jones en 2018&nbsp;<\/strong>despu\u00e9s de que la pareja se conociera en un evento de celebraci\u00f3n de Harry Potter en Universal Studios en Orlando (EE.UU.), donde Jones trabajaba.<\/p>\n\n\n\n<p>Adem\u00e1s de actuar, Lewis, de 32 a\u00f1os, presenta un p\u00f3dcast del club de f\u00fatbol Leeds United con el exdelantero Jermaine Beckford.<\/p>\n\n\n\n<p>Reaccionando a la noticia de la reuni\u00f3n, public\u00f3 \u00abeste A\u00f1o Nuevo\u2026 volveremos a juntar a la banda\u00bb.<\/p>\n\n\n\n<p>Fuente: https:\/\/www.bbc.com\/mundo\/noticias-59376274<\/p>\n","protected":false},"excerpt":{"rendered":"<p>ALEX TAYLOR \/ BBC NEWS El elenco original de la serie de pel\u00edculas de Harry Potter se reunir\u00e1 en la [&hellip;]<\/p>\n","protected":false},"author":1,"featured_media":16206,"comment_status":"open","ping_status":"open","sticky":false,"template":"","format":"standard","meta":{"site-sidebar-layout":"default","site-content-layout":"","ast-site-content-layout":"default","site-content-style":"default","site-sidebar-style":"default","ast-global-header-display":"","ast-banner-title-visibility":"","ast-main-header-display":"","ast-hfb-above-header-display":"","ast-hfb-below-header-display":"","ast-hfb-mobile-header-display":"","site-post-title":"","ast-breadcrumbs-content":"","ast-featured-img":"","footer-sml-layout":"","theme-transparent-header-meta":"","adv-header-id-meta":"","stick-header-meta":"","header-above-stick-meta":"","header-main-stick-meta":"","header-below-stick-meta":"","astra-migrate-meta-layouts":"default","ast-page-background-enabled":"default","ast-page-background-meta":{"desktop":{"background-color":"var(--ast-global-color-4)","background-image":"","background-repeat":"repeat","background-position":"center center","background-size":"auto","background-attachment":"scroll","background-type":"","background-media":"","overlay-type":"","overlay-color":"","overlay-opacity":"","overlay-gradient":""},"tablet":{"background-color":"","background-image":"","background-repeat":"repeat","background-position":"center center","background-size":"auto","background-attachment":"scroll","background-type":"","background-media":"","overlay-type":"","overlay-color":"","overlay-opacity":"","overlay-gradient":""},"mobile":{"background-color":"","background-image":"","background-repeat":"repeat","background-position":"center center","background-size":"auto","background-attachment":"scroll","background-type":"","background-media":"","overlay-type":"","overlay-color":"","overlay-opacity":"","overlay-gradient":""}},"ast-content-background-meta":{"desktop":{"background-color":"var(--ast-global-color-5)","background-image":"","background-repeat":"repeat","background-position":"center center","background-size":"auto","background-attachment":"scroll","background-type":"","background-media":"","overlay-type":"","overlay-color":"","overlay-opacity":"","overlay-gradient":""},"tablet":{"background-color":"var(--ast-global-color-5)","background-image":"","background-repeat":"repeat","background-position":"center center","background-size":"auto","background-attachment":"scroll","background-type":"","background-media":"","overlay-type":"","overlay-color":"","overlay-opacity":"","overlay-gradient":""},"mobile":{"background-color":"var(--ast-global-color-5)","background-image":"","background-repeat":"repeat","background-position":"center center","background-size":"auto","background-attachment":"scroll","background-type":"","background-media":"","overlay-type":"","overlay-color":"","overlay-opacity":"","overlay-gradient":""}},"footnotes":""},"categories":[8],"tags":[5490],"class_list":["post-16205","post","type-post","status-publish","format-standard","has-post-thumbnail","hentry","category-noticias","tag-harry-potter"],"_links":{"self":[{"href":"https:\/\/losperiodistas.com.mx\/portal\/wp-json\/wp\/v2\/posts\/16205","targetHints":{"allow":["GET"]}}],"collection":[{"href":"https:\/\/losperiodistas.com.mx\/portal\/wp-json\/wp\/v2\/posts"}],"about":[{"href":"https:\/\/losperiodistas.com.mx\/portal\/wp-json\/wp\/v2\/types\/post"}],"author":[{"embeddable":true,"href":"https:\/\/losperiodistas.com.mx\/portal\/wp-json\/wp\/v2\/users\/1"}],"replies":[{"embeddable":true,"href":"https:\/\/losperiodistas.com.mx\/portal\/wp-json\/wp\/v2\/comments?post=16205"}],"version-history":[{"count":1,"href":"https:\/\/losperiodistas.com.mx\/portal\/wp-json\/wp\/v2\/posts\/16205\/revisions"}],"predecessor-version":[{"id":16207,"href":"https:\/\/losperiodistas.com.mx\/portal\/wp-json\/wp\/v2\/posts\/16205\/revisions\/16207"}],"wp:featuredmedia":[{"embeddable":true,"href":"https:\/\/losperiodistas.com.mx\/portal\/wp-json\/wp\/v2\/media\/16206"}],"wp:attachment":[{"href":"https:\/\/losperiodistas.com.mx\/portal\/wp-json\/wp\/v2\/media?parent=16205"}],"wp:term":[{"taxonomy":"category","embeddable":true,"href":"https:\/\/losperiodistas.com.mx\/portal\/wp-json\/wp\/v2\/categories?post=16205"},{"taxonomy":"post_tag","embeddable":true,"href":"https:\/\/losperiodistas.com.mx\/portal\/wp-json\/wp\/v2\/tags?post=16205"}],"curies":[{"name":"wp","href":"https:\/\/api.w.org\/{rel}","templated":true}]}}