{"id":16202,"date":"2021-11-22T13:59:31","date_gmt":"2021-11-22T19:59:31","guid":{"rendered":"http:\/\/losperiodistas.com.mx\/portal\/?p=16202"},"modified":"2021-11-22T13:59:33","modified_gmt":"2021-11-22T19:59:33","slug":"un-grupo-armado-autodenominado-operacion-belica-advierte-que-pondra-orden-en-las-calles-y-combatira-a-los-carteles-en-un-estado-mexicano-rt","status":"publish","type":"post","link":"https:\/\/losperiodistas.com.mx\/portal\/un-grupo-armado-autodenominado-operacion-belica-advierte-que-pondra-orden-en-las-calles-y-combatira-a-los-carteles-en-un-estado-mexicano-rt\/","title":{"rendered":"Un grupo armado autodenominado &#8216;Operaci\u00f3n B\u00e9lica&#8217; advierte que pondr\u00e1 \u00aborden en las calles\u00bb y combatir\u00e1 a los c\u00e1rteles en un estado mexicano | RT"},"content":{"rendered":"\n<p style=\"font-size:18px\"><em>De momento se desconoce el origen de esta organizaci\u00f3n, que tambi\u00e9n vincula a un comandante de la Polic\u00eda con el crimen organizado.<\/em><\/p>\n\n\n\n<p><\/p>\n\n\n\n<figure class=\"wp-block-image size-large\"><img fetchpriority=\"high\" decoding=\"async\" width=\"1024\" height=\"578\" src=\"https:\/\/losperiodistas.com.mx\/portal\/wp-content\/uploads\/2021\/11\/grupomarmado-1024x578.jpg\" alt=\"\" class=\"wp-image-16203\" srcset=\"https:\/\/losperiodistas.com.mx\/portal\/wp-content\/uploads\/2021\/11\/grupomarmado-1024x578.jpg 1024w, https:\/\/losperiodistas.com.mx\/portal\/wp-content\/uploads\/2021\/11\/grupomarmado-300x169.jpg 300w, https:\/\/losperiodistas.com.mx\/portal\/wp-content\/uploads\/2021\/11\/grupomarmado-768x434.jpg 768w, https:\/\/losperiodistas.com.mx\/portal\/wp-content\/uploads\/2021\/11\/grupomarmado-1536x867.jpg 1536w, https:\/\/losperiodistas.com.mx\/portal\/wp-content\/uploads\/2021\/11\/grupomarmado.jpg 1856w\" sizes=\"(max-width: 1024px) 100vw, 1024px\" \/><figcaption>Imagen ilustrativa Shutterstock<\/figcaption><\/figure>\n\n\n\n<p class=\"has-vivid-cyan-blue-color has-text-color has-medium-font-size\">RT<\/p>\n\n\n\n<p>Un&nbsp;grupo de hombres armados, que se hace llamar &#8216;Operativa B\u00e9lica (OB)&#8217; y del que se desconoce su origen, advierte en un video que pondr\u00e1 \u00aborden en las calles\u00bb del estado mexicano de&nbsp;San Luis Potos\u00ed y vincula a un comandante de la Polic\u00eda con el crimen organizado.<\/p>\n\n\n\n<p>En la grabaci\u00f3n, de casi minuto y medio y que circula por las redes sociales, una veintena de hombres, con atuendo militar, miran a c\u00e1mara en\u00a0la delegaci\u00f3n municipal de La Pila, a unos 25 kil\u00f3metros de la capital de este de estado, del mismo nombre.<\/p>\n\n\n\n<figure class=\"wp-block-embed is-type-rich is-provider-twitter wp-block-embed-twitter\"><div class=\"wp-block-embed__wrapper\">\nhttps:\/\/twitter.com\/Elblogdelosgua1\/status\/1462532953494507530?ref_src=twsrc%5Etfw%7Ctwcamp%5Etweetembed%7Ctwterm%5E1462532953494507530%7Ctwgr%5E%7Ctwcon%5Es1_c10&#038;ref_url=https%3A%2F%2Factualidad.rt.com%2Factualidad%2F411187-video-grupo-armado-carteles-droga\n<\/div><\/figure>\n\n\n\n<p>Uno de ellos se dirige a los ciudadanos y al general en&nbsp;retiro, Miguel Jim\u00e9nez Gonz\u00e1lez, director de la Polic\u00eda, a quien asegura que varios de los agentes a su cargo est\u00e1n involucrados en&nbsp;<strong>\u00absecuestros, robos, extorsiones, cobros de piso y venta de droga\u00bb.<\/strong><\/p>\n\n\n\n<p>\u00abCiudadanos de la delegaci\u00f3n de La Pila, somos la &#8216;Operativa B\u00e9lica&#8217; y queremos informarles que&nbsp;ya se terminaron los robos y las extorsiones\u00bb, afirma el portavoz, mientras comenta que dos narcotraficantes del c\u00e1rtel de Los Alemanes, que llevaban a cabo algunos de estos actos criminales, se encuentran escondidos en un rancho.&nbsp;<\/p>\n\n\n\n<figure class=\"wp-block-image\"><img decoding=\"async\" src=\"https:\/\/cdni.rt.com\/actualidad\/public_images\/2021.11\/thumbnail\/619968f259bf5b39104e99b2.jpg\" alt=\"La Polic\u00eda de M\u00e9xico detiene a 'El Bad Boy', &quot;pionero&quot; en la fabricaci\u00f3n de drones con explosivos para los c\u00e1rteles\"\/><\/figure>\n\n\n\n<p><a href=\"https:\/\/actualidad.rt.com\/actualidad\/411041-policia-mexico-detiene-bad-boy-miembro-cartel-jalisco-explosivos-drones\">La Polic\u00eda de M\u00e9xico detiene a &#8216;El Bad Boy&#8217;, \u00abpionero\u00bb en la fabricaci\u00f3n de drones con explosivos para los c\u00e1rteles<\/a><\/p>\n\n\n\n<p>Y sigue: \u00abNosotros no secuestramos, no cobramos cuota ni extorsionamos. Nosotros venimos a poner orden en las calles y a sacar a los mugrosos golfos de la zona\u00bb.<\/p>\n\n\n\n<p>En el mensaje, adem\u00e1s, el portavoz del grupo&nbsp;acusa a un comandante, de nombre Menchaca, de estar en n\u00f3mina del c\u00e1rtel de&nbsp;Los Alemanes y del c\u00e1rtel del&nbsp;Golfo (CDG).&nbsp;<\/p>\n\n\n\n<p>\u00abLes est\u00e1 ayudando a limpiar las plazas.&nbsp;Invest\u00edguelo bien general, porque&nbsp;<strong>trae mucha mugre cerca de usted<\/strong>. Es mejor que lo quiten del puesto que le dio, porque est\u00e1 metiendo en problemas a elementos que no tienen nada que ver en secuestros, robos, extorsiones, cobros de piso y venta de droga\u00bb, asevera.&nbsp;<\/p>\n\n\n\n<p>Por \u00faltimo, amenaza a una persona a la que llama &#8216;Pato&#8217;.&nbsp;\u00abA ti te esperamos tambi\u00e9n &#8216;Pato&#8217;. Sabemos que vas a caer. Atentamente, la OB\u00bb.<\/p>\n\n\n\n<p>De momento, las autoridades de San Luis Potos\u00ed no han ofrecido informaci\u00f3n que aclare la existencia de este grupo armado.\u00a0<\/p>\n\n\n\n<p>Fuente: https:\/\/actualidad.rt.com\/actualidad\/411187-video-grupo-armado-carteles-droga<\/p>\n","protected":false},"excerpt":{"rendered":"<p>De momento se desconoce el origen de esta organizaci\u00f3n, que tambi\u00e9n vincula a un comandante de la Polic\u00eda con el [&hellip;]<\/p>\n","protected":false},"author":1,"featured_media":16203,"comment_status":"open","ping_status":"open","sticky":false,"template":"","format":"standard","meta":{"site-sidebar-layout":"default","site-content-layout":"","ast-site-content-layout":"default","site-content-style":"default","site-sidebar-style":"default","ast-global-header-display":"","ast-banner-title-visibility":"","ast-main-header-display":"","ast-hfb-above-header-display":"","ast-hfb-below-header-display":"","ast-hfb-mobile-header-display":"","site-post-title":"","ast-breadcrumbs-content":"","ast-featured-img":"","footer-sml-layout":"","theme-transparent-header-meta":"","adv-header-id-meta":"","stick-header-meta":"","header-above-stick-meta":"","header-main-stick-meta":"","header-below-stick-meta":"","astra-migrate-meta-layouts":"default","ast-page-background-enabled":"default","ast-page-background-meta":{"desktop":{"background-color":"var(--ast-global-color-4)","background-image":"","background-repeat":"repeat","background-position":"center center","background-size":"auto","background-attachment":"scroll","background-type":"","background-media":"","overlay-type":"","overlay-color":"","overlay-opacity":"","overlay-gradient":""},"tablet":{"background-color":"","background-image":"","background-repeat":"repeat","background-position":"center center","background-size":"auto","background-attachment":"scroll","background-type":"","background-media":"","overlay-type":"","overlay-color":"","overlay-opacity":"","overlay-gradient":""},"mobile":{"background-color":"","background-image":"","background-repeat":"repeat","background-position":"center center","background-size":"auto","background-attachment":"scroll","background-type":"","background-media":"","overlay-type":"","overlay-color":"","overlay-opacity":"","overlay-gradient":""}},"ast-content-background-meta":{"desktop":{"background-color":"var(--ast-global-color-5)","background-image":"","background-repeat":"repeat","background-position":"center center","background-size":"auto","background-attachment":"scroll","background-type":"","background-media":"","overlay-type":"","overlay-color":"","overlay-opacity":"","overlay-gradient":""},"tablet":{"background-color":"var(--ast-global-color-5)","background-image":"","background-repeat":"repeat","background-position":"center center","background-size":"auto","background-attachment":"scroll","background-type":"","background-media":"","overlay-type":"","overlay-color":"","overlay-opacity":"","overlay-gradient":""},"mobile":{"background-color":"var(--ast-global-color-5)","background-image":"","background-repeat":"repeat","background-position":"center center","background-size":"auto","background-attachment":"scroll","background-type":"","background-media":"","overlay-type":"","overlay-color":"","overlay-opacity":"","overlay-gradient":""}},"footnotes":""},"categories":[8],"tags":[5489,5487,5488,5265],"class_list":["post-16202","post","type-post","status-publish","format-standard","has-post-thumbnail","hentry","category-noticias","tag-la-pila","tag-operacion-belica","tag-orden-en-las-calles","tag-san-luis-potosi"],"_links":{"self":[{"href":"https:\/\/losperiodistas.com.mx\/portal\/wp-json\/wp\/v2\/posts\/16202","targetHints":{"allow":["GET"]}}],"collection":[{"href":"https:\/\/losperiodistas.com.mx\/portal\/wp-json\/wp\/v2\/posts"}],"about":[{"href":"https:\/\/losperiodistas.com.mx\/portal\/wp-json\/wp\/v2\/types\/post"}],"author":[{"embeddable":true,"href":"https:\/\/losperiodistas.com.mx\/portal\/wp-json\/wp\/v2\/users\/1"}],"replies":[{"embeddable":true,"href":"https:\/\/losperiodistas.com.mx\/portal\/wp-json\/wp\/v2\/comments?post=16202"}],"version-history":[{"count":1,"href":"https:\/\/losperiodistas.com.mx\/portal\/wp-json\/wp\/v2\/posts\/16202\/revisions"}],"predecessor-version":[{"id":16204,"href":"https:\/\/losperiodistas.com.mx\/portal\/wp-json\/wp\/v2\/posts\/16202\/revisions\/16204"}],"wp:featuredmedia":[{"embeddable":true,"href":"https:\/\/losperiodistas.com.mx\/portal\/wp-json\/wp\/v2\/media\/16203"}],"wp:attachment":[{"href":"https:\/\/losperiodistas.com.mx\/portal\/wp-json\/wp\/v2\/media?parent=16202"}],"wp:term":[{"taxonomy":"category","embeddable":true,"href":"https:\/\/losperiodistas.com.mx\/portal\/wp-json\/wp\/v2\/categories?post=16202"},{"taxonomy":"post_tag","embeddable":true,"href":"https:\/\/losperiodistas.com.mx\/portal\/wp-json\/wp\/v2\/tags?post=16202"}],"curies":[{"name":"wp","href":"https:\/\/api.w.org\/{rel}","templated":true}]}}