{"id":16188,"date":"2021-11-22T10:28:22","date_gmt":"2021-11-22T16:28:22","guid":{"rendered":"http:\/\/losperiodistas.com.mx\/portal\/?p=16188"},"modified":"2021-11-22T10:28:24","modified_gmt":"2021-11-22T16:28:24","slug":"nada-de-tapados-el-metodo-mas-democratico-para-elegir-candidatos-es-la-encuesta-amlo-proceso","status":"publish","type":"post","link":"https:\/\/losperiodistas.com.mx\/portal\/nada-de-tapados-el-metodo-mas-democratico-para-elegir-candidatos-es-la-encuesta-amlo-proceso\/","title":{"rendered":"\u201cNada de tapados\u201d, el m\u00e9todo m\u00e1s democr\u00e1tico para elegir candidatos es la encuesta: AMLO | Proceso"},"content":{"rendered":"\n<p style=\"font-size:18px\"><em>\u201cQue no haya imposiciones, que haya democracia y que represente el mejor, mujer u hombre. Dif\u00edcilmente el pueblo se equivoca, s\u00ed se equivoca, pero menos que los caciques, que los jefes\u201d, asegur\u00f3 el presidente.<\/em><\/p>\n\n\n\n<figure class=\"wp-block-image size-large\"><img fetchpriority=\"high\" decoding=\"async\" width=\"1024\" height=\"684\" src=\"https:\/\/losperiodistas.com.mx\/portal\/wp-content\/uploads\/2021\/11\/Captura-de-Pantalla-2021-11-22-a-las-17.25.30-1024x684.png\" alt=\"\" class=\"wp-image-16194\" srcset=\"https:\/\/losperiodistas.com.mx\/portal\/wp-content\/uploads\/2021\/11\/Captura-de-Pantalla-2021-11-22-a-las-17.25.30-1024x684.png 1024w, https:\/\/losperiodistas.com.mx\/portal\/wp-content\/uploads\/2021\/11\/Captura-de-Pantalla-2021-11-22-a-las-17.25.30-300x200.png 300w, https:\/\/losperiodistas.com.mx\/portal\/wp-content\/uploads\/2021\/11\/Captura-de-Pantalla-2021-11-22-a-las-17.25.30-768x513.png 768w, https:\/\/losperiodistas.com.mx\/portal\/wp-content\/uploads\/2021\/11\/Captura-de-Pantalla-2021-11-22-a-las-17.25.30.png 1506w\" sizes=\"(max-width: 1024px) 100vw, 1024px\" \/><figcaption>AMLO defendi\u00f3 la encuesta para la elecci\u00f3n de candidatos. Foto: Miguel Dimayuga<\/figcaption><\/figure>\n\n\n\n<p><\/p>\n\n\n\n<p class=\"has-vivid-cyan-blue-color has-text-color has-medium-font-size\">PROCESO<\/p>\n\n\n\n<p>CIUDAD DE M\u00c9XICO (apro).- \u201cYo estoy de acuerdo con las encuestas, quitan un problema y a mi tambi\u00e9n. Nada de tapados\u201d, asegur\u00f3 el presidente Andr\u00e9s Manuel L\u00f3pez Obrador al recordar el sistema que estableci\u00f3 el PRI para la selecci\u00f3n de los candidatos.<\/p>\n\n\n\n<p>En su conferencia ma\u00f1anera insisti\u00f3 que est\u00e1 totalmente de acuerdo con el sistema de Morena para elegir a sus candidatos a puestos de elecci\u00f3n popular a trav\u00e9s de las encuestas.<\/p>\n\n\n\n<p>En esta ocasi\u00f3n el mandatario fue consultado sobre los aspirantes de Morena a la candidatura por la gubernatura de Quintana Roo. Dijo que conoce a los cuatro candidatos, pero declin\u00f3 dar su opini\u00f3n sobre ellos y dijo que apoyar\u00e1 al que resulte ganador en la encuesta que realice el partido.<\/p>\n\n\n\n<p>\u201cAhora el pueblo es el que designa, todos los votos son iguales\u201d, sostuvo L\u00f3pez Obrador al se\u00f1alar que su recomendaci\u00f3n es que se mantenga el m\u00e9todo de las encuestas.<\/p>\n\n\n\n<p>Record\u00f3 que, en 2011, cuando Marcelo Ebrard estaba como jefe de gobierno de la Ciudad de M\u00e9xico y compitieron por la candidatura presidencial del 2012, fue por dos encuestas que se decidi\u00f3 al candidato presidencial del PRD.<\/p>\n\n\n\n<blockquote class=\"wp-block-quote is-layout-flow wp-block-quote-is-layout-flow\"><p>\u201cGan\u00e9 la encuesta, no con mucho, pero gan\u00e9 y Marcelo aguant\u00f3 el canto de las sirenas, se puso cera en los o\u00eddos porque no todos aceptan\u201d, destac\u00f3<\/p><\/blockquote>\n\n\n\n<p>Al responder a las cr\u00edticas que se han hecho a las encuestas que ha realizado Morena para elegir a sus aspirantes a candidatos, L\u00f3pez Obrador insisti\u00f3 que es el mejor m\u00e9todo democr\u00e1tico, pero aclar\u00f3 que deben ser encuestas bien hechas.<\/p>\n\n\n\n<blockquote class=\"wp-block-quote is-layout-flow wp-block-quote-is-layout-flow\"><p>\u201cQue no haya imposiciones, que haya democracia y que represente el mejor, mujer u hombre. Dif\u00edcilmente el pueblo se equivoca, s\u00ed se equivoca, pero menos que los caciques, que los jefes\u201d, asegur\u00f3 el presidente.<\/p><\/blockquote>\n\n\n\n<p>Fuente: https:\/\/www.proceso.com.mx\/nacional\/2021\/11\/22\/nada-de-tapados-el-metodo-mas-democratico-para-elegir-candidatos-es-la-encuesta-amlo-276211.html<\/p>\n\n\n\n<p style=\"font-size:18px\"><a href=\"https:\/\/www.proceso.com.mx\/u\/fotografias\/fotosnoticias\/2021\/11\/22\/146417.jpeg\"><\/a><\/p>\n","protected":false},"excerpt":{"rendered":"<p>\u201cQue no haya imposiciones, que haya democracia y que represente el mejor, mujer u hombre. Dif\u00edcilmente el pueblo se equivoca, [&hellip;]<\/p>\n","protected":false},"author":1,"featured_media":16194,"comment_status":"open","ping_status":"open","sticky":false,"template":"","format":"standard","meta":{"site-sidebar-layout":"default","site-content-layout":"","ast-site-content-layout":"default","site-content-style":"default","site-sidebar-style":"default","ast-global-header-display":"","ast-banner-title-visibility":"","ast-main-header-display":"","ast-hfb-above-header-display":"","ast-hfb-below-header-display":"","ast-hfb-mobile-header-display":"","site-post-title":"","ast-breadcrumbs-content":"","ast-featured-img":"","footer-sml-layout":"","theme-transparent-header-meta":"","adv-header-id-meta":"","stick-header-meta":"","header-above-stick-meta":"","header-main-stick-meta":"","header-below-stick-meta":"","astra-migrate-meta-layouts":"default","ast-page-background-enabled":"default","ast-page-background-meta":{"desktop":{"background-color":"var(--ast-global-color-4)","background-image":"","background-repeat":"repeat","background-position":"center center","background-size":"auto","background-attachment":"scroll","background-type":"","background-media":"","overlay-type":"","overlay-color":"","overlay-opacity":"","overlay-gradient":""},"tablet":{"background-color":"","background-image":"","background-repeat":"repeat","background-position":"center center","background-size":"auto","background-attachment":"scroll","background-type":"","background-media":"","overlay-type":"","overlay-color":"","overlay-opacity":"","overlay-gradient":""},"mobile":{"background-color":"","background-image":"","background-repeat":"repeat","background-position":"center center","background-size":"auto","background-attachment":"scroll","background-type":"","background-media":"","overlay-type":"","overlay-color":"","overlay-opacity":"","overlay-gradient":""}},"ast-content-background-meta":{"desktop":{"background-color":"var(--ast-global-color-5)","background-image":"","background-repeat":"repeat","background-position":"center center","background-size":"auto","background-attachment":"scroll","background-type":"","background-media":"","overlay-type":"","overlay-color":"","overlay-opacity":"","overlay-gradient":""},"tablet":{"background-color":"var(--ast-global-color-5)","background-image":"","background-repeat":"repeat","background-position":"center center","background-size":"auto","background-attachment":"scroll","background-type":"","background-media":"","overlay-type":"","overlay-color":"","overlay-opacity":"","overlay-gradient":""},"mobile":{"background-color":"var(--ast-global-color-5)","background-image":"","background-repeat":"repeat","background-position":"center center","background-size":"auto","background-attachment":"scroll","background-type":"","background-media":"","overlay-type":"","overlay-color":"","overlay-opacity":"","overlay-gradient":""}},"footnotes":""},"categories":[8],"tags":[5486,247],"class_list":["post-16188","post","type-post","status-publish","format-standard","has-post-thumbnail","hentry","category-noticias","tag-elecciones-2024","tag-morena"],"_links":{"self":[{"href":"https:\/\/losperiodistas.com.mx\/portal\/wp-json\/wp\/v2\/posts\/16188","targetHints":{"allow":["GET"]}}],"collection":[{"href":"https:\/\/losperiodistas.com.mx\/portal\/wp-json\/wp\/v2\/posts"}],"about":[{"href":"https:\/\/losperiodistas.com.mx\/portal\/wp-json\/wp\/v2\/types\/post"}],"author":[{"embeddable":true,"href":"https:\/\/losperiodistas.com.mx\/portal\/wp-json\/wp\/v2\/users\/1"}],"replies":[{"embeddable":true,"href":"https:\/\/losperiodistas.com.mx\/portal\/wp-json\/wp\/v2\/comments?post=16188"}],"version-history":[{"count":1,"href":"https:\/\/losperiodistas.com.mx\/portal\/wp-json\/wp\/v2\/posts\/16188\/revisions"}],"predecessor-version":[{"id":16195,"href":"https:\/\/losperiodistas.com.mx\/portal\/wp-json\/wp\/v2\/posts\/16188\/revisions\/16195"}],"wp:featuredmedia":[{"embeddable":true,"href":"https:\/\/losperiodistas.com.mx\/portal\/wp-json\/wp\/v2\/media\/16194"}],"wp:attachment":[{"href":"https:\/\/losperiodistas.com.mx\/portal\/wp-json\/wp\/v2\/media?parent=16188"}],"wp:term":[{"taxonomy":"category","embeddable":true,"href":"https:\/\/losperiodistas.com.mx\/portal\/wp-json\/wp\/v2\/categories?post=16188"},{"taxonomy":"post_tag","embeddable":true,"href":"https:\/\/losperiodistas.com.mx\/portal\/wp-json\/wp\/v2\/tags?post=16188"}],"curies":[{"name":"wp","href":"https:\/\/api.w.org\/{rel}","templated":true}]}}