{"id":16185,"date":"2021-11-22T05:26:50","date_gmt":"2021-11-22T11:26:50","guid":{"rendered":"http:\/\/losperiodistas.com.mx\/portal\/?p=16185"},"modified":"2021-11-22T05:26:50","modified_gmt":"2021-11-22T11:26:50","slug":"efemerides-del-22-de-noviembre-que-paso-un-dia-como-hoy-adn-40","status":"publish","type":"post","link":"https:\/\/losperiodistas.com.mx\/portal\/efemerides-del-22-de-noviembre-que-paso-un-dia-como-hoy-adn-40\/","title":{"rendered":"Efem\u00e9rides del 22 de noviembre: Qu\u00e9 pas\u00f3 un d\u00eda como hoy | ADN 40"},"content":{"rendered":"\n<p style=\"font-size:18px\"><em>El 22 de noviembre se celebra el D\u00eda Internacional del M\u00fasico. Conoce las efem\u00e9rides de este d\u00eda.<\/em><\/p>\n\n\n\n<p><\/p>\n\n\n\n<figure class=\"wp-block-image size-large\"><img fetchpriority=\"high\" decoding=\"async\" width=\"968\" height=\"507\" src=\"https:\/\/losperiodistas.com.mx\/portal\/wp-content\/uploads\/2021\/11\/efem-nov-22.jpeg\" alt=\"\" class=\"wp-image-16186\" srcset=\"https:\/\/losperiodistas.com.mx\/portal\/wp-content\/uploads\/2021\/11\/efem-nov-22.jpeg 968w, https:\/\/losperiodistas.com.mx\/portal\/wp-content\/uploads\/2021\/11\/efem-nov-22-300x157.jpeg 300w, https:\/\/losperiodistas.com.mx\/portal\/wp-content\/uploads\/2021\/11\/efem-nov-22-768x402.jpeg 768w\" sizes=\"(max-width: 968px) 100vw, 968px\" \/><\/figure>\n\n\n\n<p><\/p>\n\n\n\n<p class=\"has-vivid-cyan-blue-color has-text-color has-medium-font-size\">ADN 40<\/p>\n\n\n\n<p>\u00bfSabes qu\u00e9 pas\u00f3 un d\u00eda como hoy? Conoce los principales hechos hist\u00f3ricos y los fen\u00f3menos naturales que marcaron las&nbsp;<strong>efem\u00e9rides&nbsp;<\/strong>de este&nbsp;<strong>22 de noviembre<\/strong>.<\/p>\n\n\n\n<p>En esta fecha se celebra el D\u00eda Internacional del M\u00fasico o el D\u00eda de la M\u00fasica, la cual es dedicada a todas las personas que practican este arte y a todos los amantes de la m\u00fasica en general.<\/p>\n\n\n\n<p>Esta efem\u00e9ride tiene como antecedente la muerte de Santa Cecilia, patrona de los m\u00fasicos, quien fuera retratada en el siglo XV por los artistas de la \u00e9poca tocando el arpa u otros instrumentos musicales.<\/p>\n\n\n\n<p>En este d\u00eda se exhorta a las personas a felicitar a sus amigos y familiares m\u00fasicos, por su dedicaci\u00f3n que emplean para crear melod\u00edas y expresar sus sentimientos a trav\u00e9s del sonido.<\/p>\n\n\n\n<h2 class=\"wp-block-heading\">Qu\u00e9 se conmemora cada 22 de noviembre<\/h2>\n\n\n\n<p>1824: Costa Rica, Guatemala, Honduras, Nicaragua y El Salvador promulgan la Constituci\u00f3n que une a los cinco pa\u00edses en la Rep\u00fablica Federal de Centroam\u00e9rica.<\/p>\n\n\n\n<p><br>1873: se hunde el transatl\u00e1ntico franc\u00e9s Ville du Havre en su traves\u00eda hacia Nueva York y mueren 226 personas.<\/p>\n\n\n\n<p>1922: en Italia, el Parlamento le da plenos poderes a Benito Mussolini, el primer ministro del nuevo Gobierno de coalici\u00f3n.<\/p>\n\n\n\n<p>1934: en Espa\u00f1a, el ingeniero y piloto Ram\u00f3n Torres comienza su vuelo a \u00c1frica. Ser\u00e1 el primer aviador espa\u00f1ol que cruzar\u00e1 el Desierto del Sahara.<\/p>\n\n\n\n<p>1943: L\u00edbano se independiza del Imperio franc\u00e9s.<\/p>\n\n\n\n<p><br>1963: en Dallas (Texas) es asesinado John Fitzgerald Kennedy, 35.\u00ba presidente de los Estados Unidos. Le sucede el vicepresidente Lyndon B. Johnson.<\/p>\n\n\n\n<p>1963: La banda brit\u00e1nica The Beatles saca a la venta su segundo disco, llamado With the Beatles.<\/p>\n\n\n\n<p>1968: La banda brit\u00e1nica The Beatles saca a la venta su disco hom\u00f3nimo, The Beatles.<\/p>\n\n\n\n<p>1990: Se da el debut del luchador profesional The Undertaker en WWE, en el evento Survivor Series.<\/p>\n\n\n\n<p>2000: en Per\u00fa, Valent\u00edn Paniagua Corazao se convierte en presidente de transici\u00f3n, tras la renuncia de Alberto Fujimoridesde Jap\u00f3n.<\/p>\n\n\n\n<p>2004: en Ucrania, multitudinarias protestas en contra del fraude electoral propiciado por el gobierno desembocan en la Revoluci\u00f3n Naranja dirigida por los proccidentales V\u00edktor Yushchenko y Yulia Timoshenko.<\/p>\n\n\n\n<p>2010: en Phnom Penh (Camboya) una \u00abavalancha humana\u00bb provoca m\u00e1s de 330 fallecidos durante la Fiesta del Agua.<\/p>\n\n\n\n<p>2019: en Colombia m\u00e1s exactos en la capital Bogot\u00e1 se produce un Toque de queda en tres localidades desde las 08:00 p.m. a 6:00 a.m.del 23 de noviembre y en toda la capital desde las 09:00 p.m. a 06:00 a.m. del mismo 23 de noviembre, medida que no se prolongaba desde 1977, se vuelve a producir despu\u00e9s de 42 a\u00f1os respecto a actos vand\u00e1licos en la ciudad aludiendo a un paro nacional que se vivi\u00f3 en el pa\u00eds.<\/p>\n\n\n\n<h2 class=\"wp-block-heading\">Efem\u00e9rides de M\u00e9xico<\/h2>\n\n\n\n<p>De acuerdo con la Secretar\u00eda de Educaci\u00f3n P\u00fablica (SEP) estas son algunas de las&nbsp;<strong>efem\u00e9rides<\/strong>&nbsp;de M\u00e9xico de cada&nbsp;<strong>22 de noviembre<\/strong>:<\/p>\n\n\n\n<p>1896: Muere en Madrid Vicente Riva Palacio, prominente patriota liberal, abogado, periodista, poeta, dramaturgo e historiador.<\/p>\n\n\n\n<p>1994: Se inaugura el Centro Nacional de las Artes, recinto dedicado a la educaci\u00f3n e investigaci\u00f3n art\u00edstica.<\/p>\n\n\n\n<p>Fuente: https:\/\/www.adn40.mx\/mexico\/efemerides-22-de-noviembre-me-especial<\/p>\n","protected":false},"excerpt":{"rendered":"<p>El 22 de noviembre se celebra el D\u00eda Internacional del M\u00fasico. Conoce las efem\u00e9rides de este d\u00eda. ADN 40 \u00bfSabes [&hellip;]<\/p>\n","protected":false},"author":1,"featured_media":16186,"comment_status":"open","ping_status":"open","sticky":false,"template":"","format":"standard","meta":{"site-sidebar-layout":"default","site-content-layout":"","ast-site-content-layout":"default","site-content-style":"default","site-sidebar-style":"default","ast-global-header-display":"","ast-banner-title-visibility":"","ast-main-header-display":"","ast-hfb-above-header-display":"","ast-hfb-below-header-display":"","ast-hfb-mobile-header-display":"","site-post-title":"","ast-breadcrumbs-content":"","ast-featured-img":"","footer-sml-layout":"","theme-transparent-header-meta":"","adv-header-id-meta":"","stick-header-meta":"","header-above-stick-meta":"","header-main-stick-meta":"","header-below-stick-meta":"","astra-migrate-meta-layouts":"default","ast-page-background-enabled":"default","ast-page-background-meta":{"desktop":{"background-color":"var(--ast-global-color-4)","background-image":"","background-repeat":"repeat","background-position":"center center","background-size":"auto","background-attachment":"scroll","background-type":"","background-media":"","overlay-type":"","overlay-color":"","overlay-opacity":"","overlay-gradient":""},"tablet":{"background-color":"","background-image":"","background-repeat":"repeat","background-position":"center center","background-size":"auto","background-attachment":"scroll","background-type":"","background-media":"","overlay-type":"","overlay-color":"","overlay-opacity":"","overlay-gradient":""},"mobile":{"background-color":"","background-image":"","background-repeat":"repeat","background-position":"center center","background-size":"auto","background-attachment":"scroll","background-type":"","background-media":"","overlay-type":"","overlay-color":"","overlay-opacity":"","overlay-gradient":""}},"ast-content-background-meta":{"desktop":{"background-color":"var(--ast-global-color-5)","background-image":"","background-repeat":"repeat","background-position":"center center","background-size":"auto","background-attachment":"scroll","background-type":"","background-media":"","overlay-type":"","overlay-color":"","overlay-opacity":"","overlay-gradient":""},"tablet":{"background-color":"var(--ast-global-color-5)","background-image":"","background-repeat":"repeat","background-position":"center center","background-size":"auto","background-attachment":"scroll","background-type":"","background-media":"","overlay-type":"","overlay-color":"","overlay-opacity":"","overlay-gradient":""},"mobile":{"background-color":"var(--ast-global-color-5)","background-image":"","background-repeat":"repeat","background-position":"center center","background-size":"auto","background-attachment":"scroll","background-type":"","background-media":"","overlay-type":"","overlay-color":"","overlay-opacity":"","overlay-gradient":""}},"footnotes":""},"categories":[8],"tags":[5485],"class_list":["post-16185","post","type-post","status-publish","format-standard","has-post-thumbnail","hentry","category-noticias","tag-dia-del-musico"],"_links":{"self":[{"href":"https:\/\/losperiodistas.com.mx\/portal\/wp-json\/wp\/v2\/posts\/16185","targetHints":{"allow":["GET"]}}],"collection":[{"href":"https:\/\/losperiodistas.com.mx\/portal\/wp-json\/wp\/v2\/posts"}],"about":[{"href":"https:\/\/losperiodistas.com.mx\/portal\/wp-json\/wp\/v2\/types\/post"}],"author":[{"embeddable":true,"href":"https:\/\/losperiodistas.com.mx\/portal\/wp-json\/wp\/v2\/users\/1"}],"replies":[{"embeddable":true,"href":"https:\/\/losperiodistas.com.mx\/portal\/wp-json\/wp\/v2\/comments?post=16185"}],"version-history":[{"count":1,"href":"https:\/\/losperiodistas.com.mx\/portal\/wp-json\/wp\/v2\/posts\/16185\/revisions"}],"predecessor-version":[{"id":16187,"href":"https:\/\/losperiodistas.com.mx\/portal\/wp-json\/wp\/v2\/posts\/16185\/revisions\/16187"}],"wp:featuredmedia":[{"embeddable":true,"href":"https:\/\/losperiodistas.com.mx\/portal\/wp-json\/wp\/v2\/media\/16186"}],"wp:attachment":[{"href":"https:\/\/losperiodistas.com.mx\/portal\/wp-json\/wp\/v2\/media?parent=16185"}],"wp:term":[{"taxonomy":"category","embeddable":true,"href":"https:\/\/losperiodistas.com.mx\/portal\/wp-json\/wp\/v2\/categories?post=16185"},{"taxonomy":"post_tag","embeddable":true,"href":"https:\/\/losperiodistas.com.mx\/portal\/wp-json\/wp\/v2\/tags?post=16185"}],"curies":[{"name":"wp","href":"https:\/\/api.w.org\/{rel}","templated":true}]}}