{"id":1585,"date":"2020-11-27T05:57:07","date_gmt":"2020-11-27T11:57:07","guid":{"rendered":"http:\/\/losperiodistas.com.mx\/portal\/?p=1585"},"modified":"2020-11-27T05:57:07","modified_gmt":"2020-11-27T11:57:07","slug":"mexico-rebaso-a-brasil-y-a-otros-dos-paises-en-el-numero-de-casos-por-cada-millon-de-habitantes","status":"publish","type":"post","link":"https:\/\/losperiodistas.com.mx\/portal\/mexico-rebaso-a-brasil-y-a-otros-dos-paises-en-el-numero-de-casos-por-cada-millon-de-habitantes\/","title":{"rendered":"M\u00e9xico rebas\u00f3 a Brasil y a otros dos pa\u00edses en el n\u00famero de casos por cada mill\u00f3n de habitantes"},"content":{"rendered":"\n<p style=\"font-size:18px\"><em>El pa\u00eds contabiliza actualmente 826 muertes por cada mill\u00f3n de habitantes<\/em><\/p>\n\n\n\n<p class=\"has-vivid-cyan-blue-color has-text-color has-medium-font-size\">INFOBAE<\/p>\n\n\n\n<p>M\u00e9xico se encuentra entre los pa\u00edses donde el coronavirus ha golpeado con mayor fuerza. Actualmente, el pa\u00eds ha logrado rebasar a tres naciones en la cantidad de muertes por coronavirus por cada mill\u00f3n de habitantes.<\/p>\n\n\n\n<p>Hasta los primeros d\u00edas de octubre, M\u00e9xico se encontraba en la posici\u00f3n 10 de la lista de pa\u00edses con m\u00e1s fallecimientos en este rubro.<strong>&nbsp;El listado contempla a 20 pises de los que M\u00e9xico sobrepas\u00f3 a Bolivia, Brasil y Ecuador<\/strong>, de acuerdo con&nbsp;<em>El Universal.<\/em><\/p>\n\n\n\n<p>M\u00e9xico contabiliza actualmente 826 muertes por cada mill\u00f3n de habitantes, mientras que<strong>\u00a0Brasil registr\u00f3 818; Bolivia, 809 v\u00edctimas y Ecuador, 781<\/strong>. Estas cifras fueron reportadas por las dependencia de Salud de cada uno de los pa\u00edses.<\/p>\n\n\n\n<p>M\u00e9xico se ha visto envuelto en pol\u00e9micas por el subconteo de muertes de coronavirus, pero incluso con las cifras oficiales, el panorama de mortalidad en el pa\u00eds no es favorables.<img fetchpriority=\"high\" decoding=\"async\" alt=\"El matem\u00e1tico Ra\u00fal Rojas realiz\u00f3 un an\u00e1lisis del exceso de mortalidad que present\u00f3 el pa\u00eds y estim\u00f3 que para finales del 2020 se registrar\u00edan 2,800 casos. (Foto: EFE\/Miguel Sierra)\n\" height=\"1987\" src=\"https:\/\/www.infobae.com\/new-resizer\/KU6cIQ8nTIVec_Judk37Ewr7DAA=\/420x280\/filters:format(jpg):quality(85)\/\/cloudfront-us-east-1.images.arcpublishing.com\/infobae\/AL6LGFJER5DAPBJMAPN4PTHSDA.jpg\" width=\"3000\">El matem\u00e1tico Ra\u00fal Rojas realiz\u00f3 un an\u00e1lisis del exceso de mortalidad que present\u00f3 el pa\u00eds y estim\u00f3 que para finales del 2020 se registrar\u00edan 2,800 casos. (Foto: EFE\/Miguel Sierra)<\/p>\n\n\n\n<p>Sobre ello&nbsp;<em>Bloomberg News&nbsp;<\/em>posicion\u00f3 al pa\u00eds como \u201cel peor lugar para vivir la pandemia\u201d en el mundo por medio del art\u00edculo titulado \u201cRanking de Resiliencia\u201d.<\/p>\n\n\n\n<p>En este fueron analizadas las&nbsp;<strong>53 econom\u00edas m\u00e1s grandes del mundo<\/strong>&nbsp;y las medidas que cada una ha tomado para enfrentar la pandemia de manera efectiva.<\/p>\n\n\n\n<p>Este ranking contempla el&nbsp;<strong>incremento de los contagios, la tasa de mortalidad, la capacidad de distribuci\u00f3n de pruebas, el sistema local de atenci\u00f3n de salud y el impacto de las restricciones relacionadas con el virus<\/strong>, tales como los bloqueos econ\u00f3micos y la movilidad de los ciudadanos.<\/p>\n\n\n\n<p>El lugar 53, es decir,&nbsp;<strong>la peor posici\u00f3n, se la otorg\u00f3 a M\u00e9xico,&nbsp;<\/strong>pues&nbsp;<strong>de 12 rubros, nueve&nbsp;<\/strong>se encuentran en color naranja, lo que quiere decir que el medio posicion\u00f3 al pa\u00eds como&nbsp;<strong>el peor lugar para vivir en la era del coronavirus.<\/strong><\/p>\n\n\n\n<p>Por otro lado, en cuanto al tema del subconteo de muertes el matem\u00e1tico Ra\u00fal Rojas realiz\u00f3 un an\u00e1lisis del exceso de mortalidad que present\u00f3 el pa\u00eds y estim\u00f3 que para finales del 2020 se registrar\u00edan 2,800 casos.<\/p>\n\n\n\n<p>El exceso de mortalidad hace referencia a<strong>&nbsp;la diferencia que existe en el n\u00famero de actas de defunci\u00f3n registradas en comparaci\u00f3n con a\u00f1os anteriores.&nbsp;<\/strong>Por la pandemia, en M\u00e9xico se han registrado&nbsp;<strong>193,170 actas<\/strong>de defunci\u00f3n extras&nbsp;<strong>hasta finales de octubre.<\/strong><\/p>\n\n\n\n<p>Los decesos por coronavirus en M\u00e9xico ser\u00edan<strong>&nbsp;2.5 veces m\u00e1s que los reportados por la SSa&nbsp;<\/strong>porque esta no considera dentro de las cifras oficiales a los difuntos que sin una prueba diagn\u00f3stica.<img decoding=\"async\" alt=\"Hasta ahora, se acumulan 1,078,594 casos positivos y 104,242 fallecimientos causados por la enfermedad de coronavirus en M\u00e9xico. (Foto: Reuters\/Henry Romero\" height=\"533\" src=\"https:\/\/www.infobae.com\/new-resizer\/VbXHup8ZalpVLfKUcxy8uZ0m87w=\/420x280\/filters:format(jpg):quality(85)\/\/cloudfront-us-east-1.images.arcpublishing.com\/infobae\/6VBQV3EP4WV64HKWWETLQTO5F4.jpg\" width=\"800\">Hasta ahora, se acumulan 1,078,594 casos positivos y 104,242 fallecimientos causados por la enfermedad de coronavirus en M\u00e9xico. (Foto: Reuters\/Henry Romero<\/p>\n\n\n\n<p>Se\u00f1al\u00f3 que<strong>&nbsp;as\u00ed como hubo revuelo cuando las cifras oficiales llegaron a los 100,00 muertos confirmados de coronavirus, tambi\u00e9n tendr\u00eda que haber existido en el momento que el exceso de mortalidad<\/strong>&nbsp;supero esa cantidad de v\u00edctimas. \u201cLos dos mundos paralelos, el de la SSa y la realidad, evolucionan por separado\u201d, escribi\u00f3.<\/p>\n\n\n\n<p>Hasta ahora, se acumulan&nbsp;<strong>1,078,594<\/strong>&nbsp;<strong>casos positivos<\/strong>&nbsp;y<strong>&nbsp;104,242 fallecimientos<\/strong>&nbsp;causados por la enfermedad de coronavirus en M\u00e9xico. Asimismo, hay<strong>&nbsp;73,567 casos sospechosos<\/strong>&nbsp;con posibilidad de resultado, 1,303,494<strong>&nbsp;<\/strong>negativos y un total de 2,798,399 personas estudiadas desde el primer caso registrado en el pa\u00eds.<\/p>\n\n\n\n<p>Del 23 de noviembre al 6 de diciembre, se encontrar\u00e1 vigente el\u00a0<strong>sem\u00e1foro de riesgo epid\u00e9mico que establece<\/strong>\u00a0que\u00a0<strong>Chihuahua<\/strong>\u00a0y\u00a0<strong>Durango<\/strong>contin\u00faan en<strong>\u00a0color rojo<\/strong>\u00a0(m\u00e1xima alerta de contagio),\u00a0<strong>14 entidades en color naranja\u00a0<\/strong>(alto riesgo de contagio),\u00a0<strong>14 en amarillo<\/strong>\u00a0(riesgo medio de contagio) y\u00a0<strong>dos en verde<\/strong>\u00a0(riesgo m\u00ednimo de contagio).<\/p>\n\n\n\n<p>Fuente: https:\/\/www.infobae.com\/america\/mexico\/2020\/11\/27\/mexico-rebaso-a-brasil-y-a-otros-dos-paises-en-el-numero-de-casos-por-cada-millon-de-habitantes\/<\/p>\n","protected":false},"excerpt":{"rendered":"<p>El pa\u00eds contabiliza actualmente 826 muertes por cada mill\u00f3n de habitantes INFOBAE M\u00e9xico se encuentra entre los pa\u00edses donde el [&hellip;]<\/p>\n","protected":false},"author":1,"featured_media":1586,"comment_status":"open","ping_status":"open","sticky":false,"template":"","format":"standard","meta":{"site-sidebar-layout":"default","site-content-layout":"","ast-site-content-layout":"default","site-content-style":"default","site-sidebar-style":"default","ast-global-header-display":"","ast-banner-title-visibility":"","ast-main-header-display":"","ast-hfb-above-header-display":"","ast-hfb-below-header-display":"","ast-hfb-mobile-header-display":"","site-post-title":"","ast-breadcrumbs-content":"","ast-featured-img":"","footer-sml-layout":"","theme-transparent-header-meta":"","adv-header-id-meta":"","stick-header-meta":"","header-above-stick-meta":"","header-main-stick-meta":"","header-below-stick-meta":"","astra-migrate-meta-layouts":"default","ast-page-background-enabled":"default","ast-page-background-meta":{"desktop":{"background-color":"var(--ast-global-color-4)","background-image":"","background-repeat":"repeat","background-position":"center center","background-size":"auto","background-attachment":"scroll","background-type":"","background-media":"","overlay-type":"","overlay-color":"","overlay-opacity":"","overlay-gradient":""},"tablet":{"background-color":"","background-image":"","background-repeat":"repeat","background-position":"center center","background-size":"auto","background-attachment":"scroll","background-type":"","background-media":"","overlay-type":"","overlay-color":"","overlay-opacity":"","overlay-gradient":""},"mobile":{"background-color":"","background-image":"","background-repeat":"repeat","background-position":"center center","background-size":"auto","background-attachment":"scroll","background-type":"","background-media":"","overlay-type":"","overlay-color":"","overlay-opacity":"","overlay-gradient":""}},"ast-content-background-meta":{"desktop":{"background-color":"var(--ast-global-color-5)","background-image":"","background-repeat":"repeat","background-position":"center center","background-size":"auto","background-attachment":"scroll","background-type":"","background-media":"","overlay-type":"","overlay-color":"","overlay-opacity":"","overlay-gradient":""},"tablet":{"background-color":"var(--ast-global-color-5)","background-image":"","background-repeat":"repeat","background-position":"center center","background-size":"auto","background-attachment":"scroll","background-type":"","background-media":"","overlay-type":"","overlay-color":"","overlay-opacity":"","overlay-gradient":""},"mobile":{"background-color":"var(--ast-global-color-5)","background-image":"","background-repeat":"repeat","background-position":"center center","background-size":"auto","background-attachment":"scroll","background-type":"","background-media":"","overlay-type":"","overlay-color":"","overlay-opacity":"","overlay-gradient":""}},"footnotes":""},"categories":[8],"tags":[],"class_list":["post-1585","post","type-post","status-publish","format-standard","has-post-thumbnail","hentry","category-noticias"],"_links":{"self":[{"href":"https:\/\/losperiodistas.com.mx\/portal\/wp-json\/wp\/v2\/posts\/1585","targetHints":{"allow":["GET"]}}],"collection":[{"href":"https:\/\/losperiodistas.com.mx\/portal\/wp-json\/wp\/v2\/posts"}],"about":[{"href":"https:\/\/losperiodistas.com.mx\/portal\/wp-json\/wp\/v2\/types\/post"}],"author":[{"embeddable":true,"href":"https:\/\/losperiodistas.com.mx\/portal\/wp-json\/wp\/v2\/users\/1"}],"replies":[{"embeddable":true,"href":"https:\/\/losperiodistas.com.mx\/portal\/wp-json\/wp\/v2\/comments?post=1585"}],"version-history":[{"count":1,"href":"https:\/\/losperiodistas.com.mx\/portal\/wp-json\/wp\/v2\/posts\/1585\/revisions"}],"predecessor-version":[{"id":1587,"href":"https:\/\/losperiodistas.com.mx\/portal\/wp-json\/wp\/v2\/posts\/1585\/revisions\/1587"}],"wp:featuredmedia":[{"embeddable":true,"href":"https:\/\/losperiodistas.com.mx\/portal\/wp-json\/wp\/v2\/media\/1586"}],"wp:attachment":[{"href":"https:\/\/losperiodistas.com.mx\/portal\/wp-json\/wp\/v2\/media?parent=1585"}],"wp:term":[{"taxonomy":"category","embeddable":true,"href":"https:\/\/losperiodistas.com.mx\/portal\/wp-json\/wp\/v2\/categories?post=1585"},{"taxonomy":"post_tag","embeddable":true,"href":"https:\/\/losperiodistas.com.mx\/portal\/wp-json\/wp\/v2\/tags?post=1585"}],"curies":[{"name":"wp","href":"https:\/\/api.w.org\/{rel}","templated":true}]}}