{"id":1581,"date":"2020-11-27T05:44:05","date_gmt":"2020-11-27T11:44:05","guid":{"rendered":"http:\/\/losperiodistas.com.mx\/portal\/?p=1581"},"modified":"2020-11-27T05:44:05","modified_gmt":"2020-11-27T11:44:05","slug":"algunos-pacientes-de-covid-19-empiezan-a-perder-los-dientes-tras-recuperarse-de-la-enfermedad","status":"publish","type":"post","link":"https:\/\/losperiodistas.com.mx\/portal\/algunos-pacientes-de-covid-19-empiezan-a-perder-los-dientes-tras-recuperarse-de-la-enfermedad\/","title":{"rendered":"Algunos pacientes de covid-19 empiezan a perder los dientes tras recuperarse de la enfermedad"},"content":{"rendered":"\n<p style=\"font-size:18px\"><em>Los expertos analizan si estos s\u00edntomas responden a las consecuencias que experimentan las personas que sufren &#8216;covid-19 prolongado&#8217;.<\/em><\/p>\n\n\n\n<p class=\"has-vivid-cyan-blue-color has-text-color has-medium-font-size\">RT<\/p>\n\n\n\n<p>Varios pacientes de covid-19 han reportado&nbsp;<strong>problemas dentales<\/strong>&nbsp;tras recuperarse de la enfermedad. Entre los m\u00e1s comunes, se ha mencionado la p\u00e9rdida de dientes, cambios de color en los mismos y enc\u00edas m\u00e1s sensibles,&nbsp;<a href=\"https:\/\/www.nytimes.com\/2020\/11\/26\/health\/covid-teeth-falling-out.html?searchResultPosition=1\" target=\"_blank\" rel=\"noreferrer noopener\">informa<\/a>&nbsp;The New York Times.<\/p>\n\n\n\n<p>Quienes han experimentado la ca\u00edda de dientes aseguran que sucede sin sangre y sin dolor. Mientras, otras personas \u00fanicamente han informado sobre un aumento de la sensibilidad en sus enc\u00edas o que sus dientes&nbsp;<strong>se est\u00e1n volviendo grises<\/strong>&nbsp;o astillados.<\/p>\n\n\n\n<p>Los expertos analizan si estos s\u00edntomas responden a las consecuencias que padecen los individuos que sufren&nbsp;<a href=\"https:\/\/actualidad.rt.com\/actualidad\/373006-maestra-britanica-coronavirus-ocho-meses\" target=\"_blank\" rel=\"noreferrer noopener\">&#8216;covid-19 prolongado&#8217;<\/a>. Sin embargo, sugieren que las personas que actualmente tienen problemas dentales pueden verlos&nbsp;<strong>agravados<\/strong>&nbsp;en caso de contraer el nuevo coronavirus.<\/p>\n\n\n\n<p>Entre los casos que cita el diario estadounidense, se encuentra el de Farah Khemili, de 43 a\u00f1os, que perdi\u00f3 un diente mientras com\u00eda una menta. Ante la sorpresa, la mujer&nbsp;acudi\u00f3 a un grupo en l\u00ednea de personas que a\u00fan manifiestan malestares relacionados con la enfermedad y se encontr\u00f3 con pacientes que tambi\u00e9n hab\u00edan perdido alguna pieza dental.<\/p>\n\n\n\n<h3 class=\"wp-block-heading\">\u00abExtremadamente raro\u00bb<\/h3>\n\n\n\n<p>Sin embargo, algunos dentistas consideran que no hay los datos suficientes para afirmar que el covid-19 por s\u00ed solo pueda provocar problemas dentales. \u00abEs extremadamente raro que los dientes se caigan literalmente de sus alv\u00e9olos\u00bb, aclar\u00f3 David Okano, periodoncista de la Universidad de Utah.<\/p>\n\n\n\n<p>Si bien Khemili ten\u00eda una p\u00e9rdida \u00f3sea significativa por fumar y un historial de problemas dentales antes de contraer el coronavirus, tambi\u00e9n se conoci\u00f3 el caso de&nbsp;<strong>un ni\u00f1o de 12 a\u00f1os<\/strong>&nbsp;que hab\u00eda perdido uno de sus dientes permanentes sin ning\u00fan motivo aparente tras padecer covid-19.<\/p>\n\n\n\n<figure class=\"wp-block-image\"><img decoding=\"async\" src=\"https:\/\/cdni.rt.com\/actualidad\/public_images\/2020.11\/thumbnail\/5fa024df59bf5b2bdb58996c.JPG\" alt=\"C\u00f3mo afecta el covid-19 a largo plazo: qu\u00e9 se sabe hasta ahora\"\/><\/figure>\n\n\n\n<p><a href=\"https:\/\/actualidad.rt.com\/actualidad\/371899-como-afecta-covid-19-largo-plazo-saber\">C\u00f3mo afecta el covid-19 a largo plazo: qu\u00e9 se sabe hasta ahora<\/a><\/p>\n\n\n\n<p>\u00abAhora estamos comenzando a examinar algunos&nbsp;<strong>s\u00edntomas desconcertantes<\/strong>&nbsp;y, a veces, incapacitantes que los pacientes sufren meses despu\u00e9s de haberse recuperado del covid-19&#8243;, incluyendo los problemas dentales, explic\u00f3 el m\u00e9dico William W. Li, director de Angiogenesis Foundation, una organizaci\u00f3n que estudia la salud de los vasos sangu\u00edneos.<\/p>\n\n\n\n<p>Seg\u00fan Li, la ca\u00edda de los dientes sin sangre es inusual y podr\u00eda ser una pista de que\u00a0<strong>algo sucede con los vasos sangu\u00edneos<\/strong>\u00a0de las enc\u00edas, cuyo da\u00f1o pudo ser provocado por el virus. En este sentido, el doctor considera que los pacientes pueden estar aportando \u00abnuevos hallazgos\u00bb que deben ser investigados.<\/p>\n\n\n\n<p>Fuente: https:\/\/actualidad.rt.com\/actualidad\/374953-perdida-dientes-cambios-color-encias-pacientes-problemas-covid<\/p>\n\n\n\n<p><\/p>\n","protected":false},"excerpt":{"rendered":"<p>Los expertos analizan si estos s\u00edntomas responden a las consecuencias que experimentan las personas que sufren &#8216;covid-19 prolongado&#8217;. RT Varios [&hellip;]<\/p>\n","protected":false},"author":1,"featured_media":1582,"comment_status":"open","ping_status":"open","sticky":false,"template":"","format":"standard","meta":{"site-sidebar-layout":"default","site-content-layout":"","ast-site-content-layout":"default","site-content-style":"default","site-sidebar-style":"default","ast-global-header-display":"","ast-banner-title-visibility":"","ast-main-header-display":"","ast-hfb-above-header-display":"","ast-hfb-below-header-display":"","ast-hfb-mobile-header-display":"","site-post-title":"","ast-breadcrumbs-content":"","ast-featured-img":"","footer-sml-layout":"","theme-transparent-header-meta":"","adv-header-id-meta":"","stick-header-meta":"","header-above-stick-meta":"","header-main-stick-meta":"","header-below-stick-meta":"","astra-migrate-meta-layouts":"default","ast-page-background-enabled":"default","ast-page-background-meta":{"desktop":{"background-color":"var(--ast-global-color-4)","background-image":"","background-repeat":"repeat","background-position":"center center","background-size":"auto","background-attachment":"scroll","background-type":"","background-media":"","overlay-type":"","overlay-color":"","overlay-opacity":"","overlay-gradient":""},"tablet":{"background-color":"","background-image":"","background-repeat":"repeat","background-position":"center center","background-size":"auto","background-attachment":"scroll","background-type":"","background-media":"","overlay-type":"","overlay-color":"","overlay-opacity":"","overlay-gradient":""},"mobile":{"background-color":"","background-image":"","background-repeat":"repeat","background-position":"center center","background-size":"auto","background-attachment":"scroll","background-type":"","background-media":"","overlay-type":"","overlay-color":"","overlay-opacity":"","overlay-gradient":""}},"ast-content-background-meta":{"desktop":{"background-color":"var(--ast-global-color-5)","background-image":"","background-repeat":"repeat","background-position":"center center","background-size":"auto","background-attachment":"scroll","background-type":"","background-media":"","overlay-type":"","overlay-color":"","overlay-opacity":"","overlay-gradient":""},"tablet":{"background-color":"var(--ast-global-color-5)","background-image":"","background-repeat":"repeat","background-position":"center center","background-size":"auto","background-attachment":"scroll","background-type":"","background-media":"","overlay-type":"","overlay-color":"","overlay-opacity":"","overlay-gradient":""},"mobile":{"background-color":"var(--ast-global-color-5)","background-image":"","background-repeat":"repeat","background-position":"center center","background-size":"auto","background-attachment":"scroll","background-type":"","background-media":"","overlay-type":"","overlay-color":"","overlay-opacity":"","overlay-gradient":""}},"footnotes":""},"categories":[8],"tags":[],"class_list":["post-1581","post","type-post","status-publish","format-standard","has-post-thumbnail","hentry","category-noticias"],"_links":{"self":[{"href":"https:\/\/losperiodistas.com.mx\/portal\/wp-json\/wp\/v2\/posts\/1581","targetHints":{"allow":["GET"]}}],"collection":[{"href":"https:\/\/losperiodistas.com.mx\/portal\/wp-json\/wp\/v2\/posts"}],"about":[{"href":"https:\/\/losperiodistas.com.mx\/portal\/wp-json\/wp\/v2\/types\/post"}],"author":[{"embeddable":true,"href":"https:\/\/losperiodistas.com.mx\/portal\/wp-json\/wp\/v2\/users\/1"}],"replies":[{"embeddable":true,"href":"https:\/\/losperiodistas.com.mx\/portal\/wp-json\/wp\/v2\/comments?post=1581"}],"version-history":[{"count":1,"href":"https:\/\/losperiodistas.com.mx\/portal\/wp-json\/wp\/v2\/posts\/1581\/revisions"}],"predecessor-version":[{"id":1583,"href":"https:\/\/losperiodistas.com.mx\/portal\/wp-json\/wp\/v2\/posts\/1581\/revisions\/1583"}],"wp:featuredmedia":[{"embeddable":true,"href":"https:\/\/losperiodistas.com.mx\/portal\/wp-json\/wp\/v2\/media\/1582"}],"wp:attachment":[{"href":"https:\/\/losperiodistas.com.mx\/portal\/wp-json\/wp\/v2\/media?parent=1581"}],"wp:term":[{"taxonomy":"category","embeddable":true,"href":"https:\/\/losperiodistas.com.mx\/portal\/wp-json\/wp\/v2\/categories?post=1581"},{"taxonomy":"post_tag","embeddable":true,"href":"https:\/\/losperiodistas.com.mx\/portal\/wp-json\/wp\/v2\/tags?post=1581"}],"curies":[{"name":"wp","href":"https:\/\/api.w.org\/{rel}","templated":true}]}}